{"id":249409,"date":"2016-07-12T15:40:44","date_gmt":"2016-07-12T15:40:44","guid":{"rendered":"http:\/\/diariodominicano.ddns.net\/?p=249409"},"modified":"2016-07-12T15:40:44","modified_gmt":"2016-07-12T15:40:44","slug":"obama-viaja-a-dallas-para-asistir-al-funeral-de-los-cinco-policias-muertos","status":"publish","type":"post","link":"https:\/\/diariodominicano.com\/?p=249409","title":{"rendered":"Obama viaja a Dallas para asistir al funeral de los cinco polic\u00edas muertos"},"content":{"rendered":"<p><body><\/p>\n<p><img decoding=\"async\" src=\"img3\/a03ccb5731c6c5146dd69addbc997e8ed1c9a96d.jpg\" \/><br \/><img decoding=\"async\" src=\"img3\/8db02e3d791fa48c9e2063404e4869c168a929fc.jpg\" \/><br \/><img decoding=\"async\" src=\"img3\/16072a7170ab228d1fb4186729fdf9461f8238c6.jpg\" \/>  <\/p>\n<\/p>\n<p>AFP \/ Nicholas Kamm<\/p>\n<p>El presidente de EEUU, Barack Obama, y la primera dama, Michelle, se dirigen al helic\u00f3ptero Marine One el 12 de julio de 2016 en la Casa Blanca, en Washington, para dirigirse a los funerales de cinco polic\u00edas en Dallas<\/p>\n<p>El presidente Barack Obama viaja junto a su esposa, Michelle, a Dallas este martes, donde asistir\u00e1n a los funerales de los cinco polic\u00edas muertos a manos de un francotirador, y tratar\u00e1n de unir al pa\u00eds tras una semana de violencia y tensiones raciales.<\/p>\n<p>El discurso de Obama -quien estar\u00e1 acompa\u00f1ado en el funeral interconfesional por el vicepresidente, Joe Biden, y el expresidente George W. Bush- servir\u00e1 como prueba de liderazgo en el ocaso de su presidencia.<\/p>\n<p>Ocho a\u00f1os atr\u00e1s, su carisma y habilidad para inspirar lo llevaron a convertirse en el primer presidente negro de Estados Unidos y generaron la esperanza de que el pa\u00eds superar\u00eda algunas de sus m\u00e1s arraigadas divisiones sociales.<\/p>\n<p>Incluso el s\u00e1bado, mientras el pa\u00eds se recuperaba del ataque del francotirador, Obama (que acort\u00f3 un viaje en Europa para poder llegar a los funerales en Texas) son\u00f3 excesivamente optimista.<\/p>\n<p>\u00abCreo firmemente que Estados Unidos no est\u00e1 tan dividido como algunos han sugerido\u00bb, dijo en una rueda de prensa durante la cumbre de la OTAN en Varsovia.<\/p>\n<p>\u00abHay tristeza, hay rabia, hay confusi\u00f3n&#8230; pero hay unidad\u00bb, dijo.<\/p>\n<p>Estados Unidos est\u00e1 ya muy familiarizado con la violencia armada, pero ahora se encuentra en un nuevo precipicio.<\/p>\n<p>De Charleston a Orlando y Dallas, este a\u00f1o ha habido varias matanzas motivadas por el odio racial o contra las minor\u00edas.<\/p>\n<p>Las masacres provocaron repudio generalizado, pero no as\u00ed un objetivo com\u00fan, ya que el control de armas sigue siendo un asunto esquivo en el Congreso estadounidense.<\/p>\n<p>\u00abEl presidente reconoce que no s\u00f3lo son personas de Dallas las que est\u00e1n afligidas, es gente de todo el pa\u00eds la que est\u00e1 preocupada por la violencia que tantos estadounidenses han presenciado en la \u00faltima semana\u00bb, dijo el lunes Josh Earnest, portavoz de la Casa Blanca. \u00abEl presidente espera ofrecer consuelo ma\u00f1ana\u00bb, a\u00f1adi\u00f3.<\/p>\n<\/p>\n<p>AFP \/ Laura Buckman<\/p>\n<p>Una vigilia organizada el 11 de julio de 2016 en el Ayuntamiento de Dallas (Texas, EEUU) en memoria de los cinco polic\u00edas abatidos por un francotirador <\/p>\n<p>Antes de la ceremonia en el Meyerson Symphony Center, en el centro de la ciudad, el alcalde de Dallas, el dem\u00f3crata Mike Rawlings, llam\u00f3 a no ceder al p\u00e1nico o ante una visi\u00f3n fatalista de la sociedad estadounidense.<\/p>\n<p>\u00abDebemos estar alerta y conservar un sentido real de la urgencia para abordar los problemas de gente con problemas psicol\u00f3gicos, o sobre la presencia policial en las comunidades\u00bb, declar\u00f3 a la cadena CNN. \u00abPero tambi\u00e9n debemos construir un futuro mejor, apartarnos de una visi\u00f3n catastrofista\u00bb, agreg\u00f3.<\/p>\n<p>&#8211; Las vidas negras y azules importan &#8211;<\/p>\n<p>Cada semana parece traer una nueva imagen de un polic\u00eda disparando a un negro estadounidense, im\u00e1genes que se vuelven virales y reavivan problemas raciales y sobre la actuaci\u00f3n policial.<\/p>\n<p>La semana pasada, los pol\u00e9micos casos de disparos de polic\u00edas a dos hombres negros, Alton Sterling en Luisiana y Philando Castile en Minnesota, desataron la ira nacional, con miles de manifestantes tomando las calles de una costa a otra en el pa\u00eds.<\/p>\n<p>Al parecer, tambi\u00e9n desataron el mortal tiroteo en Dallas protagonizado por el joven negro Micah Johnson, mientras la protesta contra la brutalidad policial apenas empezaba.<\/p>\n<p>John, de 25 a\u00f1os, y quien sirvi\u00f3 en Afganist\u00e1n, us\u00f3 un rifle de alto calibre para matar a cinco polic\u00edas y herir a otros nueve en la noche del jueves. Dos civiles tambi\u00e9n resultaron heridos.<\/p>\n<\/p>\n<p>AFP \/ &#8211;<\/p>\n<p>Los peores ataques contra la polic\u00eda en EEUU<\/p>\n<p>El joven dijo a los negociadores de la polic\u00eda, antes de morir, que quer\u00eda matar a polic\u00edas blancos en venganza por las muertes de negros.<\/p>\n<p>No ha sido f\u00e1cil para Obama vincular los problemas raciales irresueltos y la cuesti\u00f3n del control de armas que han emergido tras el tiroteo de Dallas. \u00abNo hay contradicci\u00f3n entre apoyar a las fuerzas del orden (&#8230;) y decir que nuestro sistema de justicia penal tiene problemas, que hay sesgos -algunos conscientes y otros inconscientes- que deben ser erradicadas\u00bb, dijo el mandatario.<\/p>\n<p>\u00abEntonces cuando la gente dice &#8216;las vidas negras importan&#8217;, eso no quiere decir que las vidas azules no importen; quiere decir simplemente que todas las vidas importan\u00bb, se\u00f1al\u00f3.<\/p>\n<p>&#8211; &#8216;Lo har\u00eda de nuevo&#8217; &#8211;<\/p>\n<p>El jefe de la polic\u00eda de Dallas, David Brown, dijo que su departamento examinaba varias horas de v\u00eddeos para reconstruir los episodios del jueves por la noche.<\/p>\n<p>El caos termin\u00f3 cuando la polic\u00eda utiliz\u00f3 un robot bomba para matar a Johnson. Brown defendi\u00f3 el uso del robot, usualmente desplegado para desactivar bombas.<\/p>\n<p>\u00abEsto no era un dilema \u00e9tico para m\u00ed. Lo har\u00eda de nuevo\u00bb, dijo Brown.<\/p>\n<h6> 2016-07-12 15:40:44 <\/h6>\n<p><!--\n<link rel=\"stylesheet\" href=\"css\/bootstrap.min.css\">\n\n\n<ul class=\"pagination\">\n\t    \n\t\n\n<li >\n\t<a href='?page_no=19053'>Previous<\/a>\n\t<\/li>\n\n\n       \n    \n\n<li><a href='?page_no=1'>1<\/a><\/li>\n\n\n\n<li><a href='?page_no=2'>2<\/a><\/li>\n\n\n\n<li><a>...<\/a><\/li>\n\n\n\n<li><a href='?page_no=19052'>19052<\/a><\/li>\n\n\n\n<li><a href='?page_no=19053'>19053<\/a><\/li>\n\n\n\n<li class='active'><a>19054<\/a><\/li>\n\n\n\n<li><a href='?page_no=19055'>19055<\/a><\/li>\n\n\n\n<li><a href='?page_no=19056'>19056<\/a><\/li>\n\n\n\n<li><a>...<\/a><\/li>\n\n\n\n<li><a href='?page_no=51012'>51012<\/a><\/li>\n\n\n\n<li><a href='?page_no=51013'>51013<\/a><\/li>\n\n    \n\t\n\n<li >\n\t<a href='?page_no=19055'>Next<\/a>\n\t<\/li>\n\n\n    \n\n<li><a href='?page_no=51013'>Last &rsaquo;&rsaquo;<\/a><\/li>\n\n<\/ul>\n\n\n--><br \/>\n<\/body><\/p>\n","protected":false},"excerpt":{"rendered":"<p>AFP \/ Nicholas Kamm El presidente de EEUU, Barack Obama, y la primera dama, Michelle, se dirigen al helic\u00f3ptero Marine One el 12 de julio de 2016 en la Casa Blanca, en Washington, para dirigirse a los funerales de cinco polic\u00edas en Dallas El presidente Barack Obama viaja junto a su esposa, Michelle, a Dallas [&hellip;]<\/p>\n","protected":false},"author":3,"featured_media":0,"comment_status":"open","ping_status":"open","sticky":false,"template":"","format":"standard","meta":{"footnotes":""},"categories":[23],"tags":[],"class_list":["post-249409","post","type-post","status-publish","format-standard","hentry","category-internacional"],"_links":{"self":[{"href":"https:\/\/diariodominicano.com\/index.php?rest_route=\/wp\/v2\/posts\/249409","targetHints":{"allow":["GET"]}}],"collection":[{"href":"https:\/\/diariodominicano.com\/index.php?rest_route=\/wp\/v2\/posts"}],"about":[{"href":"https:\/\/diariodominicano.com\/index.php?rest_route=\/wp\/v2\/types\/post"}],"author":[{"embeddable":true,"href":"https:\/\/diariodominicano.com\/index.php?rest_route=\/wp\/v2\/users\/3"}],"replies":[{"embeddable":true,"href":"https:\/\/diariodominicano.com\/index.php?rest_route=%2Fwp%2Fv2%2Fcomments&post=249409"}],"version-history":[{"count":0,"href":"https:\/\/diariodominicano.com\/index.php?rest_route=\/wp\/v2\/posts\/249409\/revisions"}],"wp:attachment":[{"href":"https:\/\/diariodominicano.com\/index.php?rest_route=%2Fwp%2Fv2%2Fmedia&parent=249409"}],"wp:term":[{"taxonomy":"category","embeddable":true,"href":"https:\/\/diariodominicano.com\/index.php?rest_route=%2Fwp%2Fv2%2Fcategories&post=249409"},{"taxonomy":"post_tag","embeddable":true,"href":"https:\/\/diariodominicano.com\/index.php?rest_route=%2Fwp%2Fv2%2Ftags&post=249409"}],"curies":[{"name":"wp","href":"https:\/\/api.w.org\/{rel}","templated":true}]}}