{"id":249408,"date":"2016-07-12T15:49:07","date_gmt":"2016-07-12T15:49:07","guid":{"rendered":"http:\/\/diariodominicano.ddns.net\/?p=249408"},"modified":"2016-07-12T15:49:07","modified_gmt":"2016-07-12T15:49:07","slug":"espana-propone-a-la-ue-subir-impuestos-para-evitar-la-sancion-europea-por-deficit-excesivo","status":"publish","type":"post","link":"https:\/\/diariodominicano.com\/?p=249408","title":{"rendered":"Espa\u00f1a propone a la UE subir impuestos para evitar la sanci\u00f3n europea por d\u00e9ficit excesivo"},"content":{"rendered":"<p><body><\/p>\n<p><img decoding=\"async\" src=\"img3\/df2c100afaadc7d2c5322e8ca1115e1b43b6c063.jpg\" \/>  <\/p>\n<\/p>\n<p>AFP\/Archivos \/ John Thys<\/p>\n<p><strong>Luis de Guindos habla con su hom\u00f3logo franc\u00e9s, Michel Sapin, durante una reuni\u00f3n del Ecofin celebrada el pasado 17 de junio en Luxemburgo<\/strong><\/p>\n<p>El ministro de Econom\u00eda, Luis de Guindos, anunci\u00f3 este martes que el Gobierno propondr\u00e1 una subida del impuesto de sociedades para bajar el d\u00e9ficit en 2017 a menos del 3% del PIB y evitar as\u00ed una sanci\u00f3n europea.<\/p>\n<p>\u00abVamos a proponer una medida sobre el impuesto de sociedades (&#8230;) una medida potente\u00bb que aportar\u00e1 6.000 millones de euros, declar\u00f3 De Guindos en una rueda de prensa en Bruselas retransmitida por televisi\u00f3n, en la que presentaba sus argumentos para evitar una multa de la Uni\u00f3n Europea por superar sus objetivos de d\u00e9ficit p\u00fablico en 2015.<\/p>\n<p>Reunidos en el Consejo de Ministros de Finanzas de la UE, los ministros de la zona euro constataron, como se\u00f1al\u00f3 la Comisi\u00f3n Europea, que Espa\u00f1a y Portugal \u00abno tomaron suficientes acciones efectivas para (&#8230;) corregir sus excesivos d\u00e9ficits\u00bb, indica un comunicado.<\/p>\n<p>Espa\u00f1a dispone ahora de diez d\u00edas para presentar argumentos con tal de evitar o reducir una sanci\u00f3n, que podr\u00eda alcanzar el 0,2% de su Producto Interior Bruto (PIB), unos 2.000 millones de euros.<\/p>\n<p>El ministro indic\u00f3 que Madrid transmitir\u00e1 desde el mi\u00e9rcoles sus argumentos e insistir\u00e1 en el saneamiento econ\u00f3mico, las reformas y los ahorros presupuestarios que ya ha realizado.<\/p>\n<p>Espa\u00f1a deb\u00eda reducir su d\u00e9ficit en 2015 hasta el 4,2% pero se qued\u00f3 en el 5%. Sin embargo, el ministro subray\u00f3 la evoluci\u00f3n econ\u00f3mica del pa\u00eds que en 2011 registraba un d\u00e9ficit del 9,07% y este a\u00f1o prev\u00e9 un crecimiento del 3%.<\/p>\n<p>\u00abSer\u00eda una paradoja importante que a la econom\u00eda europea que ha tenido el giro m\u00e1s intenso en estos \u00faltimos a\u00f1os, la que m\u00e1s crece y m\u00e1s empleo crea (&#8230;) se le impusiera una multa\u00bb, dijo De guindos.<\/p>\n<p>Aun as\u00ed, el ministro se comprometi\u00f3 a \u00abreducir el d\u00e9ficit p\u00fablico por debajo del 3%\u00bb en 2017 gracias a la favorable evoluci\u00f3n econ\u00f3mica del pa\u00eds y esta subida fiscal.<\/p>\n<p>Esta medida supondr\u00e1 una \u00abmodificaci\u00f3n\u00bb del impuesto de sociedades por la que se aumentar\u00e1 el tipo de este tributo para las empresas que superen un cierto umbral de ingresos, explic\u00f3.<\/p>\n<p>Sin embargo, esta medida deber\u00e1 ser adoptada por el futuro gobierno que se forme en Espa\u00f1a tras siete meses de bloqueo pol\u00edtico desde las elecciones de diciembre, que dejaron un congreso muy fragmentado e incapaz de investir un nuevo ejecutivo.<\/p>\n<p>El presidente del Gobierno en funciones, Mariano Rajoy, se postula como el principal candidato, tras ganar con 137 esca\u00f1os (de 350) las elecciones generales del pasado 26 de junio, aunque para ello debe encontrar aliados.<\/p>\n<h6> 2016-07-12 15:49:07 <\/h6>\n<p><!--\n<link rel=\"stylesheet\" href=\"css\/bootstrap.min.css\">\n\n\n<ul class=\"pagination\">\n\t    \n\t\n\n<li >\n\t<a href='?page_no=19052'>Previous<\/a>\n\t<\/li>\n\n\n       \n    \n\n<li><a href='?page_no=1'>1<\/a><\/li>\n\n\n\n<li><a href='?page_no=2'>2<\/a><\/li>\n\n\n\n<li><a>...<\/a><\/li>\n\n\n\n<li><a href='?page_no=19051'>19051<\/a><\/li>\n\n\n\n<li><a href='?page_no=19052'>19052<\/a><\/li>\n\n\n\n<li class='active'><a>19053<\/a><\/li>\n\n\n\n<li><a href='?page_no=19054'>19054<\/a><\/li>\n\n\n\n<li><a href='?page_no=19055'>19055<\/a><\/li>\n\n\n\n<li><a>...<\/a><\/li>\n\n\n\n<li><a href='?page_no=51012'>51012<\/a><\/li>\n\n\n\n<li><a href='?page_no=51013'>51013<\/a><\/li>\n\n    \n\t\n\n<li >\n\t<a href='?page_no=19054'>Next<\/a>\n\t<\/li>\n\n\n    \n\n<li><a href='?page_no=51013'>Last &rsaquo;&rsaquo;<\/a><\/li>\n\n<\/ul>\n\n\n--><br \/>\n<\/body><\/p>\n","protected":false},"excerpt":{"rendered":"<p>AFP\/Archivos \/ John Thys Luis de Guindos habla con su hom\u00f3logo franc\u00e9s, Michel Sapin, durante una reuni\u00f3n del Ecofin celebrada el pasado 17 de junio en Luxemburgo El ministro de Econom\u00eda, Luis de Guindos, anunci\u00f3 este martes que el Gobierno propondr\u00e1 una subida del impuesto de sociedades para bajar el d\u00e9ficit en 2017 a menos [&hellip;]<\/p>\n","protected":false},"author":3,"featured_media":0,"comment_status":"open","ping_status":"open","sticky":false,"template":"","format":"standard","meta":{"footnotes":""},"categories":[23],"tags":[],"class_list":["post-249408","post","type-post","status-publish","format-standard","hentry","category-internacional"],"_links":{"self":[{"href":"https:\/\/diariodominicano.com\/index.php?rest_route=\/wp\/v2\/posts\/249408","targetHints":{"allow":["GET"]}}],"collection":[{"href":"https:\/\/diariodominicano.com\/index.php?rest_route=\/wp\/v2\/posts"}],"about":[{"href":"https:\/\/diariodominicano.com\/index.php?rest_route=\/wp\/v2\/types\/post"}],"author":[{"embeddable":true,"href":"https:\/\/diariodominicano.com\/index.php?rest_route=\/wp\/v2\/users\/3"}],"replies":[{"embeddable":true,"href":"https:\/\/diariodominicano.com\/index.php?rest_route=%2Fwp%2Fv2%2Fcomments&post=249408"}],"version-history":[{"count":0,"href":"https:\/\/diariodominicano.com\/index.php?rest_route=\/wp\/v2\/posts\/249408\/revisions"}],"wp:attachment":[{"href":"https:\/\/diariodominicano.com\/index.php?rest_route=%2Fwp%2Fv2%2Fmedia&parent=249408"}],"wp:term":[{"taxonomy":"category","embeddable":true,"href":"https:\/\/diariodominicano.com\/index.php?rest_route=%2Fwp%2Fv2%2Fcategories&post=249408"},{"taxonomy":"post_tag","embeddable":true,"href":"https:\/\/diariodominicano.com\/index.php?rest_route=%2Fwp%2Fv2%2Ftags&post=249408"}],"curies":[{"name":"wp","href":"https:\/\/api.w.org\/{rel}","templated":true}]}}