{"id":249406,"date":"2016-07-13T07:58:51","date_gmt":"2016-07-13T07:58:51","guid":{"rendered":"http:\/\/diariodominicano.ddns.net\/?p=249406"},"modified":"2016-07-13T07:58:51","modified_gmt":"2016-07-13T07:58:51","slug":"presidente-venezolano-llama-a-retomar-dialogo-con-oposicion","status":"publish","type":"post","link":"https:\/\/diariodominicano.com\/?p=249406","title":{"rendered":"Presidente venezolano llama a retomar di\u00e1logo con oposici\u00f3n"},"content":{"rendered":"<p><body><\/p>\n<p><img decoding=\"async\" src=\"img3\/En-contactoMaduro13-7.jpg\" \/>  <\/p>\n<p><span class=\"text1noticias\"> <\/span><\/p>\n<p><span class=\"text1noticias\">Caracas, 13 jul (PL) Medios venezolanos destacan hoy el llamado del presidente venezolano Nicol\u00e1s Maduro para retomar el di\u00e1logo con la oposici\u00f3n, con el objetivo de solucionar conjuntamente los problemas que aquejan al pa\u00eds.<\/span><\/p>\n<p><span class=\"text1noticias\"> <\/span><\/p>\n<p><span class=\"text1noticias\">En su programa de todos los martes En contacto con Maduro, el jefe de Estado record\u00f3 que el di\u00e1logo busca la paz, el respeto a la soberan\u00eda nacional y la convivencia de todos los venezolanos, sin importar filiaci\u00f3n ideol\u00f3gica, agreg\u00f3.<\/span><\/p>\n<p><span class=\"text1noticias\"> <\/span><\/p>\n<p><span class=\"text1noticias\">Al respecto retom\u00f3 las tres condiciones que exige el Gobierno para sentarse a la mesa de negociaciones: la instalaci\u00f3n de la Comisi\u00f3n de la Verdad, la Justicia y Reparaci\u00f3n de V\u00edctimas, la recuperaci\u00f3n econ\u00f3mica y el respeto entre los poderes del Estado.<\/span><\/p>\n<p><span class=\"text1noticias\"> <\/span><\/p>\n<p><span class=\"text1noticias\">Maduro alab\u00f3 la gesti\u00f3n de la Uni\u00f3n de Naciones Suramericanas (Unasur), cuyos representantes para el di\u00e1logo, los expresidentes de Rep\u00fablica Dominicana, Leonel Fern\u00e1ndez y de Panam\u00e1, Mart\u00edn Torrijos, y el exjefe de gobierno de Espa\u00f1a, Jos\u00e9 Luis Rodr\u00edguez Zapatero, se han esforzado por encontrar un fin pac\u00edfico para el diferendo pol\u00edtico en el pa\u00eds.<\/span><\/p>\n<p><span class=\"text1noticias\"> <\/span><\/p>\n<p><span class=\"text1noticias\">El lunes la prensa venezolana anunci\u00f3 el posible reinicio de las conversaciones para mediados de esta semana, seg\u00fan declaraciones del secretario general de Unasur, Ernesto Samper.<\/span><\/p>\n<p><span class=\"text1noticias\"> <\/span><\/p>\n<p><span class=\"text1noticias\">En tal sentido, la alianza opositora Mesa de la Unidad Democr\u00e1tica, que re\u00fane a una treintena de partidos y organizaciones pol\u00edticas, dio a conocer nuevas exigencias para sentarse en la mesa de negociaciones, entre las que destacan la inclusi\u00f3n de representantes de la Organizaci\u00f3n de Estados Americanos y del Vaticano.<\/span><\/p>\n<p><span class=\"text1noticias\"> <\/span><\/p>\n<p><span class=\"text1noticias\">Los opositores exigen la liberaci\u00f3n de l\u00edderes pol\u00edticos como Leopoldo L\u00f3pez \u00e2?\u00bbcondenado por encabezar la revuelta que en 2014 dej\u00f3 43 muertos y m\u00e1s de 400 heridos\u00e2?\u00bb, a los que agrupa bajo el r\u00f3tulo de \u00abpresos pol\u00edticos\u00bb.<\/span><\/p>\n<p><span class=\"text1noticias\"> <\/span><\/p>\n<p><span class=\"text1noticias\">Adem\u00e1s piden realizar el refer\u00e9ndum revocatorio contra el presidente este a\u00f1o, aunque Maduro y sus colaboradores m\u00e1s cercanos aseguraron que, por ley, es imposible hacerlo antes <\/span>de 2017.<\/p>\n<h6> 2016-07-13 07:58:51 <\/h6>\n<p><!--\n<link rel=\"stylesheet\" href=\"css\/bootstrap.min.css\">\n\n\n<ul class=\"pagination\">\n\t    \n\t\n\n<li >\n\t<a href='?page_no=19050'>Previous<\/a>\n\t<\/li>\n\n\n       \n    \n\n<li><a href='?page_no=1'>1<\/a><\/li>\n\n\n\n<li><a href='?page_no=2'>2<\/a><\/li>\n\n\n\n<li><a>...<\/a><\/li>\n\n\n\n<li><a href='?page_no=19049'>19049<\/a><\/li>\n\n\n\n<li><a href='?page_no=19050'>19050<\/a><\/li>\n\n\n\n<li class='active'><a>19051<\/a><\/li>\n\n\n\n<li><a href='?page_no=19052'>19052<\/a><\/li>\n\n\n\n<li><a href='?page_no=19053'>19053<\/a><\/li>\n\n\n\n<li><a>...<\/a><\/li>\n\n\n\n<li><a href='?page_no=51012'>51012<\/a><\/li>\n\n\n\n<li><a href='?page_no=51013'>51013<\/a><\/li>\n\n    \n\t\n\n<li >\n\t<a href='?page_no=19052'>Next<\/a>\n\t<\/li>\n\n\n    \n\n<li><a href='?page_no=51013'>Last &rsaquo;&rsaquo;<\/a><\/li>\n\n<\/ul>\n\n\n--><br \/>\n<\/body><\/p>\n","protected":false},"excerpt":{"rendered":"<p>Caracas, 13 jul (PL) Medios venezolanos destacan hoy el llamado del presidente venezolano Nicol\u00e1s Maduro para retomar el di\u00e1logo con la oposici\u00f3n, con el objetivo de solucionar conjuntamente los problemas que aquejan al pa\u00eds. En su programa de todos los martes En contacto con Maduro, el jefe de Estado record\u00f3 que el di\u00e1logo busca la [&hellip;]<\/p>\n","protected":false},"author":3,"featured_media":0,"comment_status":"open","ping_status":"open","sticky":false,"template":"","format":"standard","meta":{"footnotes":""},"categories":[23],"tags":[],"class_list":["post-249406","post","type-post","status-publish","format-standard","hentry","category-internacional"],"_links":{"self":[{"href":"https:\/\/diariodominicano.com\/index.php?rest_route=\/wp\/v2\/posts\/249406","targetHints":{"allow":["GET"]}}],"collection":[{"href":"https:\/\/diariodominicano.com\/index.php?rest_route=\/wp\/v2\/posts"}],"about":[{"href":"https:\/\/diariodominicano.com\/index.php?rest_route=\/wp\/v2\/types\/post"}],"author":[{"embeddable":true,"href":"https:\/\/diariodominicano.com\/index.php?rest_route=\/wp\/v2\/users\/3"}],"replies":[{"embeddable":true,"href":"https:\/\/diariodominicano.com\/index.php?rest_route=%2Fwp%2Fv2%2Fcomments&post=249406"}],"version-history":[{"count":0,"href":"https:\/\/diariodominicano.com\/index.php?rest_route=\/wp\/v2\/posts\/249406\/revisions"}],"wp:attachment":[{"href":"https:\/\/diariodominicano.com\/index.php?rest_route=%2Fwp%2Fv2%2Fmedia&parent=249406"}],"wp:term":[{"taxonomy":"category","embeddable":true,"href":"https:\/\/diariodominicano.com\/index.php?rest_route=%2Fwp%2Fv2%2Fcategories&post=249406"},{"taxonomy":"post_tag","embeddable":true,"href":"https:\/\/diariodominicano.com\/index.php?rest_route=%2Fwp%2Fv2%2Ftags&post=249406"}],"curies":[{"name":"wp","href":"https:\/\/api.w.org\/{rel}","templated":true}]}}