{"id":249404,"date":"2016-07-13T08:33:19","date_gmt":"2016-07-13T08:33:19","guid":{"rendered":"http:\/\/diariodominicano.ddns.net\/?p=249404"},"modified":"2016-07-13T08:33:19","modified_gmt":"2016-07-13T08:33:19","slug":"aterriza-en-egipto-avion-solar-impulse-ii","status":"publish","type":"post","link":"https:\/\/diariodominicano.com\/?p=249404","title":{"rendered":"Aterriza en Egipto avi\u00f3n Solar Impulse II"},"content":{"rendered":"<p><body><\/p>\n<p><img decoding=\"async\" src=\"img3\/impulse13-7.jpg\" \/>  <\/p>\n<p><span class=\"text1noticias\"> <\/span><\/p>\n<p><span class=\"text1noticias\">El Cairo, 13 jul (PL) El avi\u00f3n Solar impulse II, propulsado a partir de energ\u00eda solar, aterriz\u00f3 hoy en el aeropuerto de El Cairo, tras recorrer en el pen\u00faltimo tramo de su circunvalaci\u00f3n planetaria, tres mil 629 kil\u00f3metros.<\/span><\/p>\n<p><span class=\"text1noticias\"> <\/span><\/p>\n<p><span class=\"text1noticias\">La aeronave, pilotada por el aviador suizo Andr\u00e9 Borschberg, despeg\u00f3 el pasado 11 de julio de la ciudad espa\u00f1ola de Sevilla y este mi\u00e9rcoles toc\u00f3 tierra a las 07:11 hora local.<\/span><\/p>\n<p><span class=\"text1noticias\"> <\/span><\/p>\n<p><span class=\"text1noticias\">Antes de aterrizar en el aeropuerto capitalino egipcio, el Solar Impulse II sobrevol\u00f3 con las primeras luces del d\u00eda las pir\u00e1mides de Giza, como representaci\u00f3n simb\u00f3lica del avance de la tecnolog\u00eda humana en un lapso de cuatro mil 500 a\u00f1os.<\/span><\/p>\n<p><span class=\"text1noticias\"> <\/span><\/p>\n<p><span class=\"text1noticias\">El vuelo ininterrumpido desde Sevilla, seg\u00fan los patrocinadores del proyecto, dur\u00f3 48 horas y 52 minutos, periodo durante el cual la aeronave sobrevol\u00f3 los espacios a\u00e9reos de Argelia, T\u00fanez, Italia, Malta y Grecia.<\/span><\/p>\n<p><span class=\"text1noticias\"> <\/span><\/p>\n<p><span class=\"text1noticias\">La idea de la circunnavegaci\u00f3n del planeta a punto de materializarse por los creadores y pilotos del Solar Impulse II, Borschberg y Bertrand Piccard, obedece a la necesidad de promocionar el uso de energ\u00edas renovables.<\/span><\/p>\n<p><span class=\"text1noticias\"> <\/span><\/p>\n<p><span class=\"text1noticias\">Deseamos demostrar la importancia de las tecnolog\u00edas limpias para el desarrollo sustentable, as\u00ed como retornar los sue\u00f1os y las emociones nuevamente al coraz\u00f3n de las aventuras cient\u00edficas, sostuvo Picard al inicio del vuelo.<\/span><\/p>\n<p><span class=\"text1noticias\"> <\/span><\/p>\n<p><span class=\"text1noticias\">Para \u00e9l, la Aventura en el siglo XXI consiste en aplicar la creatividad humana y el esp\u00edritu de los pioneros (exploradores) para desarrollar tecnolog\u00edas que permitan lograr calidades de vida que las presentes y futuras generaciones tienen el derecho a esperar.<\/span><\/p>\n<p><span class=\"text1noticias\"> <\/span><\/p>\n<p><span class=\"text1noticias\">Fabricado casi enteramente con fibras de carbono, el Solar Impulse II pesa \u00fanicamente 2,3 toneladas, sin embargo, sus alas miden de un extremo a otro 72 metros, dimensi\u00f3n mayor que la de un Boeing 747 Jumbo.<\/span><\/p>\n<p><span class=\"text1noticias\"> <\/span><\/p>\n<p><span class=\"text1noticias\">La parte superior de sus alas est\u00e1n cubiertas con 17 mil 248 celdas solares, que alimentan sus cuatro motores el\u00e9ctricos.<\/span><\/p>\n<p><span class=\"text1noticias\"> <\/span><\/p>\n<p><span class=\"text1noticias\">Durante la noche \u00e9stos consumen la energ\u00eda el\u00e9ctrica almacenada en las horas de mayor radiaci\u00f3n solar en bater\u00edas de litio (similares a la que poseen los tel\u00e9fonos celulares. Desde El Cairo, el Solar Impulse II despegar\u00e1 en los proximos d\u00edas para acometer la ultima etapa de la vuelta al Mundo en Abu Dhabi, Emiratos \u00c1rabes Unidos, de donde parti\u00f3 el 9 de marz<\/span>o de 2015.<\/p>\n<h6> 2016-07-13 08:33:19 <\/h6>\n<p><!--\n<link rel=\"stylesheet\" href=\"css\/bootstrap.min.css\">\n\n\n<ul class=\"pagination\">\n\t    \n\t\n\n<li >\n\t<a href='?page_no=19048'>Previous<\/a>\n\t<\/li>\n\n\n       \n    \n\n<li><a href='?page_no=1'>1<\/a><\/li>\n\n\n\n<li><a href='?page_no=2'>2<\/a><\/li>\n\n\n\n<li><a>...<\/a><\/li>\n\n\n\n<li><a href='?page_no=19047'>19047<\/a><\/li>\n\n\n\n<li><a href='?page_no=19048'>19048<\/a><\/li>\n\n\n\n<li class='active'><a>19049<\/a><\/li>\n\n\n\n<li><a href='?page_no=19050'>19050<\/a><\/li>\n\n\n\n<li><a href='?page_no=19051'>19051<\/a><\/li>\n\n\n\n<li><a>...<\/a><\/li>\n\n\n\n<li><a href='?page_no=51012'>51012<\/a><\/li>\n\n\n\n<li><a href='?page_no=51013'>51013<\/a><\/li>\n\n    \n\t\n\n<li >\n\t<a href='?page_no=19050'>Next<\/a>\n\t<\/li>\n\n\n    \n\n<li><a href='?page_no=51013'>Last &rsaquo;&rsaquo;<\/a><\/li>\n\n<\/ul>\n\n\n--><br \/>\n<\/body><\/p>\n","protected":false},"excerpt":{"rendered":"<p>El Cairo, 13 jul (PL) El avi\u00f3n Solar impulse II, propulsado a partir de energ\u00eda solar, aterriz\u00f3 hoy en el aeropuerto de El Cairo, tras recorrer en el pen\u00faltimo tramo de su circunvalaci\u00f3n planetaria, tres mil 629 kil\u00f3metros. La aeronave, pilotada por el aviador suizo Andr\u00e9 Borschberg, despeg\u00f3 el pasado 11 de julio de la [&hellip;]<\/p>\n","protected":false},"author":3,"featured_media":0,"comment_status":"open","ping_status":"open","sticky":false,"template":"","format":"standard","meta":{"footnotes":""},"categories":[23],"tags":[],"class_list":["post-249404","post","type-post","status-publish","format-standard","hentry","category-internacional"],"_links":{"self":[{"href":"https:\/\/diariodominicano.com\/index.php?rest_route=\/wp\/v2\/posts\/249404","targetHints":{"allow":["GET"]}}],"collection":[{"href":"https:\/\/diariodominicano.com\/index.php?rest_route=\/wp\/v2\/posts"}],"about":[{"href":"https:\/\/diariodominicano.com\/index.php?rest_route=\/wp\/v2\/types\/post"}],"author":[{"embeddable":true,"href":"https:\/\/diariodominicano.com\/index.php?rest_route=\/wp\/v2\/users\/3"}],"replies":[{"embeddable":true,"href":"https:\/\/diariodominicano.com\/index.php?rest_route=%2Fwp%2Fv2%2Fcomments&post=249404"}],"version-history":[{"count":0,"href":"https:\/\/diariodominicano.com\/index.php?rest_route=\/wp\/v2\/posts\/249404\/revisions"}],"wp:attachment":[{"href":"https:\/\/diariodominicano.com\/index.php?rest_route=%2Fwp%2Fv2%2Fmedia&parent=249404"}],"wp:term":[{"taxonomy":"category","embeddable":true,"href":"https:\/\/diariodominicano.com\/index.php?rest_route=%2Fwp%2Fv2%2Fcategories&post=249404"},{"taxonomy":"post_tag","embeddable":true,"href":"https:\/\/diariodominicano.com\/index.php?rest_route=%2Fwp%2Fv2%2Ftags&post=249404"}],"curies":[{"name":"wp","href":"https:\/\/api.w.org\/{rel}","templated":true}]}}