{"id":249398,"date":"2016-07-13T14:00:33","date_gmt":"2016-07-13T14:00:33","guid":{"rendered":"http:\/\/diariodominicano.ddns.net\/?p=249398"},"modified":"2016-07-13T14:00:33","modified_gmt":"2016-07-13T14:00:33","slug":"trump-arremete-contra-veterana-jueza-de-la-corte-suprema","status":"publish","type":"post","link":"https:\/\/diariodominicano.com\/?p=249398","title":{"rendered":"&#13;Trump arremete contra veterana jueza de la Corte Suprema\t  &#13;"},"content":{"rendered":"<p><body><\/p>\n<p><img decoding=\"async\" src=\"img3\/trump-ginsburg.jpg\" \/>  <\/p>\n<p>Washington, 13 jul (PL) El candidato republicano a la presidencia de Estados Unidos, Donald Trump, consider\u00f3 senil a la veterana jueza Ruth Bader Ginsburg, y reclam\u00f3 su retiro de la Corte Suprema de Justicia.<\/p>\n<\/p>\n<p>El pol\u00e9mico magnate replic\u00f3 as\u00ed a Ginsburg, quien recientemente dedic\u00f3 a Trump cr\u00edticas inusualmente francas para un integrante del Tribunal Supremo, llam\u00e1ndolo \u00abimpostor\u00bb, criticando su ego as\u00ed como su impunidad para evadir el pago de impuestos.<\/p>\n<\/p>\n<p>Trump describi\u00f3 a Ginsburg como \u00abuna desgracia para la Corte\u00bb, reclam\u00f3 una disculpa y luego pidi\u00f3 su retiro, en tanto la opini\u00f3n p\u00fablica se divide en torno a la franqueza de alguien que supuestamente no puede tomar partido tan abiertamente.<\/p>\n<\/p>\n<p>La Corte Suprema de Justicia de Estados Unidos mantiene un cupo vacante desde la muerte de Antonin Scalia a inicios de a\u00f1o, gracias principalmente al boicot republicano al nominado del presidente Barack Obama, el moderado Merrick Gardland.<\/p>\n<h6> 2016-07-13 14:00:33 <\/h6>\n<p><!--\n<link rel=\"stylesheet\" href=\"css\/bootstrap.min.css\">\n\n\n<ul class=\"pagination\">\n\t    \n\t\n\n<li >\n\t<a href='?page_no=19042'>Previous<\/a>\n\t<\/li>\n\n\n       \n    \n\n<li><a href='?page_no=1'>1<\/a><\/li>\n\n\n\n<li><a href='?page_no=2'>2<\/a><\/li>\n\n\n\n<li><a>...<\/a><\/li>\n\n\n\n<li><a href='?page_no=19041'>19041<\/a><\/li>\n\n\n\n<li><a href='?page_no=19042'>19042<\/a><\/li>\n\n\n\n<li class='active'><a>19043<\/a><\/li>\n\n\n\n<li><a href='?page_no=19044'>19044<\/a><\/li>\n\n\n\n<li><a href='?page_no=19045'>19045<\/a><\/li>\n\n\n\n<li><a>...<\/a><\/li>\n\n\n\n<li><a href='?page_no=51012'>51012<\/a><\/li>\n\n\n\n<li><a href='?page_no=51013'>51013<\/a><\/li>\n\n    \n\t\n\n<li >\n\t<a href='?page_no=19044'>Next<\/a>\n\t<\/li>\n\n\n    \n\n<li><a href='?page_no=51013'>Last &rsaquo;&rsaquo;<\/a><\/li>\n\n<\/ul>\n\n\n--><br \/>\n<\/body><\/p>\n","protected":false},"excerpt":{"rendered":"<p>Washington, 13 jul (PL) El candidato republicano a la presidencia de Estados Unidos, Donald Trump, consider\u00f3 senil a la veterana jueza Ruth Bader Ginsburg, y reclam\u00f3 su retiro de la Corte Suprema de Justicia. El pol\u00e9mico magnate replic\u00f3 as\u00ed a Ginsburg, quien recientemente dedic\u00f3 a Trump cr\u00edticas inusualmente francas para un integrante del Tribunal Supremo, [&hellip;]<\/p>\n","protected":false},"author":3,"featured_media":0,"comment_status":"open","ping_status":"open","sticky":false,"template":"","format":"standard","meta":{"footnotes":""},"categories":[23],"tags":[],"class_list":["post-249398","post","type-post","status-publish","format-standard","hentry","category-internacional"],"_links":{"self":[{"href":"https:\/\/diariodominicano.com\/index.php?rest_route=\/wp\/v2\/posts\/249398","targetHints":{"allow":["GET"]}}],"collection":[{"href":"https:\/\/diariodominicano.com\/index.php?rest_route=\/wp\/v2\/posts"}],"about":[{"href":"https:\/\/diariodominicano.com\/index.php?rest_route=\/wp\/v2\/types\/post"}],"author":[{"embeddable":true,"href":"https:\/\/diariodominicano.com\/index.php?rest_route=\/wp\/v2\/users\/3"}],"replies":[{"embeddable":true,"href":"https:\/\/diariodominicano.com\/index.php?rest_route=%2Fwp%2Fv2%2Fcomments&post=249398"}],"version-history":[{"count":0,"href":"https:\/\/diariodominicano.com\/index.php?rest_route=\/wp\/v2\/posts\/249398\/revisions"}],"wp:attachment":[{"href":"https:\/\/diariodominicano.com\/index.php?rest_route=%2Fwp%2Fv2%2Fmedia&parent=249398"}],"wp:term":[{"taxonomy":"category","embeddable":true,"href":"https:\/\/diariodominicano.com\/index.php?rest_route=%2Fwp%2Fv2%2Fcategories&post=249398"},{"taxonomy":"post_tag","embeddable":true,"href":"https:\/\/diariodominicano.com\/index.php?rest_route=%2Fwp%2Fv2%2Ftags&post=249398"}],"curies":[{"name":"wp","href":"https:\/\/api.w.org\/{rel}","templated":true}]}}