{"id":249397,"date":"2016-07-13T14:20:50","date_gmt":"2016-07-13T14:20:50","guid":{"rendered":"http:\/\/diariodominicano.ddns.net\/?p=249397"},"modified":"2016-07-13T14:20:50","modified_gmt":"2016-07-13T14:20:50","slug":"uribe-rechaza-invitacion-de-santos-para-hablar-de-paz","status":"publish","type":"post","link":"https:\/\/diariodominicano.com\/?p=249397","title":{"rendered":"&#13;Uribe rechaza invitaci\u00f3n de Santos para hablar de paz"},"content":{"rendered":"<p><body><\/p>\n<p><img decoding=\"async\" src=\"img3\/colombia_santos_uribe.jpg\" \/>  <\/p>\n<p><span class=\"text1noticias\">\t <\/span><\/p>\n<p><span class=\"text1noticias\">  <\/span><\/p>\n<p><span class=\"text1noticias\">Bogot\u00e1, 13 jul (PL) El expresidente colombiano \u00c1lvaro Uribe rechaz\u00f3 hoy la invitaci\u00f3n del actual mandatario Juan Manuel Santos para conversar en torno a temas como la b\u00fasqueda de la paz, tras m\u00e1s de medio siglo de conflicto armado.<\/span><\/p>\n<\/p>\n<p><span class=\"text1noticias\">Parecer\u00eda in\u00fatil invitar a un di\u00e1logo para notificar lo resuelto, argument\u00f3 el ahora senador por el partido de derecha Centro Democr\u00e1tico en una misiva, difundida este mi\u00e9rcoles por noticiarios locales.<\/span><\/p>\n<\/p>\n<p><span class=\"text1noticias\">El ocupante de la Casa de Nari\u00f1o envi\u00f3 una carta a su predecesor en gesto de reconciliaci\u00f3n a fin de limar asperezas y propiciar un debate entre ambos sobre asuntos claves para la naci\u00f3n.<\/span><\/p>\n<\/p>\n<p><span class=\"text1noticias\">Creo que al pa\u00eds le conviene que como personas civilizadas nos sentemos para tratar de identificar todo lo que nos une, que es el inter\u00e9s por el futuro de Colombia, coment\u00f3 el mandatario la v\u00edspera.<\/span><\/p>\n<\/p>\n<p><span class=\"text1noticias\">En sucesivas alocuciones Santos ha exhortado al exgobernante, uno de los principales detractores de los encuentros en Cuba con las FARC-EP, a platicar sobre las gestiones para terminar el conflicto b\u00e9lico con esa agrupaci\u00f3n insurgente.<\/span><\/p>\n<\/p>\n<p><span class=\"text1noticias\">Desde 2012 representantes gubernamentales y de las Fuerzas Armadas Revolucionarias de Colombia-Ej\u00e9rcito del Pueblo (FARC-EP) sostienen reuniones en La Habana con el objetivo de hallar una salida concertada a la conflagraci\u00f3n.<\/span><\/p>\n<\/p>\n<p><span class=\"text1noticias\">Luego de haber conciliado posiciones sobre los puntos de reforma rural integral, participaci\u00f3n pol\u00edtica, combate contra el tr\u00e1fico il\u00edcito de drogas, v\u00edctimas y fin del conflicto (incluye los t\u00e9rminos y hoja de ruta para el cese el fuego bilateral y la dejaci\u00f3n de armas), tales citas transitan por la que pudiera ser su etapa conclusiva.<\/span><\/p>\n<\/p>\n<p><span class=\"text1noticias\">Ante tales progresos, Uribe y su partido convocaron a los ciudadanos a reprobar los pactos conseguidos con esa organizaci\u00f3n rebelde mediante lo que llamaron un movimiento de resistencia civil.<\/span><\/p>\n<\/p>\n<p><span class=\"text1noticias\">Dicha propuesta fue rechazada por el Ejecutivo, sectores de la izquierda y personas sin afiliaci\u00f3n pol\u00edtica pero convencidos simpatizantes de los di\u00e1logos de paz.<\/span><\/p>\n<\/p>\n<p><span class=\"text1noticias\">Posterior al Acuerdo Final entre los dos equipos reunidos en la capital cubana el pueblo deber\u00e1 refrendar todo lo consensuado probablemente mediante un plebiscito.<\/span><\/p>\n<\/p>\n<p><span class=\"text1noticias\">La guerra interna ha dejado unos 300 mil muertos, casi siete millones de desplazados de sus lugares de origen y al menos 45 mil desaparecidos.<\/span><\/p>\n<\/p>\n<p><span class=\"text1noticias\">Iniciar un proceso de conversaciones similar con el Ej\u00e9rcito de Liberaci\u00f3n Nacional (ELN) es otro de los pasos pendientes para conquistar una paz completa.<\/span><\/p>\n<h6> 2016-07-13 14:20:50 <\/h6>\n<p><!--\n<link rel=\"stylesheet\" href=\"css\/bootstrap.min.css\">\n\n\n<ul class=\"pagination\">\n\t    \n\t\n\n<li >\n\t<a href='?page_no=19041'>Previous<\/a>\n\t<\/li>\n\n\n       \n    \n\n<li><a href='?page_no=1'>1<\/a><\/li>\n\n\n\n<li><a href='?page_no=2'>2<\/a><\/li>\n\n\n\n<li><a>...<\/a><\/li>\n\n\n\n<li><a href='?page_no=19040'>19040<\/a><\/li>\n\n\n\n<li><a href='?page_no=19041'>19041<\/a><\/li>\n\n\n\n<li class='active'><a>19042<\/a><\/li>\n\n\n\n<li><a href='?page_no=19043'>19043<\/a><\/li>\n\n\n\n<li><a href='?page_no=19044'>19044<\/a><\/li>\n\n\n\n<li><a>...<\/a><\/li>\n\n\n\n<li><a href='?page_no=51012'>51012<\/a><\/li>\n\n\n\n<li><a href='?page_no=51013'>51013<\/a><\/li>\n\n    \n\t\n\n<li >\n\t<a href='?page_no=19043'>Next<\/a>\n\t<\/li>\n\n\n    \n\n<li><a href='?page_no=51013'>Last &rsaquo;&rsaquo;<\/a><\/li>\n\n<\/ul>\n\n\n--><br \/>\n<\/body><\/p>\n","protected":false},"excerpt":{"rendered":"<p>Bogot\u00e1, 13 jul (PL) El expresidente colombiano \u00c1lvaro Uribe rechaz\u00f3 hoy la invitaci\u00f3n del actual mandatario Juan Manuel Santos para conversar en torno a temas como la b\u00fasqueda de la paz, tras m\u00e1s de medio siglo de conflicto armado. Parecer\u00eda in\u00fatil invitar a un di\u00e1logo para notificar lo resuelto, argument\u00f3 el ahora senador por el [&hellip;]<\/p>\n","protected":false},"author":3,"featured_media":0,"comment_status":"open","ping_status":"open","sticky":false,"template":"","format":"standard","meta":{"footnotes":""},"categories":[23],"tags":[],"class_list":["post-249397","post","type-post","status-publish","format-standard","hentry","category-internacional"],"_links":{"self":[{"href":"https:\/\/diariodominicano.com\/index.php?rest_route=\/wp\/v2\/posts\/249397","targetHints":{"allow":["GET"]}}],"collection":[{"href":"https:\/\/diariodominicano.com\/index.php?rest_route=\/wp\/v2\/posts"}],"about":[{"href":"https:\/\/diariodominicano.com\/index.php?rest_route=\/wp\/v2\/types\/post"}],"author":[{"embeddable":true,"href":"https:\/\/diariodominicano.com\/index.php?rest_route=\/wp\/v2\/users\/3"}],"replies":[{"embeddable":true,"href":"https:\/\/diariodominicano.com\/index.php?rest_route=%2Fwp%2Fv2%2Fcomments&post=249397"}],"version-history":[{"count":0,"href":"https:\/\/diariodominicano.com\/index.php?rest_route=\/wp\/v2\/posts\/249397\/revisions"}],"wp:attachment":[{"href":"https:\/\/diariodominicano.com\/index.php?rest_route=%2Fwp%2Fv2%2Fmedia&parent=249397"}],"wp:term":[{"taxonomy":"category","embeddable":true,"href":"https:\/\/diariodominicano.com\/index.php?rest_route=%2Fwp%2Fv2%2Fcategories&post=249397"},{"taxonomy":"post_tag","embeddable":true,"href":"https:\/\/diariodominicano.com\/index.php?rest_route=%2Fwp%2Fv2%2Ftags&post=249397"}],"curies":[{"name":"wp","href":"https:\/\/api.w.org\/{rel}","templated":true}]}}