{"id":249395,"date":"2016-07-14T08:50:19","date_gmt":"2016-07-14T08:50:19","guid":{"rendered":"http:\/\/diariodominicano.ddns.net\/?p=249395"},"modified":"2016-07-14T08:50:19","modified_gmt":"2016-07-14T08:50:19","slug":"concluyen-cuba-y-eeuu-tercer-dialogo-sobre-temas-regulatorios","status":"publish","type":"post","link":"https:\/\/diariodominicano.com\/?p=249395","title":{"rendered":"Concluyen Cuba y EEUU tercer di\u00e1logo sobre temas regulatorios"},"content":{"rendered":"<p><body><\/p>\n<p><img decoding=\"async\" src=\"img3\/La Habana14-7.jpg\" \/>  <\/p>\n<p><span class=\"text1noticias\">     LA HABANA, 14 jul (Xinhua) &#8212; Delegaciones de Cuba y Estados Unidos concluyeron este mi\u00e9rcoles en La Habana su tercer di\u00e1logo regulatorio, que busca las v\u00edas para impulsar el comercio bilateral, inform\u00f3 la canciller\u00eda de la isla.<\/span><\/p>\n<p><span class=\"text1noticias\"> <\/span><\/p>\n<p><span class=\"text1noticias\">     La ronda de dos d\u00edas fue encabezada por la viceministra cubana de Comercio Exterior y la Inversi\u00f3n Extranjera, Ileana N\u00fa\u00f1ez, y el coordinador de la Oficina de Asuntos Cubanos del Departamento de Estado, Mark Wells, indic\u00f3 una nota divulgada en el sitio cubaminrex.cu.<\/span><\/p>\n<p><span class=\"text1noticias\"> <\/span><\/p>\n<p><span class=\"text1noticias\">     De acuerdo con el texto, la comitiva cubana incluy\u00f3 a directivos de los ministerios de Comercio Exterior y la Inversi\u00f3n Extranjera, de Relaciones Exteriores, Econom\u00eda, y Finanzas y Precios, as\u00ed como del Banco Central.<\/span><\/p>\n<p><span class=\"text1noticias\"> <\/span><\/p>\n<p><span class=\"text1noticias\">     Estados Unidos estuvo representado, entretanto, por funcionarios de los departamentos de Tesoro, Comercio y Estado.<\/span><\/p>\n<p><span class=\"text1noticias\"> <\/span><\/p>\n<p><span class=\"text1noticias\">     El Di\u00e1logo sobre Temas Regulatorios es un mecanismo establecido en octubre de 2015 entre entidades gubernamentales de ambos pa\u00edses como parte del proceso de normalizaci\u00f3n de relaciones entre La Habana y Washington, restablecidas el 20 de julio del mismo a\u00f1o luego de m\u00e1s de medio siglo de ruptura y confrontaci\u00f3n.<\/span><\/p>\n<p><span class=\"text1noticias\"> <\/span><\/p>\n<p><span class=\"text1noticias\">     Entre sus objetivos est\u00e1 evaluar el alcance e impacto de las medidas del gobierno de Barack Obama que flexibilizan el bloqueo econ\u00f3mico, comercial y financiero a la isla.<\/span><\/p>\n<p><span class=\"text1noticias\"> <\/span><\/p>\n<p><span class=\"text1noticias\">     A m\u00e1s de tres meses de los anuncios de Obama de que se eliminar\u00eda la prohibici\u00f3n a Cuba para utilizar el d\u00f3lar en sus transacciones internacionales, la isla afirma que a\u00fan no ha logrado efectuar pagos ni dep\u00f3sitos en efectivo en esa moneda.<\/span><\/p>\n<p><span class=\"text1noticias\"> <\/span><\/p>\n<p><span class=\"text1noticias\">     Cuba sostiene que la normalizaci\u00f3n de los nexos entre ambos pa\u00edses pasa por el levantamiento de esa pol\u00edtica de fuerza, y aunque reconoce que la eliminaci\u00f3n del bloqueo corresponde al Congreso estadounidense, subraya que el Ejecutivo norte\u00f1o tiene amplias prerrogativas.<\/span><\/p>\n<p><span class=\"text1noticias\"> <\/span><\/p>\n<p><span class=\"text1noticias\">     En estos encuentros bilaterales tambi\u00e9n se estudian las regulaciones vigentes en la mayor de las Antillas para los v\u00ednculos comerciales y financieros entre La Habana y Was<\/span>hington.<\/p>\n<h6> 2016-07-14 08:50:19 <\/h6>\n<p><!--\n<link rel=\"stylesheet\" href=\"css\/bootstrap.min.css\">\n\n\n<ul class=\"pagination\">\n\t    \n\t\n\n<li >\n\t<a href='?page_no=19039'>Previous<\/a>\n\t<\/li>\n\n\n       \n    \n\n<li><a href='?page_no=1'>1<\/a><\/li>\n\n\n\n<li><a href='?page_no=2'>2<\/a><\/li>\n\n\n\n<li><a>...<\/a><\/li>\n\n\n\n<li><a href='?page_no=19038'>19038<\/a><\/li>\n\n\n\n<li><a href='?page_no=19039'>19039<\/a><\/li>\n\n\n\n<li class='active'><a>19040<\/a><\/li>\n\n\n\n<li><a href='?page_no=19041'>19041<\/a><\/li>\n\n\n\n<li><a href='?page_no=19042'>19042<\/a><\/li>\n\n\n\n<li><a>...<\/a><\/li>\n\n\n\n<li><a href='?page_no=51012'>51012<\/a><\/li>\n\n\n\n<li><a href='?page_no=51013'>51013<\/a><\/li>\n\n    \n\t\n\n<li >\n\t<a href='?page_no=19041'>Next<\/a>\n\t<\/li>\n\n\n    \n\n<li><a href='?page_no=51013'>Last &rsaquo;&rsaquo;<\/a><\/li>\n\n<\/ul>\n\n\n--><br \/>\n<\/body><\/p>\n","protected":false},"excerpt":{"rendered":"<p>LA HABANA, 14 jul (Xinhua) &#8212; Delegaciones de Cuba y Estados Unidos concluyeron este mi\u00e9rcoles en La Habana su tercer di\u00e1logo regulatorio, que busca las v\u00edas para impulsar el comercio bilateral, inform\u00f3 la canciller\u00eda de la isla. La ronda de dos d\u00edas fue encabezada por la viceministra cubana de Comercio Exterior y la Inversi\u00f3n Extranjera, [&hellip;]<\/p>\n","protected":false},"author":3,"featured_media":0,"comment_status":"open","ping_status":"open","sticky":false,"template":"","format":"standard","meta":{"footnotes":""},"categories":[23],"tags":[],"class_list":["post-249395","post","type-post","status-publish","format-standard","hentry","category-internacional"],"_links":{"self":[{"href":"https:\/\/diariodominicano.com\/index.php?rest_route=\/wp\/v2\/posts\/249395","targetHints":{"allow":["GET"]}}],"collection":[{"href":"https:\/\/diariodominicano.com\/index.php?rest_route=\/wp\/v2\/posts"}],"about":[{"href":"https:\/\/diariodominicano.com\/index.php?rest_route=\/wp\/v2\/types\/post"}],"author":[{"embeddable":true,"href":"https:\/\/diariodominicano.com\/index.php?rest_route=\/wp\/v2\/users\/3"}],"replies":[{"embeddable":true,"href":"https:\/\/diariodominicano.com\/index.php?rest_route=%2Fwp%2Fv2%2Fcomments&post=249395"}],"version-history":[{"count":0,"href":"https:\/\/diariodominicano.com\/index.php?rest_route=\/wp\/v2\/posts\/249395\/revisions"}],"wp:attachment":[{"href":"https:\/\/diariodominicano.com\/index.php?rest_route=%2Fwp%2Fv2%2Fmedia&parent=249395"}],"wp:term":[{"taxonomy":"category","embeddable":true,"href":"https:\/\/diariodominicano.com\/index.php?rest_route=%2Fwp%2Fv2%2Fcategories&post=249395"},{"taxonomy":"post_tag","embeddable":true,"href":"https:\/\/diariodominicano.com\/index.php?rest_route=%2Fwp%2Fv2%2Ftags&post=249395"}],"curies":[{"name":"wp","href":"https:\/\/api.w.org\/{rel}","templated":true}]}}