{"id":249393,"date":"2016-07-14T10:49:54","date_gmt":"2016-07-14T10:49:54","guid":{"rendered":"http:\/\/diariodominicano.ddns.net\/?p=249393"},"modified":"2016-07-14T10:49:54","modified_gmt":"2016-07-14T10:49:54","slug":"reino-unido-pide-tiempo-a-la-ue-para-negociar-brexit","status":"publish","type":"post","link":"https:\/\/diariodominicano.com\/?p=249393","title":{"rendered":"Reino Unido pide tiempo a la UE para negociar Brexit"},"content":{"rendered":"<p><body><\/p>\n<p><img decoding=\"async\" src=\"img3\/theresa-may14-7.jpg\" \/>  <\/p>\n<p><span class=\"text1noticias\">Londres, 14 jul (PL) La primera ministra brit\u00e1nica, Theresa May, pidi\u00f3 tiempo a los l\u00edderes europeos para preparar las negociaciones sobre la salida de Reino Unido de la Uni\u00f3n Europea (UE), inform\u00f3 hoy un portavoz de la residencia oficial Downing Street.<\/span><\/p>\n<p><span class=\"text1noticias\"> <\/span><\/p>\n<p><span class=\"text1noticias\">Seg\u00fan indic\u00f3 la fuente, May convers\u00f3 en la noche del mi\u00e9rcoles con la canciller federal alemana, Angela Merkel, el presidente franc\u00e9s, Francois Hollande, y el primer ministro irland\u00e9s, Enda Kenny.<\/span><\/p>\n<p><span class=\"text1noticias\"> <\/span><\/p>\n<p><span class=\"text1noticias\">En todas las conversaciones telef\u00f3nicas -indic\u00f3 la fuente- la primera ministra puso \u00e9nfasis en su compromiso por cumplir la voluntad del pueblo brit\u00e1nico de abandonar la UE (Brexit).<\/span><\/p>\n<p><span class=\"text1noticias\"> <\/span><\/p>\n<p><span class=\"text1noticias\">La premier explic\u00f3 que necesitar\u00eda tiempo para preparar las negociaciones y habl\u00f3 de su esperanza de que \u00e9stas se lleven a cabo con esp\u00edritu constructivo y positivo.<\/span><\/p>\n<p><span class=\"text1noticias\"> <\/span><\/p>\n<p><span class=\"text1noticias\">Los l\u00edderes coincidieron en que est\u00e1n a favor de establecer relaciones constructivas y, a la vez, resaltaron la importancia de la cooperaci\u00f3n mutua.<\/span><\/p>\n<p><span class=\"text1noticias\"> <\/span><\/p>\n<p><span class=\"text1noticias\">Adem\u00e1s, Merkel y Hollande, invitaron a la tambi\u00e9n l\u00edder del Partido Conservador a visitar sus pa\u00edses.<\/span><\/p>\n<p><span class=\"text1noticias\"> <\/span><\/p>\n<p><span class=\"text1noticias\">Una vez m\u00e1s, los dirigentes pidieron al gobierno brit\u00e1nico pactar el divorcio con el bloque comunitario cuanto antes \u00abpara frenar la incertidumbre que provoca la situaci\u00f3n actual\u00bb.<\/span><\/p>\n<p><span class=\"text1noticias\"> <\/span><\/p>\n<p><span class=\"text1noticias\">Para hacer efectivo el Brexit Londres debe activar el art\u00edculo 50 del Tratado de la UE, momento a partir del cual Reino Unido tendr\u00e1 dos a\u00f1os para negociar la desconexi\u00f3n.<\/span><\/p>\n<p><span class=\"text1noticias\"> <\/span><\/p>\n<p><span class=\"text1noticias\">Las instituciones europeas aseguran que no aceptar\u00e1n ning\u00fan contacto formal o informal para hablar sobre el futuro de las relaciones del pa\u00eds saliente con los Estados miembros hasta que no se formalice el preoceso de separaci\u00f3n.<\/span><\/p>\n<p><span class=\"text1noticias\"> <\/span><\/p>\n<p><span class=\"text1noticias\">May asumi\u00f3 su cargo al frente del Gobierno este mi\u00e9rcoles y ya design\u00f3 a los principales ministros de su Ejecutivo al nombrar a Philip Hammond titular de Econom\u00eda, a Boris Johnson al frente de Exteriores y a Amber Rudd en Interior, mientras que el diputado David Davis ser\u00e1 el ministro para la salida <\/span>de la UE.<\/p>\n<h6> 2016-07-14 10:49:54 <\/h6>\n<p><!--\n<link rel=\"stylesheet\" href=\"css\/bootstrap.min.css\">\n\n\n<ul class=\"pagination\">\n\t    \n\t\n\n<li >\n\t<a href='?page_no=19037'>Previous<\/a>\n\t<\/li>\n\n\n       \n    \n\n<li><a href='?page_no=1'>1<\/a><\/li>\n\n\n\n<li><a href='?page_no=2'>2<\/a><\/li>\n\n\n\n<li><a>...<\/a><\/li>\n\n\n\n<li><a href='?page_no=19036'>19036<\/a><\/li>\n\n\n\n<li><a href='?page_no=19037'>19037<\/a><\/li>\n\n\n\n<li class='active'><a>19038<\/a><\/li>\n\n\n\n<li><a href='?page_no=19039'>19039<\/a><\/li>\n\n\n\n<li><a href='?page_no=19040'>19040<\/a><\/li>\n\n\n\n<li><a>...<\/a><\/li>\n\n\n\n<li><a href='?page_no=51012'>51012<\/a><\/li>\n\n\n\n<li><a href='?page_no=51013'>51013<\/a><\/li>\n\n    \n\t\n\n<li >\n\t<a href='?page_no=19039'>Next<\/a>\n\t<\/li>\n\n\n    \n\n<li><a href='?page_no=51013'>Last &rsaquo;&rsaquo;<\/a><\/li>\n\n<\/ul>\n\n\n--><br \/>\n<\/body><\/p>\n","protected":false},"excerpt":{"rendered":"<p>Londres, 14 jul (PL) La primera ministra brit\u00e1nica, Theresa May, pidi\u00f3 tiempo a los l\u00edderes europeos para preparar las negociaciones sobre la salida de Reino Unido de la Uni\u00f3n Europea (UE), inform\u00f3 hoy un portavoz de la residencia oficial Downing Street. Seg\u00fan indic\u00f3 la fuente, May convers\u00f3 en la noche del mi\u00e9rcoles con la canciller [&hellip;]<\/p>\n","protected":false},"author":3,"featured_media":0,"comment_status":"open","ping_status":"open","sticky":false,"template":"","format":"standard","meta":{"footnotes":""},"categories":[23],"tags":[],"class_list":["post-249393","post","type-post","status-publish","format-standard","hentry","category-internacional"],"_links":{"self":[{"href":"https:\/\/diariodominicano.com\/index.php?rest_route=\/wp\/v2\/posts\/249393","targetHints":{"allow":["GET"]}}],"collection":[{"href":"https:\/\/diariodominicano.com\/index.php?rest_route=\/wp\/v2\/posts"}],"about":[{"href":"https:\/\/diariodominicano.com\/index.php?rest_route=\/wp\/v2\/types\/post"}],"author":[{"embeddable":true,"href":"https:\/\/diariodominicano.com\/index.php?rest_route=\/wp\/v2\/users\/3"}],"replies":[{"embeddable":true,"href":"https:\/\/diariodominicano.com\/index.php?rest_route=%2Fwp%2Fv2%2Fcomments&post=249393"}],"version-history":[{"count":0,"href":"https:\/\/diariodominicano.com\/index.php?rest_route=\/wp\/v2\/posts\/249393\/revisions"}],"wp:attachment":[{"href":"https:\/\/diariodominicano.com\/index.php?rest_route=%2Fwp%2Fv2%2Fmedia&parent=249393"}],"wp:term":[{"taxonomy":"category","embeddable":true,"href":"https:\/\/diariodominicano.com\/index.php?rest_route=%2Fwp%2Fv2%2Fcategories&post=249393"},{"taxonomy":"post_tag","embeddable":true,"href":"https:\/\/diariodominicano.com\/index.php?rest_route=%2Fwp%2Fv2%2Ftags&post=249393"}],"curies":[{"name":"wp","href":"https:\/\/api.w.org\/{rel}","templated":true}]}}