{"id":249392,"date":"2016-07-14T10:57:32","date_gmt":"2016-07-14T10:57:32","guid":{"rendered":"http:\/\/diariodominicano.ddns.net\/?p=249392"},"modified":"2016-07-14T10:57:32","modified_gmt":"2016-07-14T10:57:32","slug":"arrestan-a-3-adolescentes-israelies-por-incendiar-vehiculos-de-arabes","status":"publish","type":"post","link":"https:\/\/diariodominicano.com\/?p=249392","title":{"rendered":"Arrestan a 3 adolescentes israel\u00edes por incendiar veh\u00edculos de \u00e1rabes"},"content":{"rendered":"<p><body><\/p>\n<p><span class=\"text1noticias\"> JERUSALEN, 14 jul  (Xinhua) &#8212; Tres adolescentes israel\u00edes fueron arrestados esta semana porque supuestamente incendiaron autom\u00f3viles de israel\u00edes \u00e1rabes en el norte de Israel el mes pasado luego de un ataque palestino a tiros en Tel Aviv.<\/span><\/p>\n<p><span class=\"text1noticias\"> <\/span><\/p>\n<p><span class=\"text1noticias\">     Los tres j\u00f3venes de 15 a\u00f1os de edad y originarios del norte de Israel, son acusados de incendiar dos veh\u00edculos en un estacionamiento el 10 de junio a las afueras de Yafa an-Naseriyye, un poblado \u00e1rabe en el norte de Israel, dijo hoy la vocera de la polic\u00eda, Luba Samri, en un comunicado.<\/span><\/p>\n<p><span class=\"text1noticias\"> <\/span><\/p>\n<p><span class=\"text1noticias\">     Los israel\u00edes \u00e1rabes son palestinos que permanecieron en Israel luego de la guerra de 1948 y son ciudadanos de pleno derecho, que constituyen el 20 por ciento de la poblaci\u00f3n.<\/span><\/p>\n<p><span class=\"text1noticias\"> <\/span><\/p>\n<p><span class=\"text1noticias\">     Los sospechosos pintaron con pintura en aerosol las palabras \u00abprice tag\u00bb (precio a pagar) y \u00abvenganza\u00bb en los muros cercanos, se\u00f1al\u00f3 Samri.<\/span><\/p>\n<p><span class=\"text1noticias\"> <\/span><\/p>\n<p><span class=\"text1noticias\">     Durante la investigaci\u00f3n, los tres se\u00f1alaron que su motivo fue el ataque del 8 de junio contra el restaurante Sarona en el centro de Tel Aviv, en el que cuatro israel\u00edes fueron asesinados por atacantes palestinos.<\/span><\/p>\n<p><span class=\"text1noticias\"> <\/span><\/p>\n<p><span class=\"text1noticias\">     Incendiar autos y pintar insultos raciales es parte de lo que se ha conocido en los a\u00f1os recientes como ataques de \u00abprice tag\u00bb. En ellos, radicales jud\u00edos, a menudo j\u00f3venes, realizan actividades de vandalismo en contra de sitios religiosos palestinos, israel\u00edes \u00e1rabes y a veces cristianos o musulmanes.<\/span><\/p>\n<p><span class=\"text1noticias\"> <\/span><\/p>\n<p><span class=\"text1noticias\">     Esos actos son llevados a  cabo normalmente luego de decisiones desfavorables del gobierno israel\u00ed respecto a los asentamientos, o tras ataques palestinos, as\u00ed como en protesta por el arresto de colonos radicales.<\/span><\/p>\n<p><span class=\"text1noticias\"> <\/span><\/p>\n<p><span class=\"text1noticias\">     Israel\u00edes y palestinos han estado sumidos en una ola de disturbios desde octubre que han cobrado las vidas de 216 palestinos y 34 israel\u00edes.<\/span><\/p>\n<p><span class=\"text1noticias\"> <\/span><\/p>\n<p><span class=\"text1noticias\">     Tambi\u00e9n hoy, las Fuerzas de Defensa de Israel (FDI) anunciaron el arresto de seis sospechosos palestinos en operaciones durante la noche en Cisjordania.<\/span><\/p>\n<p><span class=\"text1noticias\"> <\/span><\/p>\n<p><span class=\"text1noticias\">     Las fuerzas de seguridad decomisaron dos maquinas de fabricaci\u00f3n de armas en el \u00e1rea de Hebr\u00f3n y arrestaron a seis sospechosos palestinos, tres de ellos de Hebr\u00f3n, y dos m\u00e1s de Jenin.<\/span><\/p>\n<p><span class=\"text1noticias\"> <\/span><\/p>\n<p><span class=\"text1noticias\">     El sexto, un activista del grupo islamista Hamas, fue arrestado en el oeste de Hebr\u00f3n, informaron las FDI.<\/span><\/p>\n<p><span class=\"text1noticias\"> <\/span><\/p>\n<p><span class=\"text1noticias\">     De acuerdo con las FDI, desde principios de 2016, las fuerzas israel\u00edes han decomisado 19 maquinas de fabricaci\u00f3n de armas y m\u00e1s de 200 armas de fuego en Cisjordania.<\/span><\/p>\n<p><span class=\"text1noticias\"> <\/span><\/p>\n<p><span class=\"text1noticias\">     Los l\u00edderes israel\u00edes acusan a la Autoridad Nacional Palestina (ANP) de incitar a la violencia, mientras que los palestinos dicen que la ola m\u00e1s reciente de intranquilidad es resultado de 49 a\u00f1os de ocupaci\u00f3n israel\u00ed de los territorios de Cisjordania, Jerusal\u00e9n Oriental y la Franja de Gaza, hogar de varios millones de palestinos, y donde ellos desean establecer su pr<\/span>opio Estado.<\/p>\n<h6> 2016-07-14 10:57:32 <\/h6>\n<p><!--\n<link rel=\"stylesheet\" href=\"css\/bootstrap.min.css\">\n\n\n<ul class=\"pagination\">\n\t    \n\t\n\n<li >\n\t<a href='?page_no=19036'>Previous<\/a>\n\t<\/li>\n\n\n       \n    \n\n<li><a href='?page_no=1'>1<\/a><\/li>\n\n\n\n<li><a href='?page_no=2'>2<\/a><\/li>\n\n\n\n<li><a>...<\/a><\/li>\n\n\n\n<li><a href='?page_no=19035'>19035<\/a><\/li>\n\n\n\n<li><a href='?page_no=19036'>19036<\/a><\/li>\n\n\n\n<li class='active'><a>19037<\/a><\/li>\n\n\n\n<li><a href='?page_no=19038'>19038<\/a><\/li>\n\n\n\n<li><a href='?page_no=19039'>19039<\/a><\/li>\n\n\n\n<li><a>...<\/a><\/li>\n\n\n\n<li><a href='?page_no=51012'>51012<\/a><\/li>\n\n\n\n<li><a href='?page_no=51013'>51013<\/a><\/li>\n\n    \n\t\n\n<li >\n\t<a href='?page_no=19038'>Next<\/a>\n\t<\/li>\n\n\n    \n\n<li><a href='?page_no=51013'>Last &rsaquo;&rsaquo;<\/a><\/li>\n\n<\/ul>\n\n\n--><br \/>\n<\/body><\/p>\n","protected":false},"excerpt":{"rendered":"<p>JERUSALEN, 14 jul (Xinhua) &#8212; Tres adolescentes israel\u00edes fueron arrestados esta semana porque supuestamente incendiaron autom\u00f3viles de israel\u00edes \u00e1rabes en el norte de Israel el mes pasado luego de un ataque palestino a tiros en Tel Aviv. Los tres j\u00f3venes de 15 a\u00f1os de edad y originarios del norte de Israel, son acusados de incendiar [&hellip;]<\/p>\n","protected":false},"author":3,"featured_media":0,"comment_status":"open","ping_status":"open","sticky":false,"template":"","format":"standard","meta":{"footnotes":""},"categories":[23],"tags":[],"class_list":["post-249392","post","type-post","status-publish","format-standard","hentry","category-internacional"],"_links":{"self":[{"href":"https:\/\/diariodominicano.com\/index.php?rest_route=\/wp\/v2\/posts\/249392","targetHints":{"allow":["GET"]}}],"collection":[{"href":"https:\/\/diariodominicano.com\/index.php?rest_route=\/wp\/v2\/posts"}],"about":[{"href":"https:\/\/diariodominicano.com\/index.php?rest_route=\/wp\/v2\/types\/post"}],"author":[{"embeddable":true,"href":"https:\/\/diariodominicano.com\/index.php?rest_route=\/wp\/v2\/users\/3"}],"replies":[{"embeddable":true,"href":"https:\/\/diariodominicano.com\/index.php?rest_route=%2Fwp%2Fv2%2Fcomments&post=249392"}],"version-history":[{"count":0,"href":"https:\/\/diariodominicano.com\/index.php?rest_route=\/wp\/v2\/posts\/249392\/revisions"}],"wp:attachment":[{"href":"https:\/\/diariodominicano.com\/index.php?rest_route=%2Fwp%2Fv2%2Fmedia&parent=249392"}],"wp:term":[{"taxonomy":"category","embeddable":true,"href":"https:\/\/diariodominicano.com\/index.php?rest_route=%2Fwp%2Fv2%2Fcategories&post=249392"},{"taxonomy":"post_tag","embeddable":true,"href":"https:\/\/diariodominicano.com\/index.php?rest_route=%2Fwp%2Fv2%2Ftags&post=249392"}],"curies":[{"name":"wp","href":"https:\/\/api.w.org\/{rel}","templated":true}]}}