{"id":249391,"date":"2016-07-14T11:04:09","date_gmt":"2016-07-14T11:04:09","guid":{"rendered":"http:\/\/diariodominicano.ddns.net\/?p=249391"},"modified":"2016-07-14T11:04:09","modified_gmt":"2016-07-14T11:04:09","slug":"la-ue-lanza-una-nueva-ofensiva-contra-google-por-abuso-de-posicion-dominante","status":"publish","type":"post","link":"https:\/\/diariodominicano.com\/?p=249391","title":{"rendered":"La UE lanza una nueva ofensiva contra Google por abuso de posici\u00f3n dominante"},"content":{"rendered":"<p><body><\/p>\n<p><img decoding=\"async\" src=\"img3\/b504007d3d2de7d6e9be7c002e8e9bb32fe7727c.jpg\" \/>  <\/p>\n<\/p>\n<p>AFP\/Archivos \/ Karen Bleier<\/p>\n<p>Una pantalla muestra el logotipo de Google, en una fotograf\u00eda tomada el 11 de enero del a\u00f1o 2011 en Washington<\/p>\n<p>La Comisi\u00f3n Europea lanz\u00f3 este jueves una nueva ofensiva contra el gigante web estadounidense Google, al que acusa de abuso de posici\u00f3n dominante.<\/p>\n<p>El Ejecutivo europeo envi\u00f3 a Google dos \u00abpliegos de cargos\u00bb por pr\u00e1cticas contrarias a la competencia, una sobre sus pr\u00e1cticas publicitarias y otra sobre su servicio para comparar precios.<\/p>\n<p>En el primer caso, la Comisi\u00f3n inform\u00f3 a Google \u00abde su conclusi\u00f3n preliminar seg\u00fan la cual la empresa abus\u00f3 de su posici\u00f3n dominante al limitar artificialmente la posibilidad de que otras p\u00e1ginas web puedan desplegar publicidad de competidores de Google\u00bb.<\/p>\n<p>En el segundo caso, \u00abreforz\u00f3 (&#8230;) su conclusi\u00f3n preliminar en la que estima que Google abus\u00f3 de su posici\u00f3n dominante al favorecer sistem\u00e1ticamente su servicio para comparar precios en sus p\u00e1ginas de resultados\u00bb. Este es un cargo adicional al ya presentado en abril de 2015 sobre el mismo tema.<\/p>\n<p>\u00abSi nuestras investigaciones concluyen que Google viola las reglas de la UE sobre las pr\u00e1cticas contrarias a la competencia, la Comisi\u00f3n tiene el deber de actuar para proteger a los consumidores europeos y el ejercicio de la competencia justa en los mercados europeos\u00bb, declar\u00f3 la Comisaria europea de Competencia, Margrethe Vestager, en una rueda de prensa en Bruselas.<\/p>\n<p>\u00abGoogle y su matriz Alphabet tienen diez semanas para responder al pliego de cargos\u00bb, apunt\u00f3 el ejecutivo de la UE. \u00abCreemos que nuestras innovaciones y mejoras de los productos han ofrecido m\u00e1s opciones a los consumidores europeos y estimulado la competencia. Vamos a examinar las nuevas notas de la Comisi\u00f3n y dar una respuesta detallada en las pr\u00f3ximas semanas\u00bb, dijo Google a la AFP.<\/p>\n<p>&#8211; Tres investigaciones &#8211;<\/p>\n<p>Con esta nueva ofensiva, Google es ahora blanco de tres investigaciones de la UE por abuso de posici\u00f3n dominante. En abril, la UE acus\u00f3 a la multinacional de \u00ababusar de su posici\u00f3n dominante\u00bb en el mercado de los dispositivos m\u00f3viles con su sistema operativo Android, que controla m\u00e1s del 80% del mercado mundial.<\/p>\n<p>Seg\u00fan la Comisi\u00f3n, Google \u00abpersigue una estrategia\u00bb para los dispositivos m\u00f3viles que apunta a \u00abpreservar y reforzar su posici\u00f3n dominante en el sector de las b\u00fasquedas generales en internet\u00bb imponiendo a los fabricantes de los dispositivos que preinstalen Google Search y el navegador Chrome.<\/p>\n<p>La presunta posici\u00f3n dominante de Google no se limita \u00fanicamente a las b\u00faquedas en internet sino que se extiende a los sistemas operativos que necesitan una licencia y tambi\u00e9n a Google Play Store, el &#8216;quiosco&#8217; de venta de aplicaciones de Android.<\/p>\n<p>La Comisi\u00f3n Europea inform\u00f3 el mi\u00e9rcoles que hab\u00eda dado a Google un plazo adicional, hasta el 7 de septiembre, para que responda a las acusaciones sobre Android.<\/p>\n<p>La comisaria Vestager se reuni\u00f3 el mi\u00e9rcoles en Bruselas con el Secretario del Tesoro de Estados Unidos, que realizaba una gira por Europa.<\/p>\n<p>Este encuentro se produjo en un contexto de tensi\u00f3n entre Estados Unidos y la Comisi\u00f3n Europea por las investigaciones de la UE sobre las pr\u00e1cticas fiscales de multinacionales que seg\u00fan Washington apuntan \u00abde manera desproporcionada\u00bb a las compa\u00f1\u00edas estadounidenses.<\/p>\n<h6> 2016-07-14 11:04:09 <\/h6>\n<p><!--\n<link rel=\"stylesheet\" href=\"css\/bootstrap.min.css\">\n\n\n<ul class=\"pagination\">\n\t    \n\t\n\n<li >\n\t<a href='?page_no=19035'>Previous<\/a>\n\t<\/li>\n\n\n       \n    \n\n<li><a href='?page_no=1'>1<\/a><\/li>\n\n\n\n<li><a href='?page_no=2'>2<\/a><\/li>\n\n\n\n<li><a>...<\/a><\/li>\n\n\n\n<li><a href='?page_no=19034'>19034<\/a><\/li>\n\n\n\n<li><a href='?page_no=19035'>19035<\/a><\/li>\n\n\n\n<li class='active'><a>19036<\/a><\/li>\n\n\n\n<li><a href='?page_no=19037'>19037<\/a><\/li>\n\n\n\n<li><a href='?page_no=19038'>19038<\/a><\/li>\n\n\n\n<li><a>...<\/a><\/li>\n\n\n\n<li><a href='?page_no=51012'>51012<\/a><\/li>\n\n\n\n<li><a href='?page_no=51013'>51013<\/a><\/li>\n\n    \n\t\n\n<li >\n\t<a href='?page_no=19037'>Next<\/a>\n\t<\/li>\n\n\n    \n\n<li><a href='?page_no=51013'>Last &rsaquo;&rsaquo;<\/a><\/li>\n\n<\/ul>\n\n\n--><br \/>\n<\/body><\/p>\n","protected":false},"excerpt":{"rendered":"<p>AFP\/Archivos \/ Karen Bleier Una pantalla muestra el logotipo de Google, en una fotograf\u00eda tomada el 11 de enero del a\u00f1o 2011 en Washington La Comisi\u00f3n Europea lanz\u00f3 este jueves una nueva ofensiva contra el gigante web estadounidense Google, al que acusa de abuso de posici\u00f3n dominante. El Ejecutivo europeo envi\u00f3 a Google dos \u00abpliegos [&hellip;]<\/p>\n","protected":false},"author":3,"featured_media":0,"comment_status":"open","ping_status":"open","sticky":false,"template":"","format":"standard","meta":{"footnotes":""},"categories":[23],"tags":[],"class_list":["post-249391","post","type-post","status-publish","format-standard","hentry","category-internacional"],"_links":{"self":[{"href":"https:\/\/diariodominicano.com\/index.php?rest_route=\/wp\/v2\/posts\/249391","targetHints":{"allow":["GET"]}}],"collection":[{"href":"https:\/\/diariodominicano.com\/index.php?rest_route=\/wp\/v2\/posts"}],"about":[{"href":"https:\/\/diariodominicano.com\/index.php?rest_route=\/wp\/v2\/types\/post"}],"author":[{"embeddable":true,"href":"https:\/\/diariodominicano.com\/index.php?rest_route=\/wp\/v2\/users\/3"}],"replies":[{"embeddable":true,"href":"https:\/\/diariodominicano.com\/index.php?rest_route=%2Fwp%2Fv2%2Fcomments&post=249391"}],"version-history":[{"count":0,"href":"https:\/\/diariodominicano.com\/index.php?rest_route=\/wp\/v2\/posts\/249391\/revisions"}],"wp:attachment":[{"href":"https:\/\/diariodominicano.com\/index.php?rest_route=%2Fwp%2Fv2%2Fmedia&parent=249391"}],"wp:term":[{"taxonomy":"category","embeddable":true,"href":"https:\/\/diariodominicano.com\/index.php?rest_route=%2Fwp%2Fv2%2Fcategories&post=249391"},{"taxonomy":"post_tag","embeddable":true,"href":"https:\/\/diariodominicano.com\/index.php?rest_route=%2Fwp%2Fv2%2Ftags&post=249391"}],"curies":[{"name":"wp","href":"https:\/\/api.w.org\/{rel}","templated":true}]}}