{"id":249389,"date":"2016-07-14T11:13:02","date_gmt":"2016-07-14T11:13:02","guid":{"rendered":"http:\/\/diariodominicano.ddns.net\/?p=249389"},"modified":"2016-07-14T11:13:02","modified_gmt":"2016-07-14T11:13:02","slug":"theresa-may-empieza-a-trabajar-presionada-para-acelerar-el-brexit","status":"publish","type":"post","link":"https:\/\/diariodominicano.com\/?p=249389","title":{"rendered":"Theresa May empieza a trabajar presionada para acelerar el Brexit"},"content":{"rendered":"<p><body><\/p>\n<p><img decoding=\"async\" src=\"img3\/a574e9ec74e6ca97249afc0727da2120c35a4516.jpg\" \/>  <\/p>\n<\/p>\n<p>AFP \/ Justin Tallis<\/p>\n<p><strong>Theresa May saluda a las puertas del n\u00famero 10 de Downing Street, su nueva residencia oficial, tras asumir el cargo de primera ministra, el mi\u00e9rcoles 13 de julio en Londres<\/strong><\/p>\n<p>Theresa May inici\u00f3 este jueves su andadura como primera ministra de Reino Unido sometida a la presi\u00f3n de Europa, que exige un Brexit r\u00e1pido, y a las cr\u00edticas por algunos nombramientos en su nuevo gabinete, incluido el del euroesc\u00e9ptico y pol\u00e9mico Boris Johnson como ministro de Exteriores.<\/p>\n<p>Investida jefa del Gobierno el mi\u00e9rcoles, menos de tres semanas despu\u00e9s del referendo a favor de la salida de Reino Unido de la UE, la pol\u00edtica conservadora se comprometi\u00f3 a \u00abllevar a cabo el desaf\u00edo\u00bb del Brexit, prometiendo al mismo tiempo \u00abjusticia social\u00bb.<\/p>\n<p>El jueves por la ma\u00f1ana, el nuevo ministro de Finanzas brit\u00e1nico, Philip Hammond, pareci\u00f3 dar cuerpo a esa promesa al asegurar a los medios brit\u00e1nicos que no habr\u00e1 presupuesto de emergencia para el Brexit, y por tanto, quedan excluidas nuevas medidas de austeridad.<\/p>\n<p>Hammond, anteriormente ministro de Relaciones Exteriores, posterg\u00f3 los anuncios presupuestarios a la \u00abdeclaraci\u00f3n de oto\u00f1o\u00bb, habitualmente presentada a finales de noviembre o principios de diciembre, e inform\u00f3 de que durante la jornada se reunir\u00eda con el gobernador del Banco de Inglaterra.<\/p>\n<p>El banco central mantuvo este jueves sin cambios su pol\u00edtica monetaria, a pesar de que los analistas esperaban una flexibilizaci\u00f3n para impulsar la econom\u00eda frente a los riesgos del Brexit.<\/p>\n<p>Theresa May deber\u00eda anunciar a lo largo del d\u00eda el resto de miembros de su ejecutivo, tras dar el mi\u00e9rcoles el nombre de los principales titulares.<\/p>\n<p>Signo de la inmensa labor que espera a su Gobierno, May ha creado un ministerio enteramente dedicado al Brexit, del que se encargar\u00e1 David Davis, exsecretario de Estado de Asuntos Europeos.<\/p>\n<p>El principal partidario de la salida de Reino Unido de la UE, Boris Johnson, cuya carrera pol\u00edtica muchos ve\u00edan enterrada tras renunciar a la carrera por la jefatura de gobierno, obtuvo las llaves de la Foreign Office. Su entrada en el gobierno se col\u00f3 en las portadas brit\u00e1nicas.<\/p>\n<p>&#8211; \u00abUn c\u00edrculo vicioso\u00bb &#8211;<\/p>\n<p>Desde antes incluso de su investidura, May, primera mujer en dirigir el pa\u00eds desde Magaret Thatcher (entre 1979 y 1990), se ha visto sometida a la presi\u00f3n de los dirigentes europeos por poner en marcha el Brexit.<\/p>\n<p>\u00abTengo muchas ganas de trabajar estrechamente con usted y de conocer sus intenciones sobre este tema\u00bb, afirm\u00f3 el presidente de la Comisi\u00f3n Europea, Jean-Claude Juncker.<\/p>\n<p>Las dos primeras llamadas de May fueron a los l\u00edderes de las dos principales potencias europeas, Alemania y Francia.<\/p>\n<p>En esas conversaciones, la l\u00edder brit\u00e1nica subray\u00f3 su compromiso con el Brexit pero explic\u00f3 que se necesitar\u00e1 \u00abtiempo para preparar las negociaciones\u00bb, dijo el portavoz de Downing Street, a\u00f1adiendo que la primera ministra espera que las conversaciones \u00abse desarrollen con un esp\u00edritu constructivo y positivo\u00bb.<\/p>\n<p>Sus primeras decisiones fueron fr\u00edamente acogidas en Europa. El presidente del Parlamento Europeo, Martin Schulz afirm\u00f3 que, con su nuevo gobierno, May \u00abse centra en satisfacer la cohesi\u00f3n interna del Partido Conservador\u00bb y \u00abmenos en el futuro del pa\u00eds\u00bb.<\/p>\n<p>\u00abReino Unido debe romper ese c\u00edrculo vicioso y peligroso que tiene impactos directos sobre el resto de Europa\u00bb, consider\u00f3 Schulz en una declaraci\u00f3n transmitida a la AFP.<\/p>\n<p>La elecci\u00f3n de Johnson tambi\u00e9n ha provocado una oleada de cr\u00edticas y mofas en los medios de comunicaci\u00f3n y redes sociales de los distintos pa\u00edses de la Uni\u00f3n Europea.<\/p>\n<p>El presidente franc\u00e9s, Fran\u00e7ois Hollande, la canciller alemana, Angela Merkel, y el primer ministro italiano, Matteo Renzi, se reunir\u00e1n en agosto en Italia en una cumbre sobre el Brexit.<\/p>\n<p>En un editorial titulado &#8216;Nueva primera ministra, mismos problemas&#8217;, el diario The Guardian resum\u00eda los problemas actuales de Theresa May: \u00abSin dinero, sin una verdadera mayor\u00eda y con una creciente migra\u00f1a: Europa\u00bb.<\/p>\n<h6> 2016-07-14 11:13:02 <\/h6>\n<p><!--\n<link rel=\"stylesheet\" href=\"css\/bootstrap.min.css\">\n\n\n<ul class=\"pagination\">\n\t    \n\t\n\n<li >\n\t<a href='?page_no=19033'>Previous<\/a>\n\t<\/li>\n\n\n       \n    \n\n<li><a href='?page_no=1'>1<\/a><\/li>\n\n\n\n<li><a href='?page_no=2'>2<\/a><\/li>\n\n\n\n<li><a>...<\/a><\/li>\n\n\n\n<li><a href='?page_no=19032'>19032<\/a><\/li>\n\n\n\n<li><a href='?page_no=19033'>19033<\/a><\/li>\n\n\n\n<li class='active'><a>19034<\/a><\/li>\n\n\n\n<li><a href='?page_no=19035'>19035<\/a><\/li>\n\n\n\n<li><a href='?page_no=19036'>19036<\/a><\/li>\n\n\n\n<li><a>...<\/a><\/li>\n\n\n\n<li><a href='?page_no=51012'>51012<\/a><\/li>\n\n\n\n<li><a href='?page_no=51013'>51013<\/a><\/li>\n\n    \n\t\n\n<li >\n\t<a href='?page_no=19035'>Next<\/a>\n\t<\/li>\n\n\n    \n\n<li><a href='?page_no=51013'>Last &rsaquo;&rsaquo;<\/a><\/li>\n\n<\/ul>\n\n\n--><br \/>\n<\/body><\/p>\n","protected":false},"excerpt":{"rendered":"<p>AFP \/ Justin Tallis Theresa May saluda a las puertas del n\u00famero 10 de Downing Street, su nueva residencia oficial, tras asumir el cargo de primera ministra, el mi\u00e9rcoles 13 de julio en Londres Theresa May inici\u00f3 este jueves su andadura como primera ministra de Reino Unido sometida a la presi\u00f3n de Europa, que exige [&hellip;]<\/p>\n","protected":false},"author":3,"featured_media":0,"comment_status":"open","ping_status":"open","sticky":false,"template":"","format":"standard","meta":{"footnotes":""},"categories":[23],"tags":[],"class_list":["post-249389","post","type-post","status-publish","format-standard","hentry","category-internacional"],"_links":{"self":[{"href":"https:\/\/diariodominicano.com\/index.php?rest_route=\/wp\/v2\/posts\/249389","targetHints":{"allow":["GET"]}}],"collection":[{"href":"https:\/\/diariodominicano.com\/index.php?rest_route=\/wp\/v2\/posts"}],"about":[{"href":"https:\/\/diariodominicano.com\/index.php?rest_route=\/wp\/v2\/types\/post"}],"author":[{"embeddable":true,"href":"https:\/\/diariodominicano.com\/index.php?rest_route=\/wp\/v2\/users\/3"}],"replies":[{"embeddable":true,"href":"https:\/\/diariodominicano.com\/index.php?rest_route=%2Fwp%2Fv2%2Fcomments&post=249389"}],"version-history":[{"count":0,"href":"https:\/\/diariodominicano.com\/index.php?rest_route=\/wp\/v2\/posts\/249389\/revisions"}],"wp:attachment":[{"href":"https:\/\/diariodominicano.com\/index.php?rest_route=%2Fwp%2Fv2%2Fmedia&parent=249389"}],"wp:term":[{"taxonomy":"category","embeddable":true,"href":"https:\/\/diariodominicano.com\/index.php?rest_route=%2Fwp%2Fv2%2Fcategories&post=249389"},{"taxonomy":"post_tag","embeddable":true,"href":"https:\/\/diariodominicano.com\/index.php?rest_route=%2Fwp%2Fv2%2Ftags&post=249389"}],"curies":[{"name":"wp","href":"https:\/\/api.w.org\/{rel}","templated":true}]}}