{"id":249388,"date":"2016-07-14T11:37:36","date_gmt":"2016-07-14T11:37:36","guid":{"rendered":"http:\/\/diariodominicano.ddns.net\/?p=249388"},"modified":"2016-07-14T11:37:36","modified_gmt":"2016-07-14T11:37:36","slug":"china-defiende-conversaciones-bidireccionales-con-partes-involucradas","status":"publish","type":"post","link":"https:\/\/diariodominicano.com\/?p=249388","title":{"rendered":"China defiende conversaciones bidireccionales con partes involucradas"},"content":{"rendered":"<p><body><\/p>\n<p><span class=\"text1noticias\">  ULAN BATOR, 14 jul (Xinhua) &#8212; La problem\u00e1tica del Mar Meridional de China debe ser resuelta por las partes involucradas a trav\u00e9s de negociaciones bilaterales sobre la base de los hechos hist\u00f3ricos y conforme al derecho internacional y a la Declaraci\u00f3n sobre la Conducta de las Partes en el Mar Meridional de China (DOC), asever\u00f3 este jueves el primer ministro chino, Li Keqiang.<\/span><\/p>\n<p><span class=\"text1noticias\"> <\/span><\/p>\n<p><span class=\"text1noticias\">     Li hizo estas declaraciones durante una reuni\u00f3n con el primer ministro vietnamita, Nguyen Xuan Phuc, en la capital de Mongolia.<\/span><\/p>\n<p><span class=\"text1noticias\"> <\/span><\/p>\n<p><span class=\"text1noticias\">     Los dos l\u00edderes participar\u00e1n en la XI cumbre de la Reuni\u00f3n Asia-Europa (ASEM, siglas en ingl\u00e9s), que se celebrar\u00e1 en Ul\u00e1n Bator entre el 15 y 16 de julio.<\/span><\/p>\n<p><span class=\"text1noticias\"> <\/span><\/p>\n<p><span class=\"text1noticias\">     El premier chino inst\u00f3 a Hanoi a valorar el \u00edmpetu, logrado con dificultad, en el desarrollo de las relaciones bilaterales y a salvaguardar la paz y la estabilidad en el Mar Meridional de China junto con Beijing.<\/span><\/p>\n<p><span class=\"text1noticias\"> <\/span><\/p>\n<p><span class=\"text1noticias\">     Nguyen Xuan Phuc, por su parte, resalt\u00f3 que Vietnam respeta la postura de China en el arbitraje iniciado unilateralmente por Filipinas, y mantiene que las disputas deben ser resueltas de manera pac\u00edfica a trav\u00e9s de negociaciones.<\/span><\/p>\n<p><span class=\"text1noticias\"> <\/span><\/p>\n<p><span class=\"text1noticias\">     En cuanto al fallo emitido el martes por un tribunal arbitral en La Haya, Li manifest\u00f3 que China ha dejado muy clara su postura de no reconocer ni aceptar el veredicto. La DOC ha ayudado a mantener la paz y la estabilidad en el Mar Meridional de China durante los \u00faltimos a\u00f1os, recalc\u00f3.<\/span><\/p>\n<p><span class=\"text1noticias\"> <\/span><\/p>\n<p><span class=\"text1noticias\">     La DOC, firmada en 2002 por China y los pa\u00edses miembros, entre ellos Filipinas, de la Asociaci\u00f3n de Naciones del Sudeste Asi\u00e1tico (ASEAN, siglas en ingl\u00e9s), estipula que las partes concernidas se comprometen a resolver pac\u00edficamente las disputas territoriales y jurisdiccionales a trav\u00e9s de consultas y negociaciones amistosas por parte de los Estados soberanos directamente involucrados.<\/span><\/p>\n<p><span class=\"text1noticias\"> <\/span><\/p>\n<p><span class=\"text1noticias\">     Las relaciones entre China y Vietnam, dijo Li, han mostrado un \u00edmpetu positivo desde el a\u00f1o pasado, y se est\u00e1n obteniendo r\u00e1pidos resultados en la cooperaci\u00f3n mar\u00edtima, terrestre y financiera.<\/span><\/p>\n<p><span class=\"text1noticias\"> <\/span><\/p>\n<p><span class=\"text1noticias\">     China est\u00e1 dispuesta a trabajar con Vietnam para acelerar la alineaci\u00f3n de sus respectivas estrategias de desarrollo, realizar progresos s\u00f3lidos en la cooperaci\u00f3n de capacidad productiva, as\u00ed como para definir y arrancar los proyectos de cooperaci\u00f3n priorizados en una fecha pr\u00f3xima, con el fin de promover el desarrollo del comercio bilateral de manera equilibrada y sostenida, indic\u00f3 Li.<\/span><\/p>\n<p><span class=\"text1noticias\"> <\/span><\/p>\n<p><span class=\"text1noticias\">     El primer ministro chino tambi\u00e9n exhort\u00f3 a ambas partes a mejorar la cooperaci\u00f3n mar\u00edtima, al tiempo que promueven el trabajo de seguimiento de una inspecci\u00f3n conjunta en las aguas fuera del golfo de Beibu, fronterizo con los dos pa\u00edses.<\/span><\/p>\n<p><span class=\"text1noticias\"> <\/span><\/p>\n<p><span class=\"text1noticias\">     Adem\u00e1s, China y Vietnam deber\u00edan ampliar activamente los intercambios interpersonales y alimentar una amistad sincera entre los dos pueblos, en particular entre las generaciones j\u00f3venes, subray\u00f3 Li, e inst\u00f3 a unos esfuerzos concertados de ambas partes en favor de un desarrollo saludable y constante de su cooperaci\u00f3n estrat\u00e9gica integral.<\/span><\/p>\n<p><span class=\"text1noticias\"> <\/span><\/p>\n<p><span class=\"text1noticias\">     Phuc dijo, por su parte, que Vietnam y China disfrutan de una \u00abrelaci\u00f3n fraternal y de camarader\u00eda\u00bb, en la que los intereses compartidos superan significativamente a las diferencias.<\/span><\/p>\n<p><span class=\"text1noticias\"> <\/span><\/p>\n<p><span class=\"text1noticias\">     Hanoi considera sus lazos con Beijing como una de las m\u00e1ximas prioridades de sus relaciones exteriores, y est\u00e1 dispuesto a mantener los intercambios de alto nivel con China y a fomentar su cooperaci\u00f3n en multitud de campos, de manera equilibrada y saludable, recalc\u00f3.<\/span><\/p>\n<p><span class=\"text1noticias\"> <\/span><\/p>\n<p><span class=\"text1noticias\">     Vietnam est\u00e1 preparado para impulsar el mecanismo de las negociaciones mar\u00edtimas bilaterales y gestionar apropiadamente sus diferencias con China, para contribuir as\u00ed a la paz y la estabilidad regionales, <\/span>asever\u00f3 Phuc.<\/p>\n<h6> 2016-07-14 11:37:36 <\/h6>\n<p><!--\n<link rel=\"stylesheet\" href=\"css\/bootstrap.min.css\">\n\n\n<ul class=\"pagination\">\n\t    \n\t\n\n<li >\n\t<a href='?page_no=19032'>Previous<\/a>\n\t<\/li>\n\n\n       \n    \n\n<li><a href='?page_no=1'>1<\/a><\/li>\n\n\n\n<li><a href='?page_no=2'>2<\/a><\/li>\n\n\n\n<li><a>...<\/a><\/li>\n\n\n\n<li><a href='?page_no=19031'>19031<\/a><\/li>\n\n\n\n<li><a href='?page_no=19032'>19032<\/a><\/li>\n\n\n\n<li class='active'><a>19033<\/a><\/li>\n\n\n\n<li><a href='?page_no=19034'>19034<\/a><\/li>\n\n\n\n<li><a href='?page_no=19035'>19035<\/a><\/li>\n\n\n\n<li><a>...<\/a><\/li>\n\n\n\n<li><a href='?page_no=51012'>51012<\/a><\/li>\n\n\n\n<li><a href='?page_no=51013'>51013<\/a><\/li>\n\n    \n\t\n\n<li >\n\t<a href='?page_no=19034'>Next<\/a>\n\t<\/li>\n\n\n    \n\n<li><a href='?page_no=51013'>Last &rsaquo;&rsaquo;<\/a><\/li>\n\n<\/ul>\n\n\n--><br \/>\n<\/body><\/p>\n","protected":false},"excerpt":{"rendered":"<p>ULAN BATOR, 14 jul (Xinhua) &#8212; La problem\u00e1tica del Mar Meridional de China debe ser resuelta por las partes involucradas a trav\u00e9s de negociaciones bilaterales sobre la base de los hechos hist\u00f3ricos y conforme al derecho internacional y a la Declaraci\u00f3n sobre la Conducta de las Partes en el Mar Meridional de China (DOC), asever\u00f3 [&hellip;]<\/p>\n","protected":false},"author":3,"featured_media":0,"comment_status":"open","ping_status":"open","sticky":false,"template":"","format":"standard","meta":{"footnotes":""},"categories":[23],"tags":[],"class_list":["post-249388","post","type-post","status-publish","format-standard","hentry","category-internacional"],"_links":{"self":[{"href":"https:\/\/diariodominicano.com\/index.php?rest_route=\/wp\/v2\/posts\/249388","targetHints":{"allow":["GET"]}}],"collection":[{"href":"https:\/\/diariodominicano.com\/index.php?rest_route=\/wp\/v2\/posts"}],"about":[{"href":"https:\/\/diariodominicano.com\/index.php?rest_route=\/wp\/v2\/types\/post"}],"author":[{"embeddable":true,"href":"https:\/\/diariodominicano.com\/index.php?rest_route=\/wp\/v2\/users\/3"}],"replies":[{"embeddable":true,"href":"https:\/\/diariodominicano.com\/index.php?rest_route=%2Fwp%2Fv2%2Fcomments&post=249388"}],"version-history":[{"count":0,"href":"https:\/\/diariodominicano.com\/index.php?rest_route=\/wp\/v2\/posts\/249388\/revisions"}],"wp:attachment":[{"href":"https:\/\/diariodominicano.com\/index.php?rest_route=%2Fwp%2Fv2%2Fmedia&parent=249388"}],"wp:term":[{"taxonomy":"category","embeddable":true,"href":"https:\/\/diariodominicano.com\/index.php?rest_route=%2Fwp%2Fv2%2Fcategories&post=249388"},{"taxonomy":"post_tag","embeddable":true,"href":"https:\/\/diariodominicano.com\/index.php?rest_route=%2Fwp%2Fv2%2Ftags&post=249388"}],"curies":[{"name":"wp","href":"https:\/\/api.w.org\/{rel}","templated":true}]}}