{"id":249387,"date":"2016-07-14T11:53:16","date_gmt":"2016-07-14T11:53:16","guid":{"rendered":"http:\/\/diariodominicano.ddns.net\/?p=249387"},"modified":"2016-07-14T11:53:16","modified_gmt":"2016-07-14T11:53:16","slug":"actividad-economica-de-brasil-registra-mayor-descenso","status":"publish","type":"post","link":"https:\/\/diariodominicano.com\/?p=249387","title":{"rendered":"Actividad econ\u00f3mica de Brasil registra mayor descenso"},"content":{"rendered":"<p><body><\/p>\n<p><span class=\"text1noticias\">  RIO DE JANEIRO, 14 jul (Xinhua) &#8212; La actividad econ\u00f3mica en Brasil baj\u00f3 0,51 por ciento en mayo pasado ante abril, el mayor descenso desde enero de 2010, y acumul\u00f3 una contracci\u00f3n de 5,43 por ciento en 12 meses, inform\u00f3 hoy el Banco Central (BC).<\/span><\/p>\n<p><span class=\"text1noticias\"> <\/span><\/p>\n<p><span class=\"text1noticias\">     Seg\u00fan el Indice de Actividad Econ\u00f3mica, considerado como previo de la tendencia del producto interno bruto (PIB), la actividad econ\u00f3mica acumul\u00f3 un descenso de 5,79 por ciento en los primeros cinco meses del a\u00f1o.<\/span><\/p>\n<p><span class=\"text1noticias\"> <\/span><\/p>\n<p><span class=\"text1noticias\">     La entidad report\u00f3 que en comparaci\u00f3n con mayo de 2015, la contracci\u00f3n fue del 4,92 por ciento en el pa\u00eds sudamericano.<\/span><\/p>\n<p><span class=\"text1noticias\"> <\/span><\/p>\n<p><span class=\"text1noticias\">     El resultado muestra las dificultades que atraviesa la econom\u00eda brasile\u00f1a, que vive una profunda recesi\u00f3n tras contraerse 3,8 por ciento en 2015, el peor resultado en 25 a\u00f1os.<\/span><\/p>\n<p><span class=\"text1noticias\"> <\/span><\/p>\n<p><span class=\"text1noticias\">     De acuerdo con la previsi\u00f3n del mercado financiero, la econom\u00eda nacional se contraer\u00e1 3,3 por ciento en 2016, con lo que registrar\u00e1 por primera vez dos a\u00f1os negativos consecutivos.<\/span><\/p>\n<p><span class=\"text1noticias\"> <\/span><\/p>\n<p><span class=\"text1noticias\">     A ello se suma una elevada inflaci\u00f3n, que en 2015 cerr\u00f3 en 10,67 por ciento, lo que oblig\u00f3 al BC a elevar las tasas de inter\u00e9s de referencia a 14,25 por ciento anual, el mayor nivel en varios <\/span>a\u00f1os.<\/p>\n<h6> 2016-07-14 11:53:16 <\/h6>\n<p><!--\n<link rel=\"stylesheet\" href=\"css\/bootstrap.min.css\">\n\n\n<ul class=\"pagination\">\n\t    \n\t\n\n<li >\n\t<a href='?page_no=19031'>Previous<\/a>\n\t<\/li>\n\n\n       \n    \n\n<li><a href='?page_no=1'>1<\/a><\/li>\n\n\n\n<li><a href='?page_no=2'>2<\/a><\/li>\n\n\n\n<li><a>...<\/a><\/li>\n\n\n\n<li><a href='?page_no=19030'>19030<\/a><\/li>\n\n\n\n<li><a href='?page_no=19031'>19031<\/a><\/li>\n\n\n\n<li class='active'><a>19032<\/a><\/li>\n\n\n\n<li><a href='?page_no=19033'>19033<\/a><\/li>\n\n\n\n<li><a href='?page_no=19034'>19034<\/a><\/li>\n\n\n\n<li><a>...<\/a><\/li>\n\n\n\n<li><a href='?page_no=51012'>51012<\/a><\/li>\n\n\n\n<li><a href='?page_no=51013'>51013<\/a><\/li>\n\n    \n\t\n\n<li >\n\t<a href='?page_no=19033'>Next<\/a>\n\t<\/li>\n\n\n    \n\n<li><a href='?page_no=51013'>Last &rsaquo;&rsaquo;<\/a><\/li>\n\n<\/ul>\n\n\n--><br \/>\n<\/body><\/p>\n","protected":false},"excerpt":{"rendered":"<p>RIO DE JANEIRO, 14 jul (Xinhua) &#8212; La actividad econ\u00f3mica en Brasil baj\u00f3 0,51 por ciento en mayo pasado ante abril, el mayor descenso desde enero de 2010, y acumul\u00f3 una contracci\u00f3n de 5,43 por ciento en 12 meses, inform\u00f3 hoy el Banco Central (BC). Seg\u00fan el Indice de Actividad Econ\u00f3mica, considerado como previo de [&hellip;]<\/p>\n","protected":false},"author":3,"featured_media":0,"comment_status":"open","ping_status":"open","sticky":false,"template":"","format":"standard","meta":{"footnotes":""},"categories":[23],"tags":[],"class_list":["post-249387","post","type-post","status-publish","format-standard","hentry","category-internacional"],"_links":{"self":[{"href":"https:\/\/diariodominicano.com\/index.php?rest_route=\/wp\/v2\/posts\/249387","targetHints":{"allow":["GET"]}}],"collection":[{"href":"https:\/\/diariodominicano.com\/index.php?rest_route=\/wp\/v2\/posts"}],"about":[{"href":"https:\/\/diariodominicano.com\/index.php?rest_route=\/wp\/v2\/types\/post"}],"author":[{"embeddable":true,"href":"https:\/\/diariodominicano.com\/index.php?rest_route=\/wp\/v2\/users\/3"}],"replies":[{"embeddable":true,"href":"https:\/\/diariodominicano.com\/index.php?rest_route=%2Fwp%2Fv2%2Fcomments&post=249387"}],"version-history":[{"count":0,"href":"https:\/\/diariodominicano.com\/index.php?rest_route=\/wp\/v2\/posts\/249387\/revisions"}],"wp:attachment":[{"href":"https:\/\/diariodominicano.com\/index.php?rest_route=%2Fwp%2Fv2%2Fmedia&parent=249387"}],"wp:term":[{"taxonomy":"category","embeddable":true,"href":"https:\/\/diariodominicano.com\/index.php?rest_route=%2Fwp%2Fv2%2Fcategories&post=249387"},{"taxonomy":"post_tag","embeddable":true,"href":"https:\/\/diariodominicano.com\/index.php?rest_route=%2Fwp%2Fv2%2Ftags&post=249387"}],"curies":[{"name":"wp","href":"https:\/\/api.w.org\/{rel}","templated":true}]}}