{"id":249386,"date":"2016-07-14T13:46:31","date_gmt":"2016-07-14T13:46:31","guid":{"rendered":"http:\/\/diariodominicano.ddns.net\/?p=249386"},"modified":"2016-07-14T13:46:31","modified_gmt":"2016-07-14T13:46:31","slug":"estado-islamico-admite-muerte-de-su-ministro-de-guerra","status":"publish","type":"post","link":"https:\/\/diariodominicano.com\/?p=249386","title":{"rendered":"&#13;Estado Isl\u00e1mico admite muerte de su \u00abMinistro de Guerra\u00bb"},"content":{"rendered":"<p><body><\/p>\n<p><img decoding=\"async\" src=\"img3\/ministro-defensa-ei.jpg\" \/>  <\/p>\n<\/p>\n<\/p>\n<p>Damasco, 14 jul (PL) Omar el Checheno, \u00abMinistro de Guerra\u00bb del grupo terrorista Estado Isl\u00e1mico (EI), Daesh, en \u00e1rabe, muri\u00f3 en cicunstancias sin precisar, seg\u00fan un reporte divulgado en las redes sociales y conocido aqu\u00ed.<\/p>\n<\/p>\n<p>De acuerdo con fotos e informaciones difundidas a trav\u00e9s de internet, Abu Omar al Shishani, de origen checheno, era el encargado de programar operaciones de combate en Raqqa, Siria y Mosul, Irak.<\/p>\n<\/p>\n<p>Las versiones indicaron que tambi\u00e9n era el encargado de reclutar para el Daesh a mercenarios extranjeros y que su ingreso a territorio sirio se produjo en una fecha no definida cuando rob\u00f3 varios veh\u00edculos Humvee en Mosul.<\/p>\n<\/p>\n<p>\u00abFue un soldado perfecto desde el primer d\u00eda y todos sab\u00edamos que era una estrella. Todos fuimos entrenados por las unidades especiales de EE.UU. y \u00e9l era el alumno estrella\u00bb, coment\u00f3 uno de sus excompa\u00f1eros que pidi\u00f3 el anonimato en el ej\u00e9rcito georgiano, donde sirvi\u00f3 entre 2006 y 2010.<\/p>\n<\/p>\n<p>\u00abShishani era \u00fanico entre los comandantes del EI\u00bb, seg\u00fan lo defini\u00f3 Daveed Gartenstein-Ross, de la Fundaci\u00f3n para la Defensa de las Democracias, de Estados Unidos y al cual cit\u00f3 una informaci\u00f3n de la cadena Russia Today.<\/p>\n<\/p>\n<p>Testimonios de combatientes sirios y textos requisados tras la recuperaci\u00c3?n de la hist\u00f3rica ciudad de Palmira, a fines de marzo de este a\u00f1o, demostraron que Daesh utiliz\u00f3 a efectivos chechenos especialmente entrenados como primera tropa de choque en esa regi\u00f3n.<\/p>\n<\/p>\n<p>En medios militares sirios y rusos no se descarta que Omar el Checheno intervino en la resistencia del Daesh en Palmira y el posterior repliegue hacia Raqqa, cabecera de la norte\u00f1a provincia siria de igual nombre y proclamada \u00abcapital\u00bb del Estado Isl\u00e1mico.<\/p>\n<h6> 2016-07-14 13:46:31 <\/h6>\n<p><!--\n<link rel=\"stylesheet\" href=\"css\/bootstrap.min.css\">\n\n\n<ul class=\"pagination\">\n\t    \n\t\n\n<li >\n\t<a href='?page_no=19030'>Previous<\/a>\n\t<\/li>\n\n\n       \n    \n\n<li><a href='?page_no=1'>1<\/a><\/li>\n\n\n\n<li><a href='?page_no=2'>2<\/a><\/li>\n\n\n\n<li><a>...<\/a><\/li>\n\n\n\n<li><a href='?page_no=19029'>19029<\/a><\/li>\n\n\n\n<li><a href='?page_no=19030'>19030<\/a><\/li>\n\n\n\n<li class='active'><a>19031<\/a><\/li>\n\n\n\n<li><a href='?page_no=19032'>19032<\/a><\/li>\n\n\n\n<li><a href='?page_no=19033'>19033<\/a><\/li>\n\n\n\n<li><a>...<\/a><\/li>\n\n\n\n<li><a href='?page_no=51012'>51012<\/a><\/li>\n\n\n\n<li><a href='?page_no=51013'>51013<\/a><\/li>\n\n    \n\t\n\n<li >\n\t<a href='?page_no=19032'>Next<\/a>\n\t<\/li>\n\n\n    \n\n<li><a href='?page_no=51013'>Last &rsaquo;&rsaquo;<\/a><\/li>\n\n<\/ul>\n\n\n--><br \/>\n<\/body><\/p>\n","protected":false},"excerpt":{"rendered":"<p>Damasco, 14 jul (PL) Omar el Checheno, \u00abMinistro de Guerra\u00bb del grupo terrorista Estado Isl\u00e1mico (EI), Daesh, en \u00e1rabe, muri\u00f3 en cicunstancias sin precisar, seg\u00fan un reporte divulgado en las redes sociales y conocido aqu\u00ed. De acuerdo con fotos e informaciones difundidas a trav\u00e9s de internet, Abu Omar al Shishani, de origen checheno, era el [&hellip;]<\/p>\n","protected":false},"author":3,"featured_media":0,"comment_status":"open","ping_status":"open","sticky":false,"template":"","format":"standard","meta":{"footnotes":""},"categories":[23],"tags":[],"class_list":["post-249386","post","type-post","status-publish","format-standard","hentry","category-internacional"],"_links":{"self":[{"href":"https:\/\/diariodominicano.com\/index.php?rest_route=\/wp\/v2\/posts\/249386","targetHints":{"allow":["GET"]}}],"collection":[{"href":"https:\/\/diariodominicano.com\/index.php?rest_route=\/wp\/v2\/posts"}],"about":[{"href":"https:\/\/diariodominicano.com\/index.php?rest_route=\/wp\/v2\/types\/post"}],"author":[{"embeddable":true,"href":"https:\/\/diariodominicano.com\/index.php?rest_route=\/wp\/v2\/users\/3"}],"replies":[{"embeddable":true,"href":"https:\/\/diariodominicano.com\/index.php?rest_route=%2Fwp%2Fv2%2Fcomments&post=249386"}],"version-history":[{"count":0,"href":"https:\/\/diariodominicano.com\/index.php?rest_route=\/wp\/v2\/posts\/249386\/revisions"}],"wp:attachment":[{"href":"https:\/\/diariodominicano.com\/index.php?rest_route=%2Fwp%2Fv2%2Fmedia&parent=249386"}],"wp:term":[{"taxonomy":"category","embeddable":true,"href":"https:\/\/diariodominicano.com\/index.php?rest_route=%2Fwp%2Fv2%2Fcategories&post=249386"},{"taxonomy":"post_tag","embeddable":true,"href":"https:\/\/diariodominicano.com\/index.php?rest_route=%2Fwp%2Fv2%2Ftags&post=249386"}],"curies":[{"name":"wp","href":"https:\/\/api.w.org\/{rel}","templated":true}]}}