{"id":249385,"date":"2016-07-14T13:51:12","date_gmt":"2016-07-14T13:51:12","guid":{"rendered":"http:\/\/diariodominicano.ddns.net\/?p=249385"},"modified":"2016-07-14T13:51:12","modified_gmt":"2016-07-14T13:51:12","slug":"rajoy-buscara-abstencion-del-psoe-para-formar-gobierno-en-espana-2","status":"publish","type":"post","link":"https:\/\/diariodominicano.com\/?p=249385","title":{"rendered":"&#13;Rajoy buscar\u00e1 abstenci\u00f3n del PSOE para formar gobierno en Espa\u00f1a"},"content":{"rendered":"<p><body><\/p>\n<p><img decoding=\"async\" src=\"img3\/rajoy.jpg\" \/>  <\/p>\n<\/p>\n<p>Madrid, 14 jul (PL) El l\u00edder del conservador Partido Popular (PP), Mariano Rajoy, buscar\u00e1 a partir de hoy la abstenci\u00f3n del Partido Socialista Obrero Espa\u00f1ol (PSOE) y el apoyo del centroderechista Ciudadanos (C\u00bbs) para desbloquear la conformaci\u00f3n de un gobierno.<\/p>\n<\/p>\n<p>En declaraciones a la radioemisora Onda Cero, el vicesecretario de Organizaci\u00f3n del PP, Fernando Mart\u00ednez-Maillo, dijo este jueves que Rajoy negociar\u00e1 con \u00abdiscreci\u00f3n\u00bb para conseguir ambas cosas de cara a su posible investidura como presidente del Ejecutivo.<\/p>\n<\/p>\n<p>A su juicio, esa apuesta por mantener las conservaciones en la m\u00e1s absoluta reserva es perfectamente compatible con la transparencia de dar cuenta luego del contenido de los acuerdos.<\/p>\n<\/p>\n<p>Tras culminar la v\u00edspera una primera ronda de contactos con los partidos sin sumar ni un aliado a su pretendida reelecci\u00f3n, el propio Rajoy opin\u00f3 que la clave para que el proceso pueda desarrollarse con \u00e9xito es no hacer p\u00fablico cada paso.<\/p>\n<\/p>\n<p>Jefe del Gobierno en funciones desde diciembre, el m\u00e1ximo dirigente de los conservadores pretende revertir las decisiones de los l\u00edderes del PSOE, Pedro S\u00e1nchez, y de C&#8217;s, Albert Rivera, segunda y cuarta fuerzas parlamentarias con 85 y 32 diputados, respectivamente.<\/p>\n<\/p>\n<p>Mientras el primero le comunic\u00f3 la negativa de la agrupaci\u00f3n socialdem\u00f3crata a favorecer un nuevo mandato del PP en el gubernamental Palacio de la Moncloa, el segundo anunci\u00f3 que se abstendr\u00e1 en una segunda votaci\u00f3n.<\/p>\n<\/p>\n<p>Interrogado la v\u00edspera sobre si los socialistas estar\u00edan dispuestos a abstenerse en una votaci\u00f3n de investidura si Rajoy logra otros aliados, S\u00e1nchez fue menos categ\u00f3rico que en declaraciones anteriores.<\/p>\n<\/p>\n<p>\u00abEl Partido Socialista estar\u00e1 en la soluci\u00f3n\u00bb, asegur\u00f3 tras se\u00f1alar que se deben respetar los tiempos y plazos, en alusi\u00f3n al proceso iniciado despu\u00e9s de las elecciones generales del 26 de junio, una repetici\u00f3n de las realizadas el 20 de diciembre ante su inconcluso desenlace.<\/p>\n<\/p>\n<p>Seg\u00fan el sistema parlamentario espa\u00f1ol, una vez celebrados los comicios corresponde al Congreso de los Diputados designar al presidente del Gobierno, que para ser investido necesita mayor\u00eda absoluta en una primera vuelta, es decir 176 votos.<\/p>\n<\/p>\n<p>En caso de no conseguirlos, 48 horas despu\u00e9s se procede a una segunda votaci\u00f3n y entonces el requisito es lograr mayor\u00eda simple (m\u00e1s votos a favor que en contra) en la C\u00e1mara baja, integrada por 350 miembros.<\/p>\n<\/p>\n<p>Mart\u00ednez-Maillo se mostr\u00f3 optimista en que tanto el PSOE como Ciudadanos cambien de posici\u00f3n en \u00ablos pr\u00f3ximos d\u00edas\u00bb para conseguir la abstenci\u00f3n de unos y el voto a favor de los otros a la investidura del mandatario saliente.<\/p>\n<\/p>\n<p>A partir del martes, cuando se constituyan las Cortes (parlamento bicameral), debe abrirse una segunda ronda de negociaciones en Espa\u00f1a, pero \u00abhoy por hoy\u00bb no hay ninguna otra posibilidad que no sea la reelecci\u00f3n de Rajoy, asever\u00f3 el vicesecretario del PP.<\/p>\n<\/p>\n<p>Reconoci\u00f3 que si el conservador no obtiene el respaldo necesario para ser investido, entre todos los partidos tendr\u00edan que buscar una soluci\u00f3n para no obligar a los espa\u00f1oles a acudir a una tercera cita con las urnas.<\/p>\n<h6> 2016-07-14 13:51:12 <\/h6>\n<p><!--\n<link rel=\"stylesheet\" href=\"css\/bootstrap.min.css\">\n\n\n<ul class=\"pagination\">\n\t    \n\t\n\n<li >\n\t<a href='?page_no=19029'>Previous<\/a>\n\t<\/li>\n\n\n       \n    \n\n<li><a href='?page_no=1'>1<\/a><\/li>\n\n\n\n<li><a href='?page_no=2'>2<\/a><\/li>\n\n\n\n<li><a>...<\/a><\/li>\n\n\n\n<li><a href='?page_no=19028'>19028<\/a><\/li>\n\n\n\n<li><a href='?page_no=19029'>19029<\/a><\/li>\n\n\n\n<li class='active'><a>19030<\/a><\/li>\n\n\n\n<li><a href='?page_no=19031'>19031<\/a><\/li>\n\n\n\n<li><a href='?page_no=19032'>19032<\/a><\/li>\n\n\n\n<li><a>...<\/a><\/li>\n\n\n\n<li><a href='?page_no=51012'>51012<\/a><\/li>\n\n\n\n<li><a href='?page_no=51013'>51013<\/a><\/li>\n\n    \n\t\n\n<li >\n\t<a href='?page_no=19031'>Next<\/a>\n\t<\/li>\n\n\n    \n\n<li><a href='?page_no=51013'>Last &rsaquo;&rsaquo;<\/a><\/li>\n\n<\/ul>\n\n\n--><br \/>\n<\/body><\/p>\n","protected":false},"excerpt":{"rendered":"<p>Madrid, 14 jul (PL) El l\u00edder del conservador Partido Popular (PP), Mariano Rajoy, buscar\u00e1 a partir de hoy la abstenci\u00f3n del Partido Socialista Obrero Espa\u00f1ol (PSOE) y el apoyo del centroderechista Ciudadanos (C\u00bbs) para desbloquear la conformaci\u00f3n de un gobierno. En declaraciones a la radioemisora Onda Cero, el vicesecretario de Organizaci\u00f3n del PP, Fernando Mart\u00ednez-Maillo, [&hellip;]<\/p>\n","protected":false},"author":3,"featured_media":0,"comment_status":"open","ping_status":"open","sticky":false,"template":"","format":"standard","meta":{"footnotes":""},"categories":[23],"tags":[],"class_list":["post-249385","post","type-post","status-publish","format-standard","hentry","category-internacional"],"_links":{"self":[{"href":"https:\/\/diariodominicano.com\/index.php?rest_route=\/wp\/v2\/posts\/249385","targetHints":{"allow":["GET"]}}],"collection":[{"href":"https:\/\/diariodominicano.com\/index.php?rest_route=\/wp\/v2\/posts"}],"about":[{"href":"https:\/\/diariodominicano.com\/index.php?rest_route=\/wp\/v2\/types\/post"}],"author":[{"embeddable":true,"href":"https:\/\/diariodominicano.com\/index.php?rest_route=\/wp\/v2\/users\/3"}],"replies":[{"embeddable":true,"href":"https:\/\/diariodominicano.com\/index.php?rest_route=%2Fwp%2Fv2%2Fcomments&post=249385"}],"version-history":[{"count":0,"href":"https:\/\/diariodominicano.com\/index.php?rest_route=\/wp\/v2\/posts\/249385\/revisions"}],"wp:attachment":[{"href":"https:\/\/diariodominicano.com\/index.php?rest_route=%2Fwp%2Fv2%2Fmedia&parent=249385"}],"wp:term":[{"taxonomy":"category","embeddable":true,"href":"https:\/\/diariodominicano.com\/index.php?rest_route=%2Fwp%2Fv2%2Fcategories&post=249385"},{"taxonomy":"post_tag","embeddable":true,"href":"https:\/\/diariodominicano.com\/index.php?rest_route=%2Fwp%2Fv2%2Ftags&post=249385"}],"curies":[{"name":"wp","href":"https:\/\/api.w.org\/{rel}","templated":true}]}}