{"id":249383,"date":"2016-07-14T18:23:06","date_gmt":"2016-07-14T18:23:06","guid":{"rendered":"http:\/\/diariodominicano.ddns.net\/?p=249383"},"modified":"2016-07-14T18:23:06","modified_gmt":"2016-07-14T18:23:06","slug":"al-menos-60-muertos-por-ataque-en-niza","status":"publish","type":"post","link":"https:\/\/diariodominicano.com\/?p=249383","title":{"rendered":"&#13;Al menos 60 muertos por ataque en Niza&#13;"},"content":{"rendered":"<p><body><\/p>\n<p><img decoding=\"async\" src=\"img3\/niza000.jpg\" \/><br \/><img decoding=\"async\" src=\"img3\/62cdd9da015c5ab51372cf12be256d8c67c0b107.jpg\" \/>  <\/p>\n<\/p>\n<p>15 Jul 2016<\/p>\n<\/p>\n<p>AFP \/ VALERY HACHE<\/p>\n<p><strong>Polic\u00edas y socorristas llegan al lugar donde un hombre estrell\u00f3 su furgoneta contra la multitud en Niza el 14 de julio de 2016<\/strong><\/p>\n<p>Una furgoneta se estrell\u00f3 este jueves contra una multitud en la ciudad de Niza, en el sur de Francia, dejando decenas de muertos, informaron las autoridades locales, mientras que la prefectura calific\u00f3 la masacre como un \u00abatentado\u00bb.<\/p>\n<p>Hay al menos 60 muertos, dijo una fuente judicial local.<\/p>\n<p>Antes, Sebastien Humbert, subprefecto del departamento Alpes Mar\u00edtimos (sudeste), dijo que hab\u00eda \u00abdecenas, quiz\u00e1s una treintena de muertos\u00bb, y agreg\u00f3 que el conductor del veh\u00edculo fue abatido.<\/p>\n<p>El homicidio m\u00faltiple se produjo durante la celebraci\u00f3n del d\u00eda nacional en este balneario de la Riviera francesa.<\/p>\n<p>En Par\u00eds se inform\u00f3 que el presidente Francois Hollande retornaba a la capital para ponerse al frente de una c\u00e9dula de crisis.<\/p>\n<p>Seg\u00fan las primeras informaciones el veh\u00edculo, un furg\u00f3n blanco, se estrell\u00f3 a gran velocidad contra la multitud, lo que gener\u00f3 un movimiento de p\u00e1nico, seg\u00fan un periodista de la AFP que se encontraba en el lugar.<\/p>\n<p>Testigos informaron que escucharon intercambios de fuego, lo cual no fue confirmado por las autoridades.<\/p>\n<p>\u00abEl conductor de un cami\u00f3n parece haber provocado decenas de muertos. Por el momento permanezcan en sus domicilios\u00bb, escribi\u00f3 en su cuenta de Twitter el alcalde Christian Estrosi.<\/p>\n<\/p>\n<p><strong> Primer despacho de AFP<\/strong><\/p>\n<p><strong>Estiman \u00abuna treintena de muertos\u00bb por ataque en Niza<\/strong><\/p>\n<p><strong> <\/strong><\/p>\n<p>AFP \/ VALERY HACHE<\/p>\n<p><strong>Polic\u00edas y socorristas llegan al lugar donde un hombre estrell\u00f3 su furgoneta contra la multitud en Niza el 14 de julio de 2016<\/strong><\/p>\n<p>Una furgoneta se estrell\u00f3 este jueves contra una multitud en la ciudad de Niza, en el sur de Francia, dejando decenas de muertos, informaron las autoridades locales, mientras que la prefectura calific\u00f3 la masacre como un \u00abatentado\u00bb.<\/p>\n<\/p>\n<p>Hay \u00abdecenas, quiz\u00e1s una treintena de muertos\u00bb, dijo el subprefecto del Departamento de los Alpes Mar\u00edtimos, en el sudeste de Francia, que agreg\u00f3 que el conductor del veh\u00edculo fue abatido.<\/p>\n<\/p>\n<p>El homicidio m\u00faltiple se produjo durante la celebraci\u00f3n del d\u00eda nacional en este balneario de la Riviera francesa.<\/p>\n<\/p>\n<p>En Par\u00eds se inform\u00f3 que el presidente Francois Hollande retornaba a la capital para ponerse al frente de una c\u00e9dula de crisis.<\/p>\n<p>Seg\u00fan las primeras informaciones el veh\u00edculom un furg\u00f3n blanco, se estrell\u00f3 a gran velocidad contra la multitud, lo que gener\u00f3 un movimiento de p\u00e1nico, seg\u00fan un periodista de la AFP que se encontraba en el lugar.<\/p>\n<\/p>\n<p>Testigos informaron que escucharon intercambios de fuego, lo cual no fue confirmado por las autoridades.<\/p>\n<p>\u00abEl conductor de un cami\u00f3n parece haber provocado decenas de muertos. Por el momento permanezcan en sus domicilios\u00bb, escribi\u00f3 en su cuenta de Twitter el alcalde Christian Estrosi.<\/p>\n<h6> 2016-07-14 18:23:06 <\/h6>\n<p><!--\n<link rel=\"stylesheet\" href=\"css\/bootstrap.min.css\">\n\n\n<ul class=\"pagination\">\n\t    \n\t\n\n<li >\n\t<a href='?page_no=19027'>Previous<\/a>\n\t<\/li>\n\n\n       \n    \n\n<li><a href='?page_no=1'>1<\/a><\/li>\n\n\n\n<li><a href='?page_no=2'>2<\/a><\/li>\n\n\n\n<li><a>...<\/a><\/li>\n\n\n\n<li><a href='?page_no=19026'>19026<\/a><\/li>\n\n\n\n<li><a href='?page_no=19027'>19027<\/a><\/li>\n\n\n\n<li class='active'><a>19028<\/a><\/li>\n\n\n\n<li><a href='?page_no=19029'>19029<\/a><\/li>\n\n\n\n<li><a href='?page_no=19030'>19030<\/a><\/li>\n\n\n\n<li><a>...<\/a><\/li>\n\n\n\n<li><a href='?page_no=51012'>51012<\/a><\/li>\n\n\n\n<li><a href='?page_no=51013'>51013<\/a><\/li>\n\n    \n\t\n\n<li >\n\t<a href='?page_no=19029'>Next<\/a>\n\t<\/li>\n\n\n    \n\n<li><a href='?page_no=51013'>Last &rsaquo;&rsaquo;<\/a><\/li>\n\n<\/ul>\n\n\n--><br \/>\n<\/body><\/p>\n","protected":false},"excerpt":{"rendered":"<p>15 Jul 2016 AFP \/ VALERY HACHE Polic\u00edas y socorristas llegan al lugar donde un hombre estrell\u00f3 su furgoneta contra la multitud en Niza el 14 de julio de 2016 Una furgoneta se estrell\u00f3 este jueves contra una multitud en la ciudad de Niza, en el sur de Francia, dejando decenas de muertos, informaron las [&hellip;]<\/p>\n","protected":false},"author":3,"featured_media":0,"comment_status":"open","ping_status":"open","sticky":false,"template":"","format":"standard","meta":{"footnotes":""},"categories":[23],"tags":[],"class_list":["post-249383","post","type-post","status-publish","format-standard","hentry","category-internacional"],"_links":{"self":[{"href":"https:\/\/diariodominicano.com\/index.php?rest_route=\/wp\/v2\/posts\/249383","targetHints":{"allow":["GET"]}}],"collection":[{"href":"https:\/\/diariodominicano.com\/index.php?rest_route=\/wp\/v2\/posts"}],"about":[{"href":"https:\/\/diariodominicano.com\/index.php?rest_route=\/wp\/v2\/types\/post"}],"author":[{"embeddable":true,"href":"https:\/\/diariodominicano.com\/index.php?rest_route=\/wp\/v2\/users\/3"}],"replies":[{"embeddable":true,"href":"https:\/\/diariodominicano.com\/index.php?rest_route=%2Fwp%2Fv2%2Fcomments&post=249383"}],"version-history":[{"count":0,"href":"https:\/\/diariodominicano.com\/index.php?rest_route=\/wp\/v2\/posts\/249383\/revisions"}],"wp:attachment":[{"href":"https:\/\/diariodominicano.com\/index.php?rest_route=%2Fwp%2Fv2%2Fmedia&parent=249383"}],"wp:term":[{"taxonomy":"category","embeddable":true,"href":"https:\/\/diariodominicano.com\/index.php?rest_route=%2Fwp%2Fv2%2Fcategories&post=249383"},{"taxonomy":"post_tag","embeddable":true,"href":"https:\/\/diariodominicano.com\/index.php?rest_route=%2Fwp%2Fv2%2Ftags&post=249383"}],"curies":[{"name":"wp","href":"https:\/\/api.w.org\/{rel}","templated":true}]}}