{"id":249382,"date":"2016-07-14T19:56:19","date_gmt":"2016-07-14T19:56:19","guid":{"rendered":"http:\/\/diariodominicano.ddns.net\/?p=249382"},"modified":"2016-07-14T19:56:19","modified_gmt":"2016-07-14T19:56:19","slug":"boris-johnson-dice-que-abandonar-la-ue-no-significa-abandonar-europa","status":"publish","type":"post","link":"https:\/\/diariodominicano.com\/?p=249382","title":{"rendered":"Boris Johnson dice que \u00ababandonar la UE no significa abandonar Europa\u00bb"},"content":{"rendered":"<p><body><\/p>\n<p><img decoding=\"async\" src=\"img3\/d085ae16dab9213e1aeb208c58b39f120b61c09a.jpg\" \/><br \/><img decoding=\"async\" src=\"img3\/66f5a93cf1b842cfca74b21a06e90f11db63c636.jpg\" \/><br \/><img decoding=\"async\" src=\"img3\/5cedeecd423cec0b1745907b7eddf23f5b15f165.jpg\" \/>  <\/p>\n<\/p>\n<p>14 Jul 2016<\/p>\n<p>AddThis Sharing ButtonsShare to FacebookShare to TwitterShare to Google+Share to M\u00e1s&#8230;<\/p>\n<\/p>\n<p>POOL\/AFP \/ Andrew Matthews<\/p>\n<p><strong>El reci\u00e9n nombrado ministro de Asuntos Exteriores brit\u00e1nico, Boris Johnson, se dirige a los medios el 14 de julio de 2016 en el centro de Londres<\/strong><\/p>\n<p>El pol\u00e9mico Boris Johnson intent\u00f3 este jueves aplacar las cr\u00edticas por su nombramiento como ministro de Exteriores del gabinete de Theresa May afirmando que la salida de su pa\u00eds de la Uni\u00f3n Europea no significa abandonar Europa.<\/p>\n<p>\u00abHay una gran diferencia entre el hecho de que vamos a abandonar la UE y nuestra relaci\u00f3n con Europa, que en cualquier caso va a verse reforzada\u00bb, dijo Johnson en su primera declaraci\u00f3n desde que fue nombrado.<\/p>\n<p>\u00abEn Europa, vamos a implementar la voluntad del pueblo en el refer\u00e9ndum, pero eso no significa para nada abandonar Europa\u00bb, afirm\u00f3 el exalcalde de Londres, uno de los m\u00e1s prominentes partidarios de salir de la UE.<\/p>\n<p>Investida jefa de gobierno el mi\u00e9rcoles, menos de tres semanas despu\u00e9s del voto brit\u00e1nico a favor de la salida de Reino Unido de la UE, la conservadora se comprometi\u00f3 a \u00abllevar a cabo el desaf\u00edo\u00bb del Brexit, prometiendo al mismo tiempo \u00abjusticia social\u00bb.<\/p>\n<p>El jueves por la ma\u00f1ana, el nuevo ministro de Finanzas, Philip Hammond, pareci\u00f3 dar cuerpo a esa promesa al asegurar a los medios brit\u00e1nicos que no habr\u00e1 presupuesto de emergencia para el Brexit, y por tanto, quedan excluidas nuevas medidas de austeridad.<\/p>\n<\/p>\n<p>AFP \/ Alain BOMMENEL, Sophie RAMIS<\/p>\n<p>Boris Johnson<\/p>\n<p>Hammond, anteriormente ministro de Relaciones Exteriores, posterg\u00f3 los anuncios presupuestarios a la \u00abdeclaraci\u00f3n de oto\u00f1o\u00bb, habitualmente presentada a finales de noviembre o principios de diciembre.<\/p>\n<p>El banco central mantuvo este jueves sin cambios su pol\u00edtica monetaria, a pesar de que los analistas esperaban una flexibilizaci\u00f3n para impulsar la econom\u00eda frente a los riesgos del Brexit.<\/p>\n<p>Signo de la inmensa labor que espera a su gobierno, May ha creado un ministerio enteramente dedicado al Brexit, del que se encargar\u00e1 David Davis, ex secretario de Estado de Asuntos Europeos.<\/p>\n<p>&#8211; \u00abUn c\u00edrculo vicioso\u00bb &#8211;<\/p>\n<p>El presidente Barack Obama felicit\u00f3 este jueves por tel\u00e9fono a May, despu\u00e9s de que la Casa Blanca reaccionara sin entusiasmo al nombramiento de su secretario de Relaciones Exteriores.<\/p>\n<p>\u00abEl presidente ciertamente est\u00e1 encantado de trabajar con la primera ministra May durante los seis meses que le quedan en el cargo\u00bb, dijo el portavoz de la Casa Blanca, Josh Earnest.<\/p>\n<\/p>\n<p>POOL\/AFP \/ Andrew Parsons<\/p>\n<p>La primera ministra brit\u00e1nica, Theresa May, en Downing Street el 14 de julio de 2016 en Londres<\/p>\n<p>Interrogado acerca de la designaci\u00f3n del cr\u00edtico del presidente Obama, Boris Johnson, como secretario de Relaciones Exteriores brit\u00e1nico, la presidencia estadounidense dijo que \u00abla especial relaci\u00f3n\u00bb entre los dos pa\u00edses \u00abtransciende cualquier personalidad individual\u00bb.<\/p>\n<p>Pero del lado europeo, May se ha visto sometida a la presi\u00f3n de los dirigentes europeos por poner en marcha el Brexit, incluso antes de su investidura.<\/p>\n<p>\u00abTengo muchas ganas de trabajar estrechamente con usted y de conocer sus intenciones sobre este tema\u00bb, afirm\u00f3 el presidente de la Comisi\u00f3n Europea, Jean-Claude Juncker.<\/p>\n<p>Las dos primeras llamadas de May fueron a los l\u00edderes de las dos principales potencias europeas, Alemania y Francia.<\/p>\n<p>En esas conversaciones, la l\u00edder brit\u00e1nica subray\u00f3 su compromiso con el Brexit pero explic\u00f3 que se necesitar\u00e1 \u00abtiempo para preparar las negociaciones\u00bb, dijo el portavoz de Downing Street, a\u00f1adiendo que la primera ministra espera que las conversaciones \u00abse desarrollen con un esp\u00edritu constructivo y positivo\u00bb.<\/p>\n<p>Sus primeras decisiones fueron fr\u00edamente acogidas en Europa.<\/p>\n<p>El presidente del Parlamento Europeo, Martin Schulz afirm\u00f3 que, con su nuevo gobierno, May \u00abse centra en satisfacer la cohesi\u00f3n interna del Partido Conservador\u00bb y \u00abmenos en el futuro del pa\u00eds\u00bb.<\/p>\n<p>\u00abReino Unido debe romper ese c\u00edrculo vicioso y peligroso que tiene impactos directos sobre el resto de Europa\u00bb, consider\u00f3 Schulz en una declaraci\u00f3n transmitida a la AFP.<\/p>\n<p>El presidente franc\u00e9s Fran\u00e7ois Hollande, la canciller alemana Angela Merkel y el jefe del gobierno italiano Matteo Renzi se reunir\u00e1n en agosto en Italia en una cumbre sobre el Brexit.<\/p>\n<p>En un editorial titulado \u00abNueva primera ministra, mismos problemas\u00bb, el diario The Guardian resum\u00eda los problemas actuales de Theresa May: \u00abSin dinero, sin una verdadera mayor\u00eda y con una creciente migra\u00f1a: Europa\u00bb.<\/p>\n<p>ANTERIOR\tRETORNAR\tSIGUIENTE<\/p>\n<h6> 2016-07-14 19:56:19 <\/h6>\n<p><!--\n<link rel=\"stylesheet\" href=\"css\/bootstrap.min.css\">\n\n\n<ul class=\"pagination\">\n\t    \n\t\n\n<li >\n\t<a href='?page_no=19026'>Previous<\/a>\n\t<\/li>\n\n\n       \n    \n\n<li><a href='?page_no=1'>1<\/a><\/li>\n\n\n\n<li><a href='?page_no=2'>2<\/a><\/li>\n\n\n\n<li><a>...<\/a><\/li>\n\n\n\n<li><a href='?page_no=19025'>19025<\/a><\/li>\n\n\n\n<li><a href='?page_no=19026'>19026<\/a><\/li>\n\n\n\n<li class='active'><a>19027<\/a><\/li>\n\n\n\n<li><a href='?page_no=19028'>19028<\/a><\/li>\n\n\n\n<li><a href='?page_no=19029'>19029<\/a><\/li>\n\n\n\n<li><a>...<\/a><\/li>\n\n\n\n<li><a href='?page_no=51012'>51012<\/a><\/li>\n\n\n\n<li><a href='?page_no=51013'>51013<\/a><\/li>\n\n    \n\t\n\n<li >\n\t<a href='?page_no=19028'>Next<\/a>\n\t<\/li>\n\n\n    \n\n<li><a href='?page_no=51013'>Last &rsaquo;&rsaquo;<\/a><\/li>\n\n<\/ul>\n\n\n--><br \/>\n<\/body><\/p>\n","protected":false},"excerpt":{"rendered":"<p>14 Jul 2016 AddThis Sharing ButtonsShare to FacebookShare to TwitterShare to Google+Share to M\u00e1s&#8230; POOL\/AFP \/ Andrew Matthews El reci\u00e9n nombrado ministro de Asuntos Exteriores brit\u00e1nico, Boris Johnson, se dirige a los medios el 14 de julio de 2016 en el centro de Londres El pol\u00e9mico Boris Johnson intent\u00f3 este jueves aplacar las cr\u00edticas por [&hellip;]<\/p>\n","protected":false},"author":3,"featured_media":0,"comment_status":"open","ping_status":"open","sticky":false,"template":"","format":"standard","meta":{"footnotes":""},"categories":[23],"tags":[],"class_list":["post-249382","post","type-post","status-publish","format-standard","hentry","category-internacional"],"_links":{"self":[{"href":"https:\/\/diariodominicano.com\/index.php?rest_route=\/wp\/v2\/posts\/249382","targetHints":{"allow":["GET"]}}],"collection":[{"href":"https:\/\/diariodominicano.com\/index.php?rest_route=\/wp\/v2\/posts"}],"about":[{"href":"https:\/\/diariodominicano.com\/index.php?rest_route=\/wp\/v2\/types\/post"}],"author":[{"embeddable":true,"href":"https:\/\/diariodominicano.com\/index.php?rest_route=\/wp\/v2\/users\/3"}],"replies":[{"embeddable":true,"href":"https:\/\/diariodominicano.com\/index.php?rest_route=%2Fwp%2Fv2%2Fcomments&post=249382"}],"version-history":[{"count":0,"href":"https:\/\/diariodominicano.com\/index.php?rest_route=\/wp\/v2\/posts\/249382\/revisions"}],"wp:attachment":[{"href":"https:\/\/diariodominicano.com\/index.php?rest_route=%2Fwp%2Fv2%2Fmedia&parent=249382"}],"wp:term":[{"taxonomy":"category","embeddable":true,"href":"https:\/\/diariodominicano.com\/index.php?rest_route=%2Fwp%2Fv2%2Fcategories&post=249382"},{"taxonomy":"post_tag","embeddable":true,"href":"https:\/\/diariodominicano.com\/index.php?rest_route=%2Fwp%2Fv2%2Ftags&post=249382"}],"curies":[{"name":"wp","href":"https:\/\/api.w.org\/{rel}","templated":true}]}}