{"id":249381,"date":"2016-07-14T20:03:48","date_gmt":"2016-07-14T20:03:48","guid":{"rendered":"http:\/\/diariodominicano.ddns.net\/?p=249381"},"modified":"2016-07-14T20:03:48","modified_gmt":"2016-07-14T20:03:48","slug":"sarcasmo-y-criticas-tras-el-nombramiento-de-boris-johnson-como-ministro-de-exteriores","status":"publish","type":"post","link":"https:\/\/diariodominicano.com\/?p=249381","title":{"rendered":"Sarcasmo y cr\u00edticas tras el nombramiento de Boris Johnson como ministro de Exteriores&#13;"},"content":{"rendered":"<p><body><\/p>\n<p><img decoding=\"async\" src=\"img3\/5bc2550c86f4434491a2728ded652ddfa52d13ea.jpg\" \/><br \/><img decoding=\"async\" src=\"img3\/ab1e81dc660a3fc9c920ddfa50d7e9ee3626af9f.jpg\" \/><br \/><img decoding=\"async\" src=\"img3\/66f5a93cf1b842cfca74b21a06e90f11db63c636.jpg\" \/>  <\/p>\n<\/p>\n<p>14 Jul 2016<\/p>\n<\/p>\n<\/p>\n<p>AFP \/ Oli Scarff<\/p>\n<p><strong>El exalcalde de Londres y nuevo ministro de Exteriores brit\u00e1nico, Boris Johnson, saluda mientras sale del 10 de Downing Street, en el centro de Londres, el 13 de julio de 2016<\/strong><\/p>\n<p>El nombramiento por sorpresa del palad\u00edn del Brexit, Boris Johnson, como ministro de Relaciones Exteriores ha generado sarcasmo y cr\u00edticas a partes iguales en Europa, aunque su papel en las negociaciones sobre la salida del Reino Unido de la Uni\u00f3n Europea (UE) ser\u00e1 limitado.<\/p>\n<p>Tras la nominaci\u00f3n sorpresa de &#8216;BoJo&#8217;, hubo pocas reacciones oficiales de ministeriores de Exteriores extranjeros en forma de felicitaciones sucintas y educadas pero tambi\u00e9n muchas cr\u00edticas, las m\u00e1s serias provenientes de Francia y Alemania.<\/p>\n<p>\u00abNo estoy preocupado en absoluto (&#8230;), pero conocen bien su estilo, su m\u00e9todo\u00bb, se\u00f1al\u00f3 el jefe de la diplomacia francesa, Jean-Marc Ayrault, acusando a Johnson de haber \u00abmentido mucho\u00bb durante la campa\u00f1a del refer\u00e9ndum sobre el Brexit.<\/p>\n<p>Su hom\u00f3logo alem\u00e1n, Frank-Walter Steinmeier, acus\u00f3 el mi\u00e9rcoles por la noche al exalcalde de Londres de haberse comportado de forma irresponsable tras el voto a favor del abandono de la UE.<\/p>\n<p>Hay \u00abresponsables pol\u00edticos que llevaron al pa\u00eds al Brexit para despu\u00e9s, una vez tomada la decisi\u00f3n, huir, no asumir sus responsabilidades y en lugar de eso, irse a jugar al cricket. Francamente, me parece escandaloso\u00bb, afirm\u00f3 Steinmeier, seg\u00fan la agencia de prensa DPA, refiri\u00e9ndose a una an\u00e9cdota protagonizada por Johnson.<\/p>\n<p>Aunque las declaraciones del ministro de Exteriores alem\u00e1n fueron hechas antes del nombramiento, ilustran la opini\u00f3n del jefe de la diplomacia alemana sobre su hom\u00f3logo brit\u00e1nico.<\/p>\n<p>&#8211; &#8216;Humor brit\u00e1nico&#8217; &#8211;<\/p>\n<p>El secretario de Estado estadounidense, John Kerry, se entrevist\u00f3 este jueves por tel\u00e9fono con su nuevo hom\u00f3logo brit\u00e1nico y afirm\u00f3 que la relaci\u00f3n entre los dos pa\u00edses segu\u00eda siendo \u00abesencial\u00bb, pidiendo \u00abun enfoque delicado y mesurado del proceso del Brexit\u00bb.<\/p>\n<\/p>\n<p>POOL\/AFP\/Archivos \/ Andrew Matthews<\/p>\n<p>El exalcalde de Londres y nuevo ministro de Exteriores brit\u00e1nico, Boris Johnson, y la nueva primera ministra, Theresa May, en una fotograf\u00eda de archivo el 22 de abril de 2013 en el centro de Londres <\/p>\n<p>Menos constre\u00f1ido por la etiqueta diplom\u00e1tica, el presidente del Parlamento Europeo, el socialdem\u00f3crata Martin Schulz, acus\u00f3 a la nueva primera ministra brit\u00e1nica, Theresa May, de \u00abcentrarse en satisfacer la cohesi\u00f3n interna del Partido Conservador\u00bb y \u00abmenos en el futuro del pa\u00eds\u00bb y alert\u00f3 contra el \u00abimpacto directo\u00bb que este \u00abc\u00edrculo vicioso\u00bb tendr\u00eda sobre Europa.<\/p>\n<p>Johnson, que deber\u00e1 reunirse con sus compa\u00f1eros europeos por primera vez el lunes en Bruselas, no dirigir\u00e1 las negociaciones con la UE, un papel asignado al antiguo secretario de Estado de Asuntos Europeos David Davis.<\/p>\n<p>La prensa europea y ciertos responsables pol\u00edticos oscilaban entre el sarcasmo y la cr\u00edtica ante el inesperado nombramiento. \u00abNo me extra\u00f1ar\u00eda que Reino Unido nombrara a Dr\u00e1cula como ministro de Sanidad\u00bb, ironizaba Rolf M\u00fctzenich, uno de los especialistas en cuestiones diplom\u00e1ticas del partido socialdem\u00f3crata alem\u00e1n.<\/p>\n<p>\u00abEl humor brit\u00e1nico no conoce l\u00edmites\u00bb, afirm\u00f3 por su parte el ex primer ministro belga y l\u00edder de los liberales en el Parlamento Europeo, Guy Verhofstadt.<\/p>\n<p>Pragm\u00e1tico, el presidente de la comisi\u00f3n de Relaciones Exteriores de la c\u00e1mara baja del Parlamento ruso, Alexei Pushkov, dijo esperar que, al menos, Johnson \u00abno sufra el mismo complejo antirruso de su antecesor\u00bb.<\/p>\n<p>&#8211; &#8216;Enfermera s\u00e1dica&#8217; &#8211;<\/p>\n<p>\u00abLa primera sorpresa de May: Johnson en Relaciones Exteriores\u00bb, titula el diario belga Le Soir, mientras que el diario polaco Gazeta Wyborcza considera que \u00abno parece cualificado para ese puesto\u00bb.<\/p>\n<\/p>\n<p>AFP \/ Sophie Ramis, Alain Bommenel<\/p>\n<p>Boris Johnson<\/p>\n<p>El influyente semanario Der Spiegel compar\u00f3 la situaci\u00f3n con &#8216;House of Cards&#8217;, la serie televisiva que trata las bambalinas de la pol\u00edtica.<\/p>\n<p>\u00abBroma\u00bb era otro de los t\u00e9rminos m\u00e1s empleados, tambi\u00e9n por el diario conservador Die Welt, que recordaba que Johnson calific\u00f3 a la candidata dem\u00f3crata a la Casa Blanca, Hillary Clinton, de \u00abenfermera s\u00e1dica\u00bb y compar\u00f3 a la UE con Hitler.<\/p>\n<p>En Suecia, el exministro de Exteriores Carl Bildt tuite\u00f3 que hubiera preferido que fuera \u00abuna broma, pero no lo es\u00bb.<\/p>\n<p>Por su parte, el diario brit\u00e1nico online The Independent dedic\u00f3 un editorial a pedir \u00abperd\u00f3n\u00bb al mundo por el nombramiento de Boris Johnson como ministro de Exteriores.<\/p>\n<p>\u00abEl \u00fanico consuelo que queda, en realidad, es que Johnson podr\u00eda odiar el trabajo. Reuniones infinitas y largos vuelos ?por no mencionar las visitas frecuentes a Bruselas? suenan como castigo\u00bb, razona el diario de izquierda. \u00abPero eso no cambia el hecho de que estamos convirti\u00e9ndolo en vuestro problema tanto como el nuestro. Y por ello, genuina y sinceramente, os pedimos perd\u00f3n\u00bb.<\/p>\n<h6> 2016-07-14 20:03:48 <\/h6>\n<p><!--\n<link rel=\"stylesheet\" href=\"css\/bootstrap.min.css\">\n\n\n<ul class=\"pagination\">\n\t    \n\t\n\n<li >\n\t<a href='?page_no=19025'>Previous<\/a>\n\t<\/li>\n\n\n       \n    \n\n<li><a href='?page_no=1'>1<\/a><\/li>\n\n\n\n<li><a href='?page_no=2'>2<\/a><\/li>\n\n\n\n<li><a>...<\/a><\/li>\n\n\n\n<li><a href='?page_no=19024'>19024<\/a><\/li>\n\n\n\n<li><a href='?page_no=19025'>19025<\/a><\/li>\n\n\n\n<li class='active'><a>19026<\/a><\/li>\n\n\n\n<li><a href='?page_no=19027'>19027<\/a><\/li>\n\n\n\n<li><a href='?page_no=19028'>19028<\/a><\/li>\n\n\n\n<li><a>...<\/a><\/li>\n\n\n\n<li><a href='?page_no=51012'>51012<\/a><\/li>\n\n\n\n<li><a href='?page_no=51013'>51013<\/a><\/li>\n\n    \n\t\n\n<li >\n\t<a href='?page_no=19027'>Next<\/a>\n\t<\/li>\n\n\n    \n\n<li><a href='?page_no=51013'>Last &rsaquo;&rsaquo;<\/a><\/li>\n\n<\/ul>\n\n\n--><br \/>\n<\/body><\/p>\n","protected":false},"excerpt":{"rendered":"<p>14 Jul 2016 AFP \/ Oli Scarff El exalcalde de Londres y nuevo ministro de Exteriores brit\u00e1nico, Boris Johnson, saluda mientras sale del 10 de Downing Street, en el centro de Londres, el 13 de julio de 2016 El nombramiento por sorpresa del palad\u00edn del Brexit, Boris Johnson, como ministro de Relaciones Exteriores ha generado [&hellip;]<\/p>\n","protected":false},"author":3,"featured_media":0,"comment_status":"open","ping_status":"open","sticky":false,"template":"","format":"standard","meta":{"footnotes":""},"categories":[23],"tags":[],"class_list":["post-249381","post","type-post","status-publish","format-standard","hentry","category-internacional"],"_links":{"self":[{"href":"https:\/\/diariodominicano.com\/index.php?rest_route=\/wp\/v2\/posts\/249381","targetHints":{"allow":["GET"]}}],"collection":[{"href":"https:\/\/diariodominicano.com\/index.php?rest_route=\/wp\/v2\/posts"}],"about":[{"href":"https:\/\/diariodominicano.com\/index.php?rest_route=\/wp\/v2\/types\/post"}],"author":[{"embeddable":true,"href":"https:\/\/diariodominicano.com\/index.php?rest_route=\/wp\/v2\/users\/3"}],"replies":[{"embeddable":true,"href":"https:\/\/diariodominicano.com\/index.php?rest_route=%2Fwp%2Fv2%2Fcomments&post=249381"}],"version-history":[{"count":0,"href":"https:\/\/diariodominicano.com\/index.php?rest_route=\/wp\/v2\/posts\/249381\/revisions"}],"wp:attachment":[{"href":"https:\/\/diariodominicano.com\/index.php?rest_route=%2Fwp%2Fv2%2Fmedia&parent=249381"}],"wp:term":[{"taxonomy":"category","embeddable":true,"href":"https:\/\/diariodominicano.com\/index.php?rest_route=%2Fwp%2Fv2%2Fcategories&post=249381"},{"taxonomy":"post_tag","embeddable":true,"href":"https:\/\/diariodominicano.com\/index.php?rest_route=%2Fwp%2Fv2%2Ftags&post=249381"}],"curies":[{"name":"wp","href":"https:\/\/api.w.org\/{rel}","templated":true}]}}