{"id":249380,"date":"2016-07-14T20:22:56","date_gmt":"2016-07-14T20:22:56","guid":{"rendered":"http:\/\/diariodominicano.ddns.net\/?p=249380"},"modified":"2016-07-14T20:22:56","modified_gmt":"2016-07-14T20:22:56","slug":"ataque-en-niza-camion-embiste-multitud-y-deja-mas-de-70-muertos","status":"publish","type":"post","link":"https:\/\/diariodominicano.com\/?p=249380","title":{"rendered":"Ataque en Niza: cami\u00f3n embiste multitud y deja m\u00e1s de 70 muertos"},"content":{"rendered":"<p><body><\/p>\n<p><img decoding=\"async\" src=\"img3\/f8a0388b40429ef323476c2473c654817c4a6a94.jpg\" \/><br \/><img decoding=\"async\" src=\"img3\/7a6c655b5d9ca3cdf66930e34b31da81163b9467.jpg\" \/><br \/><img decoding=\"async\" src=\"img3\/e3e4ad53578479b426fe2f90e6fe40df0dadc62a.jpg\" \/>  <\/p>\n<\/p>\n<p>15 Jul 2016<\/p>\n<\/p>\n<p>AFP \/ VALERY HACHE<\/p>\n<p><strong>Polic\u00edas de Niza rodean la furgoneta cuyo conductor la lanz\u00f3 contra una multitud que celebraba la fiesta nacional francesa, con un saldo de al menos 60 muertos el 14 de julio de 2016<\/strong><\/p>\n<p>Un cami\u00f3n se estrell\u00f3 este jueves contra una multitud en Niza, en el sur de Francia, dejando al menos 70 muertos, inform\u00f3 la fiscal\u00eda, mientras que la Prefectura calific\u00f3 la masacre como un \u00abatentado\u00bb.<\/p>\n<p>El fiscal Jean-Michel Pr\u00eatre dijo que el cami\u00f3n circul\u00f3 durante dos kil\u00f3metros en medio de la multitud, arrollando a los paseantes congregados en esta jornada de fiesta nacional para ver los fuegos de artificio con los que se celebran los aniversarios de la Revolucion Francesa.<\/p>\n<p>M\u00e1s temprano, el subprefecto del Departamento Alpes Mar\u00edtimos, Sebastien Humbert, hab\u00eda se\u00f1alado que \u00abhubo un intercambio de disparos y el conductor fue abatido\u00bb.<\/p>\n<p>Un cami\u00f3n se estrell\u00f3 este jueves contra una multitud en Niza, en el sur de Francia, dejando al menos 70 muertos, inform\u00f3 la fiscal\u00eda, mientras que la Prefectura calific\u00f3 la masacre como un \u00abatentado\u00bb.<\/p>\n<p>El fiscal Jean-Michel Pr\u00eatre dijo que el cami\u00f3n circul\u00f3 durante dos kil\u00f3metros en medio de la multitud, arrollando a los paseantes congregados en esta jornada de fiesta nacional para ver los fuegos de artificio con los que se celebran los aniversarios de la Revolucion Francesa.<\/p>\n<\/p>\n<p>AFP \/ Valery Hache<\/p>\n<p>El cuerpo de una de las v\u00edctimas fatales del ataque en Niza durante las celebraciones por la fiesta nacional francesa el 14 de julio de 2016<\/p>\n<p>M\u00e1s temprano, el subprefecto del Departamento Alpes Mar\u00edtimos, Sebastien Humbert, hab\u00eda se\u00f1alado que \u00abhubo un intercambio de disparos y el conductor fue abatido\u00bb.<\/p>\n<p>El ataque se produjo en el Paseo de los Ingleses, la rambla costera de este ciudad tur\u00edstica de la Riviera Francesa en el Mediterr\u00e1neo, abarrotada de gente por el inicio del per\u00edodo de vacaciones estivales y el feriado de este jueves.<\/p>\n<p>\u00abVimos gente herida (&#8230;) escuchamos gritar a muchas v\u00edctimas\u00bb, relat\u00f3 un reportero de la AFP en el sitio. \u00abEra un caos\u00bb, agreg\u00f3.<\/p>\n<\/p>\n<p>AFP \/ AFP<\/p>\n<p>Ataque en Niza<\/p>\n<p>Poco antes de la medianoche local (21h30 GMT) fuerzas militares y grupos especiales de la polic\u00eda cerraban el \u00e1rea, se\u00f1al\u00f3 otro reportero de la AFP, quien confirm\u00f3 la llegada de gran cantidad de ambulancias y veh\u00edculos de socorro.<\/p>\n<p>En Par\u00eds se inform\u00f3 que la justicia antiterrorista tom\u00f3 a su cargo la ionvestigaci\u00f3n de lo ocurrido.<\/p>\n<p>Tambi\u00e9n se indic\u00f3 que el presidente, Fran\u00e7ois Hollande, quien se encontraba en la ciudad de Avi\u00f1on, retornaba a la capital para ponerse al frente de una c\u00e9dula de crisis.<\/p>\n<p>\u00abEl presidente habl\u00f3 con (el primer ministro) Manuel Valls y con (el ministro del Interior) Bernard Cazeneuve. Va a volver a Par\u00eds directamente a la c\u00e9lula de crisis\u00bb, al ministerio del Interior, precis\u00f3 la fuente.<\/p>\n<p>&#8211; Un evento de extrema gravedad &#8211;<\/p>\n<p>Lo ocurrido en Niza, ciudad vecina a M\u00f3naco y cercana a la frontera con Italia, \u00abes un evento de extrema gravedad\u00bb, dijo a la AFP el portavoz del ministerio del Interior, Pierre-Henry Brandet.<\/p>\n<p>Cuando el cami\u00f3n blanco, se estrell\u00f3 a gran velocidad contra la multitud, se gener\u00f3 un movimiento de p\u00e1nico, seg\u00fan un periodista de la AFP que se encontraba en el lugar.<\/p>\n<p>\u00abEl conductor de un cami\u00f3n parece haber provocado decenas de muertos. Por el momento permanezcan en sus domicilios\u00bb, pidi\u00f3 en en su cuenta de Twitter el alcalde Christian Estrosi.<\/p>\n<p>Este ataque se produce en un contexto de alto riesgo de atentados seg\u00fan las autoridades francesas, pa\u00eds que interviene militarmente en Siria contra el grupo yihadista Estado Isl\u00e1mico (EI).<\/p>\n<p>Este es el segundo ataque m\u00e1s sangriento cometido en Europa en los \u00faltimos a\u00f1os, superado s\u00f1olo por el atentado m\u00faltiples en Par\u00eds de noviembre 2015 (con saldo de 130 muertos).<\/p>\n<p>Francia ya hab\u00eda sido golpeada por la violencia en los atentados del 7,8 y 9 de enero de 2015, contra la revista sat\u00edrica Charlie Hebdo y contra un supermercado k\u00f3sher, que dejaron 17 muertos y a los que siguieron varios otros ataques y tentativas.<\/p>\n<p>&#8211; El mundo observa la Riviera &#8211;<\/p>\n<p>El presidente de Estados Unidos, Barack Obama, fue informado la noche del jueves de la situaci\u00f3n en Niza. \u00abEl presidente ha sido informado (&#8230;) y su equipo de seguridad nacional lo tendr\u00e1 al tanto de la evoluci\u00f3n de la situaci\u00f3n\u00bb, declar\u00f3 Ned Price, portavoz del Ejecutivo.<\/p>\n<\/p>\n<p>AFP \/ VALERY HACHE<\/p>\n<p>Polic\u00edas y socorristas llegan al lugar donde un hombre estrell\u00f3 su furgoneta contra la multitud en Niza el 14 de julio de 2016<\/p>\n<p>En Londres la flamante primera ministra Theresa May, est\u00e1 siendo informada del \u00abterrible incidente\u00bb en Niza, inform\u00f3 un portavoz. \u00abNuestros pensamientos est\u00e1n con los afectados por este terrible incidente\u00bb, agreg\u00f3,<\/p>\n<h6> 2016-07-14 20:22:56 <\/h6>\n<p><!--\n<link rel=\"stylesheet\" href=\"css\/bootstrap.min.css\">\n\n\n<ul class=\"pagination\">\n\t    \n\t\n\n<li >\n\t<a href='?page_no=19024'>Previous<\/a>\n\t<\/li>\n\n\n       \n    \n\n<li><a href='?page_no=1'>1<\/a><\/li>\n\n\n\n<li><a href='?page_no=2'>2<\/a><\/li>\n\n\n\n<li><a>...<\/a><\/li>\n\n\n\n<li><a href='?page_no=19023'>19023<\/a><\/li>\n\n\n\n<li><a href='?page_no=19024'>19024<\/a><\/li>\n\n\n\n<li class='active'><a>19025<\/a><\/li>\n\n\n\n<li><a href='?page_no=19026'>19026<\/a><\/li>\n\n\n\n<li><a href='?page_no=19027'>19027<\/a><\/li>\n\n\n\n<li><a>...<\/a><\/li>\n\n\n\n<li><a href='?page_no=51012'>51012<\/a><\/li>\n\n\n\n<li><a href='?page_no=51013'>51013<\/a><\/li>\n\n    \n\t\n\n<li >\n\t<a href='?page_no=19026'>Next<\/a>\n\t<\/li>\n\n\n    \n\n<li><a href='?page_no=51013'>Last &rsaquo;&rsaquo;<\/a><\/li>\n\n<\/ul>\n\n\n--><br \/>\n<\/body><\/p>\n","protected":false},"excerpt":{"rendered":"<p>15 Jul 2016 AFP \/ VALERY HACHE Polic\u00edas de Niza rodean la furgoneta cuyo conductor la lanz\u00f3 contra una multitud que celebraba la fiesta nacional francesa, con un saldo de al menos 60 muertos el 14 de julio de 2016 Un cami\u00f3n se estrell\u00f3 este jueves contra una multitud en Niza, en el sur de [&hellip;]<\/p>\n","protected":false},"author":3,"featured_media":0,"comment_status":"open","ping_status":"open","sticky":false,"template":"","format":"standard","meta":{"footnotes":""},"categories":[23],"tags":[],"class_list":["post-249380","post","type-post","status-publish","format-standard","hentry","category-internacional"],"_links":{"self":[{"href":"https:\/\/diariodominicano.com\/index.php?rest_route=\/wp\/v2\/posts\/249380","targetHints":{"allow":["GET"]}}],"collection":[{"href":"https:\/\/diariodominicano.com\/index.php?rest_route=\/wp\/v2\/posts"}],"about":[{"href":"https:\/\/diariodominicano.com\/index.php?rest_route=\/wp\/v2\/types\/post"}],"author":[{"embeddable":true,"href":"https:\/\/diariodominicano.com\/index.php?rest_route=\/wp\/v2\/users\/3"}],"replies":[{"embeddable":true,"href":"https:\/\/diariodominicano.com\/index.php?rest_route=%2Fwp%2Fv2%2Fcomments&post=249380"}],"version-history":[{"count":0,"href":"https:\/\/diariodominicano.com\/index.php?rest_route=\/wp\/v2\/posts\/249380\/revisions"}],"wp:attachment":[{"href":"https:\/\/diariodominicano.com\/index.php?rest_route=%2Fwp%2Fv2%2Fmedia&parent=249380"}],"wp:term":[{"taxonomy":"category","embeddable":true,"href":"https:\/\/diariodominicano.com\/index.php?rest_route=%2Fwp%2Fv2%2Fcategories&post=249380"},{"taxonomy":"post_tag","embeddable":true,"href":"https:\/\/diariodominicano.com\/index.php?rest_route=%2Fwp%2Fv2%2Ftags&post=249380"}],"curies":[{"name":"wp","href":"https:\/\/api.w.org\/{rel}","templated":true}]}}