{"id":249379,"date":"2016-07-14T22:06:19","date_gmt":"2016-07-14T22:06:19","guid":{"rendered":"http:\/\/diariodominicano.ddns.net\/?p=249379"},"modified":"2016-07-14T22:06:19","modified_gmt":"2016-07-14T22:06:19","slug":"periodista-de-afp-presente-en-ataque-de-niza-describe-un-caos-absoluto","status":"publish","type":"post","link":"https:\/\/diariodominicano.com\/?p=249379","title":{"rendered":"Periodista de AFP presente en ataque de Niza describe \u00abun caos absoluto\u00bb"},"content":{"rendered":"<p><body><\/p>\n<p><img decoding=\"async\" src=\"img3\/e4a7511effa8bbee412c46861919d2ea0c96c607.jpg\" \/>  <\/p>\n<\/p>\n<p>15 Jul 2016<\/p>\n<\/p>\n<p>AFP \/ Valery Hache<\/p>\n<p><strong>La gente reacciona en Niza, luego del ataque que dej\u00f3 decenas de muertos al estrellar un conductor su furgoneta contra la multitud reunida por la fiesta nacional francesa, el 14 de julio de 2016<\/strong><\/p>\n<p>\u00abEra un caos absoluto, la gente gritaba\u00bb, cont\u00f3 un periodista de la AFP presente el jueves en el Paseo de los Ingleses en Niza cuando un cami\u00f3n embisti\u00f3 a la multitud causando al menos de 70 muertos.<\/p>\n<p>Un cami\u00f3n blanco \u00abse estrell\u00f3 a toda velocidad contra las personas que empezaban a irse\u00bb del Paseo de los Ingleses donde hab\u00edan acudido para ver los fuegos de artificio con los que se celebra la fiesta nacional que conmemora la toma de la Bastilla durante la Revoluci\u00f3n Francesa, cont\u00f3 Robert Holloway.<\/p>\n<p>Este lugar tur\u00edstico ubicado en la costa del Mediterr\u00e1neo estaba repleto de gente la noche del jueves. Tanto los residentes de la ciudad, como los veraneantes que se desplazan a la Costa Azul se hab\u00edan congregado para ver los fuegos artificiales.<\/p>\n<p>El fiscal, Jean-Michel Pr\u00eatre, dijo que el cami\u00f3n circul\u00f3 durante dos kil\u00f3metros en medio de la multitud, arrollando a los paseantes.<\/p>\n<p>\u00abEl cami\u00f3n pas\u00f3 justo al lado mio y s\u00f3lo tuve unos pocos segundos para ponerme a salvo\u00bb, cont\u00f3 el periodista, todav\u00eda muy conmocionado por el incidente.<\/p>\n<p>\u00abSalt\u00e9 hacia un lado\u00bb para evitar al cami\u00f3n, indic\u00f3.<\/p>\n<p>\u00abLos restos volaban por todos lados e incluso tuve que protegerme la cara\u00bb, agreg\u00f3.<\/p>\n<p>Despu\u00e9s, todo \u00abera un caos absoluto\u00bb. \u00abLa gente gritaba\u00bb, record\u00f3 el periodista y apunt\u00f3 que \u00abun cami\u00f3n de este tama\u00f1o que efect\u00faa una trayectoria en l\u00ednea recta\u00bb, parece ser \u00abun acto deliberado\u00bb.<\/p>\n<p>Menos de una hora despu\u00e9s del incidente, la prefectura de los Alpes Mar\u00edtimos pidi\u00f3 a la poblaci\u00f3n que permaneciera en sus domicilios.<\/p>\n<p>En el centro de Niza se estableci\u00f3 un importante dispositivo de seguridad, con numerosas ambulancias, agentes del orden y militares desplegados.<\/p>\n<h6> 2016-07-14 22:06:19 <\/h6>\n<p><!--\n<link rel=\"stylesheet\" href=\"css\/bootstrap.min.css\">\n\n\n<ul class=\"pagination\">\n\t    \n\t\n\n<li >\n\t<a href='?page_no=19023'>Previous<\/a>\n\t<\/li>\n\n\n       \n    \n\n<li><a href='?page_no=1'>1<\/a><\/li>\n\n\n\n<li><a href='?page_no=2'>2<\/a><\/li>\n\n\n\n<li><a>...<\/a><\/li>\n\n\n\n<li><a href='?page_no=19022'>19022<\/a><\/li>\n\n\n\n<li><a href='?page_no=19023'>19023<\/a><\/li>\n\n\n\n<li class='active'><a>19024<\/a><\/li>\n\n\n\n<li><a href='?page_no=19025'>19025<\/a><\/li>\n\n\n\n<li><a href='?page_no=19026'>19026<\/a><\/li>\n\n\n\n<li><a>...<\/a><\/li>\n\n\n\n<li><a href='?page_no=51012'>51012<\/a><\/li>\n\n\n\n<li><a href='?page_no=51013'>51013<\/a><\/li>\n\n    \n\t\n\n<li >\n\t<a href='?page_no=19025'>Next<\/a>\n\t<\/li>\n\n\n    \n\n<li><a href='?page_no=51013'>Last &rsaquo;&rsaquo;<\/a><\/li>\n\n<\/ul>\n\n\n--><br \/>\n<\/body><\/p>\n","protected":false},"excerpt":{"rendered":"<p>15 Jul 2016 AFP \/ Valery Hache La gente reacciona en Niza, luego del ataque que dej\u00f3 decenas de muertos al estrellar un conductor su furgoneta contra la multitud reunida por la fiesta nacional francesa, el 14 de julio de 2016 \u00abEra un caos absoluto, la gente gritaba\u00bb, cont\u00f3 un periodista de la AFP presente [&hellip;]<\/p>\n","protected":false},"author":3,"featured_media":0,"comment_status":"open","ping_status":"open","sticky":false,"template":"","format":"standard","meta":{"footnotes":""},"categories":[23],"tags":[],"class_list":["post-249379","post","type-post","status-publish","format-standard","hentry","category-internacional"],"_links":{"self":[{"href":"https:\/\/diariodominicano.com\/index.php?rest_route=\/wp\/v2\/posts\/249379","targetHints":{"allow":["GET"]}}],"collection":[{"href":"https:\/\/diariodominicano.com\/index.php?rest_route=\/wp\/v2\/posts"}],"about":[{"href":"https:\/\/diariodominicano.com\/index.php?rest_route=\/wp\/v2\/types\/post"}],"author":[{"embeddable":true,"href":"https:\/\/diariodominicano.com\/index.php?rest_route=\/wp\/v2\/users\/3"}],"replies":[{"embeddable":true,"href":"https:\/\/diariodominicano.com\/index.php?rest_route=%2Fwp%2Fv2%2Fcomments&post=249379"}],"version-history":[{"count":0,"href":"https:\/\/diariodominicano.com\/index.php?rest_route=\/wp\/v2\/posts\/249379\/revisions"}],"wp:attachment":[{"href":"https:\/\/diariodominicano.com\/index.php?rest_route=%2Fwp%2Fv2%2Fmedia&parent=249379"}],"wp:term":[{"taxonomy":"category","embeddable":true,"href":"https:\/\/diariodominicano.com\/index.php?rest_route=%2Fwp%2Fv2%2Fcategories&post=249379"},{"taxonomy":"post_tag","embeddable":true,"href":"https:\/\/diariodominicano.com\/index.php?rest_route=%2Fwp%2Fv2%2Ftags&post=249379"}],"curies":[{"name":"wp","href":"https:\/\/api.w.org\/{rel}","templated":true}]}}