{"id":249376,"date":"2016-07-15T08:04:32","date_gmt":"2016-07-15T08:04:32","guid":{"rendered":"http:\/\/diariodominicano.ddns.net\/?p=249376"},"modified":"2016-07-15T08:04:32","modified_gmt":"2016-07-15T08:04:32","slug":"consejo-de-seguridad-de-onu-condena-ataque-terrorista-en-francia","status":"publish","type":"post","link":"https:\/\/diariodominicano.com\/?p=249376","title":{"rendered":"Consejo de Seguridad de ONU condena ataque terrorista en Francia"},"content":{"rendered":"<p><body><\/p>\n<p><img decoding=\"async\" src=\"img3\/Nizamuertos15-7.jpg\" \/>  <\/p>\n<p><span class=\"text1noticias\">   NACIONES UNIDAS, 15 jul (Xinhua) &#8212; El Consejo de Seguridad de las Naciones Unidas conden\u00f3 el jueves \u00aben los t\u00e9rminos m\u00e1s en\u00e9rgicos el ataque terrorista b\u00e1rbaro y cobarde\u00bb que dej\u00f3 al menos 80 muertos en la ciudad francesa de Niza.<\/span><\/p>\n<p><span class=\"text1noticias\"> <\/span><\/p>\n<p><span class=\"text1noticias\">     \u00abLos miembros del Consejo de Seguridad reafirmaron que el terrorismo en todas sus formas y manifestaciones constituye una de las amenazas m\u00e1s serias a la paz y la seguridad internacional\u00bb, asever\u00f3 en un comunicado de prensa el \u00f3rgano integrado por 15 naciones.<\/span><\/p>\n<p><span class=\"text1noticias\"> <\/span><\/p>\n<p><span class=\"text1noticias\">     \u00abLos miembros del Consejo de Seguridad enfatizaron la necesidad de llevar ante la justicia a los autores de los actos terroristas, conforme a la Carta de la ONU y otras obligaciones bajo el derecho internacional\u00bb, indica el comunicado.<\/span><\/p>\n<p><span class=\"text1noticias\"> <\/span><\/p>\n<p><span class=\"text1noticias\">     Alrededor de las 22:30 hora francesa (20:30 GMT) del jueves, un cami\u00f3n que circulaba a alta velocidad embisti\u00f3 contra una multitud que se reun\u00eda en el paseo mar\u00edtimo de Niza para presenciar los fuegos artificiales con motivo del 14 de julio, el d\u00eda nacional de Francia.<\/span><\/p>\n<p><span class=\"text1noticias\"> <\/span><\/p>\n<p><span class=\"text1noticias\">     Seg\u00fan las informaciones preliminares, la prefectura de Alpes-Maritimes describi\u00f3 el incidente como un \u00abatentado\u00bb, y se ha abierto una investigaci\u00f3n para determinar si el conductor actu\u00f3 solo, seg\u00fan el ministro del Interior franc\u00e9s, Bernard Cazeneu<\/span>ve. <\/p>\n<h6> 2016-07-15 08:04:32 <\/h6>\n<p><!--\n<link rel=\"stylesheet\" href=\"css\/bootstrap.min.css\">\n\n\n<ul class=\"pagination\">\n\t    \n\t\n\n<li >\n\t<a href='?page_no=19020'>Previous<\/a>\n\t<\/li>\n\n\n       \n    \n\n<li><a href='?page_no=1'>1<\/a><\/li>\n\n\n\n<li><a href='?page_no=2'>2<\/a><\/li>\n\n\n\n<li><a>...<\/a><\/li>\n\n\n\n<li><a href='?page_no=19019'>19019<\/a><\/li>\n\n\n\n<li><a href='?page_no=19020'>19020<\/a><\/li>\n\n\n\n<li class='active'><a>19021<\/a><\/li>\n\n\n\n<li><a href='?page_no=19022'>19022<\/a><\/li>\n\n\n\n<li><a href='?page_no=19023'>19023<\/a><\/li>\n\n\n\n<li><a>...<\/a><\/li>\n\n\n\n<li><a href='?page_no=51012'>51012<\/a><\/li>\n\n\n\n<li><a href='?page_no=51013'>51013<\/a><\/li>\n\n    \n\t\n\n<li >\n\t<a href='?page_no=19022'>Next<\/a>\n\t<\/li>\n\n\n    \n\n<li><a href='?page_no=51013'>Last &rsaquo;&rsaquo;<\/a><\/li>\n\n<\/ul>\n\n\n--><br \/>\n<\/body><\/p>\n","protected":false},"excerpt":{"rendered":"<p>NACIONES UNIDAS, 15 jul (Xinhua) &#8212; El Consejo de Seguridad de las Naciones Unidas conden\u00f3 el jueves \u00aben los t\u00e9rminos m\u00e1s en\u00e9rgicos el ataque terrorista b\u00e1rbaro y cobarde\u00bb que dej\u00f3 al menos 80 muertos en la ciudad francesa de Niza. \u00abLos miembros del Consejo de Seguridad reafirmaron que el terrorismo en todas sus formas y [&hellip;]<\/p>\n","protected":false},"author":3,"featured_media":0,"comment_status":"open","ping_status":"open","sticky":false,"template":"","format":"standard","meta":{"footnotes":""},"categories":[23],"tags":[],"class_list":["post-249376","post","type-post","status-publish","format-standard","hentry","category-internacional"],"_links":{"self":[{"href":"https:\/\/diariodominicano.com\/index.php?rest_route=\/wp\/v2\/posts\/249376","targetHints":{"allow":["GET"]}}],"collection":[{"href":"https:\/\/diariodominicano.com\/index.php?rest_route=\/wp\/v2\/posts"}],"about":[{"href":"https:\/\/diariodominicano.com\/index.php?rest_route=\/wp\/v2\/types\/post"}],"author":[{"embeddable":true,"href":"https:\/\/diariodominicano.com\/index.php?rest_route=\/wp\/v2\/users\/3"}],"replies":[{"embeddable":true,"href":"https:\/\/diariodominicano.com\/index.php?rest_route=%2Fwp%2Fv2%2Fcomments&post=249376"}],"version-history":[{"count":0,"href":"https:\/\/diariodominicano.com\/index.php?rest_route=\/wp\/v2\/posts\/249376\/revisions"}],"wp:attachment":[{"href":"https:\/\/diariodominicano.com\/index.php?rest_route=%2Fwp%2Fv2%2Fmedia&parent=249376"}],"wp:term":[{"taxonomy":"category","embeddable":true,"href":"https:\/\/diariodominicano.com\/index.php?rest_route=%2Fwp%2Fv2%2Fcategories&post=249376"},{"taxonomy":"post_tag","embeddable":true,"href":"https:\/\/diariodominicano.com\/index.php?rest_route=%2Fwp%2Fv2%2Ftags&post=249376"}],"curies":[{"name":"wp","href":"https:\/\/api.w.org\/{rel}","templated":true}]}}