{"id":249375,"date":"2016-07-15T08:21:51","date_gmt":"2016-07-15T08:21:51","guid":{"rendered":"http:\/\/diariodominicano.ddns.net\/?p=249375"},"modified":"2016-07-15T08:21:51","modified_gmt":"2016-07-15T08:21:51","slug":"premier-chino-expresa-condolencias-por-victimas-atentado-en-niza","status":"publish","type":"post","link":"https:\/\/diariodominicano.com\/?p=249375","title":{"rendered":"Premier chino expresa condolencias por v\u00edctimas atentado en Niza"},"content":{"rendered":"<p><body><\/p>\n<p><img decoding=\"async\" src=\"img3\/Nizaflor15-7.jpg\" \/>  <\/p>\n<p><span class=\"text1noticias\"> ULAN BATOR, 15 jul (Xinhua) &#8212; El primer ministro chino, Li Keqiang, expres\u00f3 hoy sus condolencias por las v\u00edctimas de un atentado en la ciudad francesa de Niza y conden\u00f3 el \u00abterrorismo en todas sus formas\u00bb.<\/span><\/p>\n<p><span class=\"text1noticias\"> <\/span><\/p>\n<p><span class=\"text1noticias\">     En un discurso ante la XI cumbre de la Reuni\u00f3n Asia-Europa (ASEM, seg\u00fan sus siglas en ingl\u00e9s), que se celebra actualmente en la capital de Mongolia, Ul\u00e1n Bator, Li inst\u00f3 a todas las partes a tomar conciencia de un futuro y una responsabilidad compartidos, a dialogar y cooperar para enfrentarse de manera efectiva a los retos regionales, y a prevenir el crecimiento de nuevas semillas de agitaci\u00f3n.<\/span><\/p>\n<p><span class=\"text1noticias\"> <\/span><\/p>\n<p><span class=\"text1noticias\">     \u00abTodas las partes deber\u00edan salvaguardar conjuntamente el orden internacional posterior a la Segunda Guerra Mundial, abandonar la mentalidad propia de la Guerra Fr\u00eda o de un juego de suma cero y luchar para hacer un orden internacional y un sistema de gobernanza global m\u00e1s justos y justificados\u00bb, reclam\u00f3 Li.<\/span><\/p>\n<p><span class=\"text1noticias\"> <\/span><\/p>\n<p><span class=\"text1noticias\">     Afirm\u00f3 que Eurasia afronta grandes oportunidades y graves retos, en especial problemas complejos como el terrorismo y la cuesti\u00f3n de los refugiados. En ese contexto, defendi\u00f3 que todas las partes deber\u00edan acatar los principios del respeto mutuo y las consultas amistosas, y explorar nuevos caminos para promover a\u00fan m\u00e1s la cooperaci\u00f3n euroasi\u00e1tica.<\/span><\/p>\n<p><span class=\"text1noticias\"> <\/span><\/p>\n<p><span class=\"text1noticias\">     El primer ministro asever\u00f3 que China siempre salvaguarda la paz mundial, el orden internacional y el Estado de derecho, as\u00ed como defiende la paz y la estabilidad regionales.<\/span><\/p>\n<p><span class=\"text1noticias\"> <\/span><\/p>\n<p><span class=\"text1noticias\">     \u00abSiempre hemos abogado por que todos los pa\u00edses, grandes o peque\u00f1os, ricos o pobres, fuertes o d\u00e9biles, deben conducirse a s\u00ed mismos de acuerdo con las leyes y las normas, oponerse a los errores de interpretaci\u00f3n del derecho internacional y a los dobles raseros, obedecer las normas ya alcanzadas por las regiones y resolver las disputas de manera pac\u00edfica y a trav\u00e9s de medios pol\u00edticos, en lugar de incitar al conflicto y a la confrontaci\u00f3n\u00bb, apunt\u00f3.<\/span><\/p>\n<p><span class=\"text1noticias\"> <\/span><\/p>\n<p><span class=\"text1noticias\">     China seguir\u00e1 decididamente el camino de un desarrollo pac\u00edfico, agreg\u00f3 el premier.<\/span><\/p>\n<p><span class=\"text1noticias\"> <\/span><\/p>\n<p><span class=\"text1noticias\">     La XI cumbre de la ASEM se inaugur\u00f3 el viernes con un minuto de silencio en memoria de los muertos en el ataque ocurrido la noche pasada en Niza.<\/span><\/p>\n<p><span class=\"text1noticias\"> <\/span><\/p>\n<p><span class=\"text1noticias\">     El vicepremier y ministro de Asuntos Exteriores de Dinamarca, Kristian Jensen, que se encuentra en Ul\u00e1n Bator para participar en la cumbre, destac\u00f3 que el ataque da a los distintos pa\u00edses \u00abm\u00e1s razones para trabajar juntos y estrechamente a nivel mundial y en Europa para luchar contra el terrorismo y la violencia\u00bb.<\/span><\/p>\n<p><span class=\"text1noticias\"> <\/span><\/p>\n<p><span class=\"text1noticias\">     Asegur\u00f3 que Dinamarca est\u00e1 dispuesta a hacer todo lo posible para poner fin al terrorismo. \u00abEsperamos poder intentar formar una asociaci\u00f3n mundial\u00bb al respecto, a\u00f1adi\u00f3.<\/span><\/p>\n<p><span class=\"text1noticias\"> <\/span><\/p>\n<p><span class=\"text1noticias\">     El presidente del Consejo Europeo, Donald Tusk, dijo a los periodistas fuera del sitio donde se desarrolla la cumbre que es una tragedia y tambi\u00e9n es un d\u00eda triste para Francia y Europa.<\/span><\/p>\n<p><span class=\"text1noticias\"> <\/span><\/p>\n<p><span class=\"text1noticias\">     \u00abEstamos juntos con el pueblo franc\u00e9s y con su Gobierno en la lucha contra la violencia y el odio\u00bb, subray\u00f3.<\/span><\/p>\n<p><span class=\"text1noticias\"> <\/span><\/p>\n<p><span class=\"text1noticias\">     Las \u00faltimas informaciones medi\u00e1ticas sit\u00faan en 84 la cifra de muertos en el ataque de Niza. El presidente de Francia, Francois Hollande, ha indicado que \u00abno se puede negar\u00bb la naturaleza del terrorismo detr\u00e1s d<\/span>el atentado.<\/p>\n<h6> 2016-07-15 08:21:51 <\/h6>\n<p><!--\n<link rel=\"stylesheet\" href=\"css\/bootstrap.min.css\">\n\n\n<ul class=\"pagination\">\n\t    \n\t\n\n<li >\n\t<a href='?page_no=19019'>Previous<\/a>\n\t<\/li>\n\n\n       \n    \n\n<li><a href='?page_no=1'>1<\/a><\/li>\n\n\n\n<li><a href='?page_no=2'>2<\/a><\/li>\n\n\n\n<li><a>...<\/a><\/li>\n\n\n\n<li><a href='?page_no=19018'>19018<\/a><\/li>\n\n\n\n<li><a href='?page_no=19019'>19019<\/a><\/li>\n\n\n\n<li class='active'><a>19020<\/a><\/li>\n\n\n\n<li><a href='?page_no=19021'>19021<\/a><\/li>\n\n\n\n<li><a href='?page_no=19022'>19022<\/a><\/li>\n\n\n\n<li><a>...<\/a><\/li>\n\n\n\n<li><a href='?page_no=51012'>51012<\/a><\/li>\n\n\n\n<li><a href='?page_no=51013'>51013<\/a><\/li>\n\n    \n\t\n\n<li >\n\t<a href='?page_no=19021'>Next<\/a>\n\t<\/li>\n\n\n    \n\n<li><a href='?page_no=51013'>Last &rsaquo;&rsaquo;<\/a><\/li>\n\n<\/ul>\n\n\n--><br \/>\n<\/body><\/p>\n","protected":false},"excerpt":{"rendered":"<p>ULAN BATOR, 15 jul (Xinhua) &#8212; El primer ministro chino, Li Keqiang, expres\u00f3 hoy sus condolencias por las v\u00edctimas de un atentado en la ciudad francesa de Niza y conden\u00f3 el \u00abterrorismo en todas sus formas\u00bb. En un discurso ante la XI cumbre de la Reuni\u00f3n Asia-Europa (ASEM, seg\u00fan sus siglas en ingl\u00e9s), que se [&hellip;]<\/p>\n","protected":false},"author":3,"featured_media":0,"comment_status":"open","ping_status":"open","sticky":false,"template":"","format":"standard","meta":{"footnotes":""},"categories":[23],"tags":[],"class_list":["post-249375","post","type-post","status-publish","format-standard","hentry","category-internacional"],"_links":{"self":[{"href":"https:\/\/diariodominicano.com\/index.php?rest_route=\/wp\/v2\/posts\/249375","targetHints":{"allow":["GET"]}}],"collection":[{"href":"https:\/\/diariodominicano.com\/index.php?rest_route=\/wp\/v2\/posts"}],"about":[{"href":"https:\/\/diariodominicano.com\/index.php?rest_route=\/wp\/v2\/types\/post"}],"author":[{"embeddable":true,"href":"https:\/\/diariodominicano.com\/index.php?rest_route=\/wp\/v2\/users\/3"}],"replies":[{"embeddable":true,"href":"https:\/\/diariodominicano.com\/index.php?rest_route=%2Fwp%2Fv2%2Fcomments&post=249375"}],"version-history":[{"count":0,"href":"https:\/\/diariodominicano.com\/index.php?rest_route=\/wp\/v2\/posts\/249375\/revisions"}],"wp:attachment":[{"href":"https:\/\/diariodominicano.com\/index.php?rest_route=%2Fwp%2Fv2%2Fmedia&parent=249375"}],"wp:term":[{"taxonomy":"category","embeddable":true,"href":"https:\/\/diariodominicano.com\/index.php?rest_route=%2Fwp%2Fv2%2Fcategories&post=249375"},{"taxonomy":"post_tag","embeddable":true,"href":"https:\/\/diariodominicano.com\/index.php?rest_route=%2Fwp%2Fv2%2Ftags&post=249375"}],"curies":[{"name":"wp","href":"https:\/\/api.w.org\/{rel}","templated":true}]}}