{"id":249374,"date":"2016-07-15T08:55:50","date_gmt":"2016-07-15T08:55:50","guid":{"rendered":"http:\/\/diariodominicano.ddns.net\/?p=249374"},"modified":"2016-07-15T08:55:50","modified_gmt":"2016-07-15T08:55:50","slug":"jefe-de-otan-expresa-solidaridad-con-francia-ante-atentado","status":"publish","type":"post","link":"https:\/\/diariodominicano.com\/?p=249374","title":{"rendered":"Jefe de OTAN expresa solidaridad con Francia ante atentado"},"content":{"rendered":"<p><body><\/p>\n<p><img decoding=\"async\" src=\"img3\/Nizarescate15-7.jpg\" \/>  <\/p>\n<p><span class=\"text1noticias\">  BRUSELAS, 15 jul (Xinhua) &#8212; El secretario general de la Organizaci\u00f3n del Tratado del Atl\u00e1ntico Norte (OTAN), Jens Stoltenberg, dijo el viernes que la Alianza Atl\u00e1ntica siente una gran solidaridad con el pueblo de Francia tras el mortal ataque en la sure\u00f1a ciudad gala de Niza, que ha dejado al menos 84 personas muertas.<\/span><\/p>\n<p><span class=\"text1noticias\"> <\/span><\/p>\n<p><span class=\"text1noticias\">     \u00abEstoy conmocionado y consternado por el atentado terrorista en Niza. Mis pensamientos est\u00e1n con las familias y los seres queridos de las v\u00edctimas y con todos los afectados\u00bb, dijo Stoltenberg en un comunicado.<\/span><\/p>\n<p><span class=\"text1noticias\"> <\/span><\/p>\n<p><span class=\"text1noticias\">     \u00abEste ataque ten\u00eda como blanco a la gente inocente y a los valores centrales por los que la OTAN aboga. Sin embargo, el terrorismo jam\u00e1s derrotar\u00e1 a la democracia, la libertad y a nuestras sociedades abiertas\u00bb, a\u00f1adi\u00f3.<\/span><\/p>\n<p><span class=\"text1noticias\"> <\/span><\/p>\n<p><span class=\"text1noticias\">     Seg\u00fan se inform\u00f3, el jueves por la noche (hora francesa) un cami\u00f3n que circulaba a alta velocidad, embisti\u00f3 a una multitud que se reun\u00eda en el paseo mar\u00edtimo de Niza para presenciar los fuegos artificiales con motivo del 14 de julio, el d\u00eda nacional de Franc<\/span>ia.<\/p>\n<h6> 2016-07-15 08:55:50 <\/h6>\n<p><!--\n<link rel=\"stylesheet\" href=\"css\/bootstrap.min.css\">\n\n\n<ul class=\"pagination\">\n\t    \n\t\n\n<li >\n\t<a href='?page_no=19018'>Previous<\/a>\n\t<\/li>\n\n\n       \n    \n\n<li><a href='?page_no=1'>1<\/a><\/li>\n\n\n\n<li><a href='?page_no=2'>2<\/a><\/li>\n\n\n\n<li><a>...<\/a><\/li>\n\n\n\n<li><a href='?page_no=19017'>19017<\/a><\/li>\n\n\n\n<li><a href='?page_no=19018'>19018<\/a><\/li>\n\n\n\n<li class='active'><a>19019<\/a><\/li>\n\n\n\n<li><a href='?page_no=19020'>19020<\/a><\/li>\n\n\n\n<li><a href='?page_no=19021'>19021<\/a><\/li>\n\n\n\n<li><a>...<\/a><\/li>\n\n\n\n<li><a href='?page_no=51012'>51012<\/a><\/li>\n\n\n\n<li><a href='?page_no=51013'>51013<\/a><\/li>\n\n    \n\t\n\n<li >\n\t<a href='?page_no=19020'>Next<\/a>\n\t<\/li>\n\n\n    \n\n<li><a href='?page_no=51013'>Last &rsaquo;&rsaquo;<\/a><\/li>\n\n<\/ul>\n\n\n--><br \/>\n<\/body><\/p>\n","protected":false},"excerpt":{"rendered":"<p>BRUSELAS, 15 jul (Xinhua) &#8212; El secretario general de la Organizaci\u00f3n del Tratado del Atl\u00e1ntico Norte (OTAN), Jens Stoltenberg, dijo el viernes que la Alianza Atl\u00e1ntica siente una gran solidaridad con el pueblo de Francia tras el mortal ataque en la sure\u00f1a ciudad gala de Niza, que ha dejado al menos 84 personas muertas. \u00abEstoy [&hellip;]<\/p>\n","protected":false},"author":3,"featured_media":0,"comment_status":"open","ping_status":"open","sticky":false,"template":"","format":"standard","meta":{"footnotes":""},"categories":[23],"tags":[],"class_list":["post-249374","post","type-post","status-publish","format-standard","hentry","category-internacional"],"_links":{"self":[{"href":"https:\/\/diariodominicano.com\/index.php?rest_route=\/wp\/v2\/posts\/249374","targetHints":{"allow":["GET"]}}],"collection":[{"href":"https:\/\/diariodominicano.com\/index.php?rest_route=\/wp\/v2\/posts"}],"about":[{"href":"https:\/\/diariodominicano.com\/index.php?rest_route=\/wp\/v2\/types\/post"}],"author":[{"embeddable":true,"href":"https:\/\/diariodominicano.com\/index.php?rest_route=\/wp\/v2\/users\/3"}],"replies":[{"embeddable":true,"href":"https:\/\/diariodominicano.com\/index.php?rest_route=%2Fwp%2Fv2%2Fcomments&post=249374"}],"version-history":[{"count":0,"href":"https:\/\/diariodominicano.com\/index.php?rest_route=\/wp\/v2\/posts\/249374\/revisions"}],"wp:attachment":[{"href":"https:\/\/diariodominicano.com\/index.php?rest_route=%2Fwp%2Fv2%2Fmedia&parent=249374"}],"wp:term":[{"taxonomy":"category","embeddable":true,"href":"https:\/\/diariodominicano.com\/index.php?rest_route=%2Fwp%2Fv2%2Fcategories&post=249374"},{"taxonomy":"post_tag","embeddable":true,"href":"https:\/\/diariodominicano.com\/index.php?rest_route=%2Fwp%2Fv2%2Ftags&post=249374"}],"curies":[{"name":"wp","href":"https:\/\/api.w.org\/{rel}","templated":true}]}}