{"id":249372,"date":"2016-07-15T10:36:44","date_gmt":"2016-07-15T10:36:44","guid":{"rendered":"http:\/\/diariodominicano.ddns.net\/?p=249372"},"modified":"2016-07-15T10:36:44","modified_gmt":"2016-07-15T10:36:44","slug":"venezuela-resiste-y-defiende-su-revolucion-asegura-embajadora","status":"publish","type":"post","link":"https:\/\/diariodominicano.com\/?p=249372","title":{"rendered":"Venezuela resiste y defiende su revoluci\u00f3n, asegura embajadora"},"content":{"rendered":"<p><body><\/p>\n<p><img decoding=\"async\" src=\"img3\/bolivia_venez15-7.jpg\" \/>  <\/p>\n<p><span class=\"text1noticias\">La Paz, 15 jul (PL) Venezuela sufre un feroz ataque desde el nacimiento de su revoluci\u00f3n, pero el imperio no puede contra un pueblo consciente, que resiste hoy su agresi\u00f3n, asegur\u00f3 la embajadora de ese pa\u00eds en Bolivia, Cris Gonz\u00e1lez.<\/span><\/p>\n<p><span class=\"text1noticias\"> <\/span><\/p>\n<p><span class=\"text1noticias\">En declaraciones a Prensa Latina, la diplom\u00e1tica conden\u00f3 la ofensiva pol\u00edtica, militar, econ\u00f3mica y comunicacional contra su naci\u00f3n, \u00aborientada a desencadenar una intervenci\u00f3n en el territorio bolivariano\u00bb.<\/span><\/p>\n<p><span class=\"text1noticias\"> <\/span><\/p>\n<p><span class=\"text1noticias\">Desde que el fallecido presidente Hugo Ch\u00e1vez asumi\u00f3 el poder, hemos sido blanco de ataques, al principio solapados, pero despu\u00e9s descaradamente abiertos, por parte de Estados Unidos. La c\u00fapula opositora cuenta con un descomunal aparato comunicacional que funge como antena repetidora de un plan para derrocar a Nicol\u00e1s Maduro y la revoluci\u00f3n, afirm\u00f3.<\/span><\/p>\n<p><span class=\"text1noticias\"> <\/span><\/p>\n<p><span class=\"text1noticias\">Asimismo, critic\u00f3 el papel desempe\u00f1ado en las acciones desestabilizadoras contra su pa\u00eds por el secretario general de la Organizaci\u00f3n de Estados Americanos, Luis Almagro.<\/span><\/p>\n<p><span class=\"text1noticias\"> <\/span><\/p>\n<p><span class=\"text1noticias\">Almagro viol\u00f3 todos los reglamentos internacionales al pretender aplicar la carta democr\u00e1tica a Venezuela, decisi\u00f3n desprovista de coherencia. No entiende de soberan\u00eda ni independencia y fracas\u00f3 en su pobre intento de implementar un mecanismo de guerra, se\u00f1al\u00f3.<\/span><\/p>\n<p><span class=\"text1noticias\"> <\/span><\/p>\n<p><span class=\"text1noticias\">Por otra parte, conden\u00f3 los ataques contra los mandatarios Dilma Rousseff, en Brasil, y Evo Morales, en Bolivia.<\/span><\/p>\n<p><span class=\"text1noticias\"> <\/span><\/p>\n<p><span class=\"text1noticias\">En Brasil la derecha consigui\u00f3, solo en parte, su objetivo de apartar a Rousseff de la presidencia a trav\u00e9s de un golpe en el Congreso. Fue todo un plan montado por una \u00e9lite pol\u00edtica que pretende desde hace tiempo derrotar a Dilma, a Lula y al Partido de los Trabajadores, explic\u00f3.<\/span><\/p>\n<p><span class=\"text1noticias\"> <\/span><\/p>\n<p><span class=\"text1noticias\">Lo ocurrido en ese pa\u00eds es una muestra de c\u00f3mo la derecha es incapaz de respetar un gobierno electo democr\u00e1ticamente. No obstante, el pueblo se da cuenta de que esas fuerzas echan por tierra los avances en inversi\u00f3n social. Michel Temer tiene actualmente un rechazo del 70 por ciento, mientras Dilma recobra su credibilidad y se fortalece en las bases, a\u00f1adi\u00f3.<\/span><\/p>\n<p><span class=\"text1noticias\"> <\/span><\/p>\n<p><span class=\"text1noticias\">Con Morales fueron demasiado lejos, asegur\u00f3 la embajadora al referirse a la campa\u00f1a difamatoria contra el mandatario en las semanas previas al referendo constitucional del 21 de febrero.<\/span><\/p>\n<p><span class=\"text1noticias\"> <\/span><\/p>\n<p><span class=\"text1noticias\">La historia est\u00e1, lamentablemente, plagada de este tipo de agresiones por parte de potencias que pretenden desalojar a los gobiernos progresistas del poder. El accionar de la derecha se resume en ejemplos de mentira, manipulaci\u00f3n y menosprecio, asever\u00f3.<\/span><\/p>\n<p><span class=\"text1noticias\"> <\/span><\/p>\n<p><span class=\"text1noticias\">Ante esta arremetida que pretende frenar los procesos respaldados por el pueblo, Gonz\u00e1lez consider\u00f3 que la respuesta de la regi\u00f3n debe ser la unidad y el apoyo a la democracia.<\/span><\/p>\n<p><span class=\"text1noticias\"> <\/span><\/p>\n<p><span class=\"text1noticias\">La hermandad e incondicionalidad basadas en valores y horizontes comunes son fundamentales para seguir avanzando. La unidad debe ser nuestro principi<\/span>o, asever\u00f3.<\/p>\n<h6> 2016-07-15 10:36:44 <\/h6>\n<p><!--\n<link rel=\"stylesheet\" href=\"css\/bootstrap.min.css\">\n\n\n<ul class=\"pagination\">\n\t    \n\t\n\n<li >\n\t<a href='?page_no=19016'>Previous<\/a>\n\t<\/li>\n\n\n       \n    \n\n<li><a href='?page_no=1'>1<\/a><\/li>\n\n\n\n<li><a href='?page_no=2'>2<\/a><\/li>\n\n\n\n<li><a>...<\/a><\/li>\n\n\n\n<li><a href='?page_no=19015'>19015<\/a><\/li>\n\n\n\n<li><a href='?page_no=19016'>19016<\/a><\/li>\n\n\n\n<li class='active'><a>19017<\/a><\/li>\n\n\n\n<li><a href='?page_no=19018'>19018<\/a><\/li>\n\n\n\n<li><a href='?page_no=19019'>19019<\/a><\/li>\n\n\n\n<li><a>...<\/a><\/li>\n\n\n\n<li><a href='?page_no=51012'>51012<\/a><\/li>\n\n\n\n<li><a href='?page_no=51013'>51013<\/a><\/li>\n\n    \n\t\n\n<li >\n\t<a href='?page_no=19018'>Next<\/a>\n\t<\/li>\n\n\n    \n\n<li><a href='?page_no=51013'>Last &rsaquo;&rsaquo;<\/a><\/li>\n\n<\/ul>\n\n\n--><br \/>\n<\/body><\/p>\n","protected":false},"excerpt":{"rendered":"<p>La Paz, 15 jul (PL) Venezuela sufre un feroz ataque desde el nacimiento de su revoluci\u00f3n, pero el imperio no puede contra un pueblo consciente, que resiste hoy su agresi\u00f3n, asegur\u00f3 la embajadora de ese pa\u00eds en Bolivia, Cris Gonz\u00e1lez. En declaraciones a Prensa Latina, la diplom\u00e1tica conden\u00f3 la ofensiva pol\u00edtica, militar, econ\u00f3mica y comunicacional [&hellip;]<\/p>\n","protected":false},"author":3,"featured_media":0,"comment_status":"open","ping_status":"open","sticky":false,"template":"","format":"standard","meta":{"footnotes":""},"categories":[23],"tags":[],"class_list":["post-249372","post","type-post","status-publish","format-standard","hentry","category-internacional"],"_links":{"self":[{"href":"https:\/\/diariodominicano.com\/index.php?rest_route=\/wp\/v2\/posts\/249372","targetHints":{"allow":["GET"]}}],"collection":[{"href":"https:\/\/diariodominicano.com\/index.php?rest_route=\/wp\/v2\/posts"}],"about":[{"href":"https:\/\/diariodominicano.com\/index.php?rest_route=\/wp\/v2\/types\/post"}],"author":[{"embeddable":true,"href":"https:\/\/diariodominicano.com\/index.php?rest_route=\/wp\/v2\/users\/3"}],"replies":[{"embeddable":true,"href":"https:\/\/diariodominicano.com\/index.php?rest_route=%2Fwp%2Fv2%2Fcomments&post=249372"}],"version-history":[{"count":0,"href":"https:\/\/diariodominicano.com\/index.php?rest_route=\/wp\/v2\/posts\/249372\/revisions"}],"wp:attachment":[{"href":"https:\/\/diariodominicano.com\/index.php?rest_route=%2Fwp%2Fv2%2Fmedia&parent=249372"}],"wp:term":[{"taxonomy":"category","embeddable":true,"href":"https:\/\/diariodominicano.com\/index.php?rest_route=%2Fwp%2Fv2%2Fcategories&post=249372"},{"taxonomy":"post_tag","embeddable":true,"href":"https:\/\/diariodominicano.com\/index.php?rest_route=%2Fwp%2Fv2%2Ftags&post=249372"}],"curies":[{"name":"wp","href":"https:\/\/api.w.org\/{rel}","templated":true}]}}