{"id":249371,"date":"2016-07-15T10:52:09","date_gmt":"2016-07-15T10:52:09","guid":{"rendered":"http:\/\/diariodominicano.ddns.net\/?p=249371"},"modified":"2016-07-15T10:52:09","modified_gmt":"2016-07-15T10:52:09","slug":"francia-declara-3-dias-de-luto-nacional-tras-ataque-en-niza","status":"publish","type":"post","link":"https:\/\/diariodominicano.com\/?p=249371","title":{"rendered":"Francia declara 3 d\u00edas de luto nacional tras ataque en Niza"},"content":{"rendered":"<p><body><\/p>\n<p><img decoding=\"async\" src=\"img3\/Nizabandera15-7.jpg\" \/><br \/><img decoding=\"async\" src=\"img3\/Niza15-7.jpg\" \/>  <\/p>\n<p><span class=\"text1noticias\"> PARIS, 15 jul (Xinhua) &#8212; Despu\u00e9s del mortal ataque del jueves en Niza, sur de Francia, el primer ministro franc\u00e9s, Manuel Valls, declar\u00f3 esta ma\u00f1ana tres d\u00edas de luto nacional a partir del 16 de julio.<\/span><\/p>\n<p><span class=\"text1noticias\"> <\/span><\/p>\n<p><span class=\"text1noticias\">     \u00abEstamos enfrentando una guerra que el terrorismo nos est\u00e1 infligiendo\u00bb, dijo Valls luego de una reuni\u00f3n en el Palacio El\u00edseo, y agreg\u00f3 que \u00abla \u00fanica respuesta es la de una Francia unida\u00bb.<\/span><\/p>\n<p><span class=\"text1noticias\"> <\/span><\/p>\n<p><span class=\"text1noticias\">     Las banderas francesas estar\u00e1n izadas a media asta en todos los edificios p\u00fablicos del pa\u00eds, a\u00f1adi\u00f3 Valls.<\/span><\/p>\n<p><span class=\"text1noticias\"> <\/span><\/p>\n<p><span class=\"text1noticias\">     La cifra de muertos contin\u00faa aumentando por el ataque en el que un cami\u00f3n atropell\u00f3 a una multitud que celebraba el d\u00eda nacional franc\u00e9s en Niza, se\u00f1al\u00f3 hoy el ministro del Interior, Bernard Cazeneuve.<\/span><\/p>\n<p><span class=\"text1noticias\"> <\/span><\/p>\n<p><span class=\"text1noticias\">     Al menos 84 personas han muerto y 18 est\u00e1n en \u00abcondici\u00f3n cr\u00edtica\u00bb, declar\u00f3 el ministro. El presidente franc\u00e9s, Francois Hollande, dijo que la cifra de muertos incluye a \u00abvarios ni\u00f1os\u00bb.<\/span><\/p>\n<p><span class=\"text1noticias\"> <\/span><\/p>\n<p><span class=\"text1noticias\">     De acuerdo con medios de comunicaci\u00f3n franceses, al menos 50 ni\u00f1os han sido hospitalizados.<\/span><\/p>\n<p><span class=\"text1noticias\"> <\/span><\/p>\n<p><span class=\"text1noticias\">     Hollande anunci\u00f3 que se extender\u00e1 otros tres meses el estado de excepci\u00f3n vigente en el pa\u00eds, a pesar de que el jueves se\u00f1alara que no rebasar\u00eda el 26 de julio.<\/span><\/p>\n<p><span class=\"text1noticias\"> <\/span><\/p>\n<p><span class=\"text1noticias\">     Un estado de excepci\u00f3n fue instaurado hace ocho meses un d\u00eda despu\u00e9s de que pistoleros y atacantes suicidas del grupo Estado Isl\u00e1mico (EI) mataran a 130 personas en Par\u00eds.<\/span><\/p>\n<p><span class=\"text1noticias\"> <\/span><\/p>\n<p><span class=\"text1noticias\">     La iniciativa de ley sobre el estado de excepci\u00f3n ser\u00e1 presentada el martes pr\u00f3ximo al gabinete, y luego a la Asamblea Nacional el mi\u00e9rcoles y jueves.<\/span><\/p>\n<p><span class=\"text1noticias\"> <\/span><\/p>\n<p><span class=\"text1noticias\">     Hollande confirm\u00f3 esta ma\u00f1ana que el ataque fue de naturaleza \u00abterrorista\u00bb.<\/span><\/p>\n<p><span class=\"text1noticias\"> <\/span><\/p>\n<p><span class=\"text1noticias\">     \u00abFrancia est\u00e1 bajo la amenaza del terrorismo isl\u00e1mico&#8230; Nada nos har\u00e1 renunciar a nuestra voluntad de combatir el terrorismo y fortaleceremos m\u00e1s nuestras acciones en Siria e Irak. Continuaremos atacando a quienes nos ataquen en nuestro territorio\u00bb, enfatiz\u00f3 Hollande.<\/span><\/p>\n<p><span class=\"text1noticias\"> <\/span><\/p>\n<p><span class=\"text1noticias\">     Sin embargo, el acad\u00e9mico Gilles Kepel, experto sobre el mundo isl\u00e1mico y \u00e1rabe, opina que Francia no comprende la forma de terrorismo de tercera generaci\u00f3n cuyo m\u00e9todo de llevar a cabo ataques se est\u00e1 volviendo cada vez m\u00e1s simple.<\/span><\/p>\n<p><span class=\"text1noticias\"> <\/span><\/p>\n<p><span class=\"text1noticias\">     La clase pol\u00edtica francesa es \u00abin\u00fatil\u00bb cuando se trata de enfrentar este tipo de terrorismo, dijo Kepel a la radio France Inter esta ma\u00f1ana.<\/span><\/p>\n<p><span class=\"text1noticias\"> <\/span><\/p>\n<p><span class=\"text1noticias\">     Las investigaciones antiterrorismo han comenzado. Los documentos de identidad del hombre franco-tunecino de 31 a\u00f1os de edad que conduc\u00eda el veh\u00edculo, adem\u00e1s de armas y granadas, fueron hallados en el cami\u00f3n que estaba manejando, de acuerdo con los reportes. El conductor del cami\u00f3n muri\u00f3 por los disparos de la polic\u00eda.<\/span><\/p>\n<p><span class=\"text1noticias\"> <\/span><\/p>\n<p><span class=\"text1noticias\">     El conductor ya ten\u00eda antecedentes en la polic\u00eda por haber lanzado actos de violencia con armas.<\/span><\/p>\n<p><span class=\"text1noticias\"> <\/span><\/p>\n<p><span class=\"text1noticias\">     La tragedia ocurri\u00f3 en el famoso malec\u00f3n Paseo de los Ingleses de la ciudad de Niza. El cami\u00f3n avanz\u00f3 a toda velocidad contra la multitud que disfrutaba el espect\u00e1culo pirot\u00e9cnico.<\/span><\/p>\n<p><span class=\"text1noticias\"> <\/span><\/p>\n<p><span class=\"text1noticias\">     Christian Estrosi, presidente de la regi\u00f3n de Provenza-Alpes-Costa Azul, describi\u00f3 al incidente en Twitter como \u00abel peor drama en la historia de Niza\u00bb.<\/span><\/p>\n<p><span class=\"text1noticias\"> <\/span><\/p>\n<p><span class=\"text1noticias\">     El tr\u00e1nsito permanece cerrado en el Paseo de los Ingleses y los eventos culturales programados, incluido un festival de jazz, f<\/span>ueron cancelados.<\/p>\n<h6> 2016-07-15 10:52:09 <\/h6>\n<p><!--\n<link rel=\"stylesheet\" href=\"css\/bootstrap.min.css\">\n\n\n<ul class=\"pagination\">\n\t    \n\t\n\n<li >\n\t<a href='?page_no=19015'>Previous<\/a>\n\t<\/li>\n\n\n       \n    \n\n<li><a href='?page_no=1'>1<\/a><\/li>\n\n\n\n<li><a href='?page_no=2'>2<\/a><\/li>\n\n\n\n<li><a>...<\/a><\/li>\n\n\n\n<li><a href='?page_no=19014'>19014<\/a><\/li>\n\n\n\n<li><a href='?page_no=19015'>19015<\/a><\/li>\n\n\n\n<li class='active'><a>19016<\/a><\/li>\n\n\n\n<li><a href='?page_no=19017'>19017<\/a><\/li>\n\n\n\n<li><a href='?page_no=19018'>19018<\/a><\/li>\n\n\n\n<li><a>...<\/a><\/li>\n\n\n\n<li><a href='?page_no=51012'>51012<\/a><\/li>\n\n\n\n<li><a href='?page_no=51013'>51013<\/a><\/li>\n\n    \n\t\n\n<li >\n\t<a href='?page_no=19017'>Next<\/a>\n\t<\/li>\n\n\n    \n\n<li><a href='?page_no=51013'>Last &rsaquo;&rsaquo;<\/a><\/li>\n\n<\/ul>\n\n\n--><br \/>\n<\/body><\/p>\n","protected":false},"excerpt":{"rendered":"<p>PARIS, 15 jul (Xinhua) &#8212; Despu\u00e9s del mortal ataque del jueves en Niza, sur de Francia, el primer ministro franc\u00e9s, Manuel Valls, declar\u00f3 esta ma\u00f1ana tres d\u00edas de luto nacional a partir del 16 de julio. \u00abEstamos enfrentando una guerra que el terrorismo nos est\u00e1 infligiendo\u00bb, dijo Valls luego de una reuni\u00f3n en el Palacio [&hellip;]<\/p>\n","protected":false},"author":3,"featured_media":0,"comment_status":"open","ping_status":"open","sticky":false,"template":"","format":"standard","meta":{"footnotes":""},"categories":[23],"tags":[],"class_list":["post-249371","post","type-post","status-publish","format-standard","hentry","category-internacional"],"_links":{"self":[{"href":"https:\/\/diariodominicano.com\/index.php?rest_route=\/wp\/v2\/posts\/249371","targetHints":{"allow":["GET"]}}],"collection":[{"href":"https:\/\/diariodominicano.com\/index.php?rest_route=\/wp\/v2\/posts"}],"about":[{"href":"https:\/\/diariodominicano.com\/index.php?rest_route=\/wp\/v2\/types\/post"}],"author":[{"embeddable":true,"href":"https:\/\/diariodominicano.com\/index.php?rest_route=\/wp\/v2\/users\/3"}],"replies":[{"embeddable":true,"href":"https:\/\/diariodominicano.com\/index.php?rest_route=%2Fwp%2Fv2%2Fcomments&post=249371"}],"version-history":[{"count":0,"href":"https:\/\/diariodominicano.com\/index.php?rest_route=\/wp\/v2\/posts\/249371\/revisions"}],"wp:attachment":[{"href":"https:\/\/diariodominicano.com\/index.php?rest_route=%2Fwp%2Fv2%2Fmedia&parent=249371"}],"wp:term":[{"taxonomy":"category","embeddable":true,"href":"https:\/\/diariodominicano.com\/index.php?rest_route=%2Fwp%2Fv2%2Fcategories&post=249371"},{"taxonomy":"post_tag","embeddable":true,"href":"https:\/\/diariodominicano.com\/index.php?rest_route=%2Fwp%2Fv2%2Ftags&post=249371"}],"curies":[{"name":"wp","href":"https:\/\/api.w.org\/{rel}","templated":true}]}}