{"id":249370,"date":"2016-07-15T12:45:26","date_gmt":"2016-07-15T12:45:26","guid":{"rendered":"http:\/\/diariodominicano.ddns.net\/?p=249370"},"modified":"2016-07-15T12:45:26","modified_gmt":"2016-07-15T12:45:26","slug":"el-mundo-condena-el-atentado-de-niza","status":"publish","type":"post","link":"https:\/\/diariodominicano.com\/?p=249370","title":{"rendered":"El mundo condena el atentado de Niza"},"content":{"rendered":"<p><body><\/p>\n<p><img decoding=\"async\" src=\"img3\/7a3f520683156e70112a6da26a4e2be35fee0ae4.jpg\" \/>  <\/p>\n<\/p>\n<p><strong>AFP \/ John MacDougall<\/strong><\/p>\n<p><strong>Una joven llora al detenerse frente a la Embajada de Francia en Alemania, donde algunas personas depositaron flores en recuerdo de las v\u00edctimas del atentado de Niza, este viernes 15 de julio en Berl\u00edn<\/strong><\/p>\n<p>Pol\u00edticos de todo el mundo han reaccionado con horror al atentado con un cami\u00f3n contra una multitud que celebraba la fiesta nacional en Niza, la Riviera Francesa, que caus\u00f3 al menos 84 muertos.<\/p>\n<p>\u00c9stas son las principales reacciones:<\/p>\n<p>&#8211; El presidente de EEUU, Barack Obama, expres\u00f3 la solidaridad de su pa\u00eds con Francia, a la que se refiri\u00f3 como \u00abnuestro m\u00e1s antiguo aliado\u00bb. \u00abEn este 14 de julio, recordamos (&#8230;) los valores democr\u00e1ticos que hicieron de Francia una inspiraci\u00f3n para el mundo entero\u00bb. Su secretario de Estado, John Kerry, asisti\u00f3 el jueves en Par\u00eds al desfile por la fiesta nacional francesa.<\/p>\n<p>&#8211; El secretario general de la ONU, Ban Ki-moon, conden\u00f3 el ataque y llam\u00f3 a intensificar los esfuerzos para enfrentar el terrorismo y la violencia extremista. En un comunicado, la ONU dijo que Ban \u00abapoya firmemente al Gobierno y al pueblo franceses mientras enfrentan esta amenaza y resalta la necesidad de intensificar los esfuerzos regionales e internacionales para combatir el terrorismo y el extremismo violento\u00bb.<\/p>\n<p>&#8211; La canciller alemana, Angela Merkel, afirm\u00f3: \u00abEstamos todos unidos en el estupor tras este ataque mortal en Niza\u00bb.<\/p>\n<p>&#8211; El presidente ruso, Vladimir Putin, calific\u00f3 al atentado de \u00abparticularmente cruel\u00bb y \u00abc\u00ednico\u00bb. \u00abHemos visto nuevamente que el terrorismo ignora absolutamente lo que es la moral humana\u00bb. \u00abRusia est\u00e1 dispuesta a cooperar estrechamente con Francia\u00bb para \u00abluchar contra el terrorismo\u00bb.<\/p>\n<p>&#8211; El presidente del Gobierno espa\u00f1ol, Mariano Rajoy, se declar\u00f3 \u00abconmocionado\u00bb. \u00abSentimos como nuestro el dolor de nuestros vecinos. Es el dolor de todas las personas de bien, v\u00edctimas potenciales de la barbarie, la sinraz\u00f3n y el desprecio m\u00e1s absoluto a la vida humana\u00bb,<\/p>\n<p>&#8211; Boris Johnson, el nuevo ministro de Exteriores brit\u00e1nico, que particip\u00f3 en la fiesta del 14 de julio en la embajada francesa en Londres, escribi\u00f3 en Twitter: \u00abConmocionado y entristecido por los terribles acontecimientos en Niza, y la terrible p\u00e9rdida de vidas\u00bb.<\/p>\n<p>&#8211; El presidente interino de Brasil, Michel Temer, dijo: \u00abHoy, m\u00e1s que nunca, somos todos franceses (&#8230;) Brasil se une a todos los que desean y luchan por la paz y la armon\u00eda en el mundo\u00bb.<\/p>\n<p>Por su lado, la presidenta Dilma Rousseff, actualmente suspendida de sus funciones, dijo: \u00abNo nos podemos dejar atemorizar, ni abatir. El pueblo franc\u00e9s sabr\u00e1 superar esta tragedia\u00bb.<\/p>\n<p>&#8211; El presidente de M\u00e9xico, Enrique Pe\u00f1a Nieto, tambi\u00e9n lo conden\u00f3. \u00abM\u00e9xico reprueba todo acto de violencia como el ocurrido en Niza\u00bb.<\/p>\n<p>&#8211; El presidente de Colombia, Juan Manuel Santos, afirm\u00f3 en Twitter: \u00ab@fhollande: nuestra solidaridad con v\u00edctimas y heridos de atentado en Niza. Rechazamos toda forma de violencia\u00bb.<\/p>\n<p>&#8211; El primer ministro canadiense, Justin Trudeau, escribi\u00f3 en Twitter: \u00abLos canadienses est\u00e1n conmocionados\u00bb.<\/p>\n<p>&#8211; El Vaticano expres\u00f3 \u00abpor parte del papa Francisco nuestra participaci\u00f3n y solidaridad con el sufrimiento de las v\u00edctimas y de todo el pueblo franc\u00e9s\u00bb en \u00abun d\u00eda que deb\u00eda ser un gran d\u00eda de fiesta\u00bb.<\/p>\n<p>&#8211; Uni\u00f3n Europea: \u00abEl ataque terrorista cobarde y b\u00e1rbaro que golpe\u00f3 a la ciudad de Niza por la noche me ha consternado\u00bb, declar\u00f3 el presidente de la Comisi\u00f3n europea, Jean-Claude Juncker.<\/p>\n<p>Es un \u00abtriste d\u00eda para Francia, para Europa\u00bb, afirm\u00f3 el presidente del Consejo Europeo, Donald Tusk. Es \u00abtr\u00e1gico\u00bb que \u00ablas v\u00edctimas del ataque eran personas que celebraban la libertad, igualdad y fraternidad\u00bb.<\/p>\n<p>&#8211; Cumbre Europa-Asia: Los dirigentes y representantes de 51 pa\u00edses asi\u00e1ticos y europeos, reunidos en Mongolia, condenaron el atentado.\u00bbReafirmamos nuestro compromiso de unir nuestras fuerzas para combatir la peste del terrorismo\u00bb.<\/p>\n<p>&#8211; Arabia Saud\u00ed, golpeada hace una decena de d\u00edas por atentados mortales, expres\u00f3 a su \u00abamiga\u00bb Francia su \u00absolidaridad y cooperaci\u00f3n para hacer frente juntos a los actos terroristas\u00bb.<\/p>\n<p>&#8211; Emiratos \u00c1rabes Unidos, miembro junto a Francia y Arabia Saudita de la coalici\u00f3n internacional que, bajo el liderazgo de Estados Unidos, lucha contra los yihadistas del Estado Isl\u00e1mico (EI) en Siria e Irak, \u00abdenunci\u00f3 un crimen abyecto\u00bb.<\/p>\n<p>&#8211; El primer ministro canadiense, Justin Trudeau, escribi\u00f3 en Twitter: \u00abLos canadienses est\u00e1n conmocionados\u00bb.<\/p>\n<p>&#8211; China: el primer ministro chino, Li Keqiang, dio su p\u00e9same y dijo que su pa\u00eds condena toda forma de \u00abterrorismo\u00bb.<\/p>\n<p>&#8211; El Consejo de Seguridad de Naciones Unidas calific\u00f3 el ataque de \u00abb\u00e1rbaro y cobarde\u00bb.<\/p>\n<h6> 2016-07-15 12:45:26 <\/h6>\n<p><!--\n<link rel=\"stylesheet\" href=\"css\/bootstrap.min.css\">\n\n\n<ul class=\"pagination\">\n\t    \n\t\n\n<li >\n\t<a href='?page_no=19014'>Previous<\/a>\n\t<\/li>\n\n\n       \n    \n\n<li><a href='?page_no=1'>1<\/a><\/li>\n\n\n\n<li><a href='?page_no=2'>2<\/a><\/li>\n\n\n\n<li><a>...<\/a><\/li>\n\n\n\n<li><a href='?page_no=19013'>19013<\/a><\/li>\n\n\n\n<li><a href='?page_no=19014'>19014<\/a><\/li>\n\n\n\n<li class='active'><a>19015<\/a><\/li>\n\n\n\n<li><a href='?page_no=19016'>19016<\/a><\/li>\n\n\n\n<li><a href='?page_no=19017'>19017<\/a><\/li>\n\n\n\n<li><a>...<\/a><\/li>\n\n\n\n<li><a href='?page_no=51012'>51012<\/a><\/li>\n\n\n\n<li><a href='?page_no=51013'>51013<\/a><\/li>\n\n    \n\t\n\n<li >\n\t<a href='?page_no=19016'>Next<\/a>\n\t<\/li>\n\n\n    \n\n<li><a href='?page_no=51013'>Last &rsaquo;&rsaquo;<\/a><\/li>\n\n<\/ul>\n\n\n--><br \/>\n<\/body><\/p>\n","protected":false},"excerpt":{"rendered":"<p>AFP \/ John MacDougall Una joven llora al detenerse frente a la Embajada de Francia en Alemania, donde algunas personas depositaron flores en recuerdo de las v\u00edctimas del atentado de Niza, este viernes 15 de julio en Berl\u00edn Pol\u00edticos de todo el mundo han reaccionado con horror al atentado con un cami\u00f3n contra una multitud [&hellip;]<\/p>\n","protected":false},"author":3,"featured_media":0,"comment_status":"open","ping_status":"open","sticky":false,"template":"","format":"standard","meta":{"footnotes":""},"categories":[23],"tags":[],"class_list":["post-249370","post","type-post","status-publish","format-standard","hentry","category-internacional"],"_links":{"self":[{"href":"https:\/\/diariodominicano.com\/index.php?rest_route=\/wp\/v2\/posts\/249370","targetHints":{"allow":["GET"]}}],"collection":[{"href":"https:\/\/diariodominicano.com\/index.php?rest_route=\/wp\/v2\/posts"}],"about":[{"href":"https:\/\/diariodominicano.com\/index.php?rest_route=\/wp\/v2\/types\/post"}],"author":[{"embeddable":true,"href":"https:\/\/diariodominicano.com\/index.php?rest_route=\/wp\/v2\/users\/3"}],"replies":[{"embeddable":true,"href":"https:\/\/diariodominicano.com\/index.php?rest_route=%2Fwp%2Fv2%2Fcomments&post=249370"}],"version-history":[{"count":0,"href":"https:\/\/diariodominicano.com\/index.php?rest_route=\/wp\/v2\/posts\/249370\/revisions"}],"wp:attachment":[{"href":"https:\/\/diariodominicano.com\/index.php?rest_route=%2Fwp%2Fv2%2Fmedia&parent=249370"}],"wp:term":[{"taxonomy":"category","embeddable":true,"href":"https:\/\/diariodominicano.com\/index.php?rest_route=%2Fwp%2Fv2%2Fcategories&post=249370"},{"taxonomy":"post_tag","embeddable":true,"href":"https:\/\/diariodominicano.com\/index.php?rest_route=%2Fwp%2Fv2%2Ftags&post=249370"}],"curies":[{"name":"wp","href":"https:\/\/api.w.org\/{rel}","templated":true}]}}