{"id":249369,"date":"2016-07-15T12:50:19","date_gmt":"2016-07-15T12:50:19","guid":{"rendered":"http:\/\/diariodominicano.ddns.net\/?p=249369"},"modified":"2016-07-15T12:50:19","modified_gmt":"2016-07-15T12:50:19","slug":"queria-causar-el-maximo-de-victimas-cuenta-una-testigo-del-atentado","status":"publish","type":"post","link":"https:\/\/diariodominicano.com\/?p=249369","title":{"rendered":"\u00abQuer\u00eda causar el m\u00e1ximo de v\u00edctimas\u00bb, cuenta una testigo del atentado"},"content":{"rendered":"<p><body><\/p>\n<p><img decoding=\"async\" src=\"img3\/fd5159464d99ae2c95ccfa7d7d1d79e8381bb24f.jpg\" \/>  <\/p>\n<\/p>\n<p>Harp_detectives \/ Twitter\/AFP \/ &#8211;<\/p>\n<p><strong>Imagen de un v\u00eddeo obtenido de la cuenta de Twitter de harp_detectives muestra a la gente huyendo del lugar del ataque, el jueves 14 de julio por la noche en el pase mar\u00edtimo de Niza (Francia)<\/strong><\/p>\n<p>\u00abVi cuerpos que sal\u00edan disparados\u00bb, cuenta con horror una testigo del atentado del jueves en Niza, que presenci\u00f3 c\u00f3mo un cami\u00f3n arrollaba a decenas de personas en el Paseo de los Ingleses, un lugar emblem\u00e1tico de la Costa Azul francesa.<\/p>\n<p>&#8211; Najate, de 52 a\u00f1os, estaba cruzando esta avenida costanera en el momento de los hechos:<\/p>\n<p>\u00abEscuch\u00e9 un bum, me di la vuelta y vi el cami\u00f3n acelerando, y cuerpos que sal\u00edan disparados. Se notaba que quer\u00eda causar el m\u00e1ximo de v\u00edctimas. Iba r\u00e1pido, y era horrible. Vi a un padre con su hijo de dos a\u00f1os en brazos. El peque\u00f1o estaba muerto. Luego dej\u00e9 de contar los muertos\u00bb.<\/p>\n<p>&#8211; Suzy, jubilada de 65 a\u00f1os:<\/p>\n<p>\u00abEl cami\u00f3n pas\u00f3 muy r\u00e1pido, y me dije: &#8216;no es posible, hay que irse&#8217;, cuando en realidad est\u00e1bamos muy bien, los fuegos artificiales hab\u00edan sido magn\u00edficos, est\u00e1bamos tranquilos, contentos, y de pronto, el horror, un cami\u00f3n que aparece a toda velocidad, disparos (&#8230;) Tuve la suerte de encontrarme del buen lado del paseo. Estaba en la terraza de un caf\u00e9, y me abalanc\u00e9 al fondo\u00bb.<\/p>\n<p>&#8211; Pascale se encontraba cerca del hotel Negresco, en el Paseo de los Ingleses:<\/p>\n<p>\u00abHubo un movimiento de masas, y enseguida pens\u00e9 en un atentado. Con mi pareja subimos por el paseo (de los Ingleses) para escuchar a un grupo de rock, pero la primera canci\u00f3n no termin\u00f3. Escuchamos gritos, gente empujando, y disparos. Hubo una desbandada general, y nos pusimos a correr como locos\u00bb.<\/p>\n<p>\u00abEn un momento dado corrimos hacia el Negresco, y mi novio me dijo &#8216;salta, salta&#8217;. Ten\u00edamos la sensaci\u00f3n de que nos estaban disparando. Corrimos hacia el mar para escapar a los disparos, hab\u00eda gente que iba hacia el mar\u00bb.<\/p>\n<p>\u00abSubiendo por el paseo nos encontramos con los desmanes que hab\u00eda hecho el cami\u00f3n. Unos marinos nos dijeron que un cami\u00f3n hab\u00eda atropellado a la gente. Hab\u00eda un chico joven gravemente herido. Corr\u00ed por todos lados en busca de un m\u00e9dico, que trajimos para que atendiera al joven. No s\u00e9 qu\u00e9 ha sido de \u00e9l. No ten\u00eda miedo, simplemente me pregunt\u00e9 qu\u00e9 pod\u00eda hacer\u00bb.<\/p>\n<p>&#8211; Laroussi, turista tunecino:<\/p>\n<p>\u00abVimos el cami\u00f3n a 120 o 150 km por hora. Est\u00e1bamos en la playa. Se dirigi\u00f3 hacia el casino, y la gente se volvi\u00f3 loca. Vi a un ni\u00f1o cortado en dos, y su carrito estaba intacto. No hemos podido dormir en toda la noche, ha sido horrible. \u00bfPor qu\u00e9 no hab\u00eda retenes? Los polic\u00edas tardaron 20 minutos en llegar\u00bb.<\/p>\n<h6> 2016-07-15 12:50:19 <\/h6>\n<p><!--\n<link rel=\"stylesheet\" href=\"css\/bootstrap.min.css\">\n\n\n<ul class=\"pagination\">\n\t    \n\t\n\n<li >\n\t<a href='?page_no=19013'>Previous<\/a>\n\t<\/li>\n\n\n       \n    \n\n<li><a href='?page_no=1'>1<\/a><\/li>\n\n\n\n<li><a href='?page_no=2'>2<\/a><\/li>\n\n\n\n<li><a>...<\/a><\/li>\n\n\n\n<li><a href='?page_no=19012'>19012<\/a><\/li>\n\n\n\n<li><a href='?page_no=19013'>19013<\/a><\/li>\n\n\n\n<li class='active'><a>19014<\/a><\/li>\n\n\n\n<li><a href='?page_no=19015'>19015<\/a><\/li>\n\n\n\n<li><a href='?page_no=19016'>19016<\/a><\/li>\n\n\n\n<li><a>...<\/a><\/li>\n\n\n\n<li><a href='?page_no=51012'>51012<\/a><\/li>\n\n\n\n<li><a href='?page_no=51013'>51013<\/a><\/li>\n\n    \n\t\n\n<li >\n\t<a href='?page_no=19015'>Next<\/a>\n\t<\/li>\n\n\n    \n\n<li><a href='?page_no=51013'>Last &rsaquo;&rsaquo;<\/a><\/li>\n\n<\/ul>\n\n\n--><br \/>\n<\/body><\/p>\n","protected":false},"excerpt":{"rendered":"<p>Harp_detectives \/ Twitter\/AFP \/ &#8211; Imagen de un v\u00eddeo obtenido de la cuenta de Twitter de harp_detectives muestra a la gente huyendo del lugar del ataque, el jueves 14 de julio por la noche en el pase mar\u00edtimo de Niza (Francia) \u00abVi cuerpos que sal\u00edan disparados\u00bb, cuenta con horror una testigo del atentado del jueves [&hellip;]<\/p>\n","protected":false},"author":3,"featured_media":0,"comment_status":"open","ping_status":"open","sticky":false,"template":"","format":"standard","meta":{"footnotes":""},"categories":[23],"tags":[],"class_list":["post-249369","post","type-post","status-publish","format-standard","hentry","category-internacional"],"_links":{"self":[{"href":"https:\/\/diariodominicano.com\/index.php?rest_route=\/wp\/v2\/posts\/249369","targetHints":{"allow":["GET"]}}],"collection":[{"href":"https:\/\/diariodominicano.com\/index.php?rest_route=\/wp\/v2\/posts"}],"about":[{"href":"https:\/\/diariodominicano.com\/index.php?rest_route=\/wp\/v2\/types\/post"}],"author":[{"embeddable":true,"href":"https:\/\/diariodominicano.com\/index.php?rest_route=\/wp\/v2\/users\/3"}],"replies":[{"embeddable":true,"href":"https:\/\/diariodominicano.com\/index.php?rest_route=%2Fwp%2Fv2%2Fcomments&post=249369"}],"version-history":[{"count":0,"href":"https:\/\/diariodominicano.com\/index.php?rest_route=\/wp\/v2\/posts\/249369\/revisions"}],"wp:attachment":[{"href":"https:\/\/diariodominicano.com\/index.php?rest_route=%2Fwp%2Fv2%2Fmedia&parent=249369"}],"wp:term":[{"taxonomy":"category","embeddable":true,"href":"https:\/\/diariodominicano.com\/index.php?rest_route=%2Fwp%2Fv2%2Fcategories&post=249369"},{"taxonomy":"post_tag","embeddable":true,"href":"https:\/\/diariodominicano.com\/index.php?rest_route=%2Fwp%2Fv2%2Ftags&post=249369"}],"curies":[{"name":"wp","href":"https:\/\/api.w.org\/{rel}","templated":true}]}}