{"id":249368,"date":"2016-07-15T12:56:02","date_gmt":"2016-07-15T12:56:02","guid":{"rendered":"http:\/\/diariodominicano.ddns.net\/?p=249368"},"modified":"2016-07-15T12:56:02","modified_gmt":"2016-07-15T12:56:02","slug":"el-autor-del-atentado-de-niza-un-hombre-solitario-y-silencioso","status":"publish","type":"post","link":"https:\/\/diariodominicano.com\/?p=249368","title":{"rendered":"El autor del atentado de Niza, un hombre \u00absolitario\u00bb y \u00absilencioso\u00bb"},"content":{"rendered":"<p><body><\/p>\n<p><img decoding=\"async\" src=\"img3\/5fb343c6ec98f9672695d10e773d5f9e2577ba2f.jpg\" \/>  <\/p>\n<\/p>\n<p>AFP \/ Catherine Marciano<\/p>\n<p><strong>Un polic\u00eda franc\u00e9s busca pruebas el 15 de julio de 2016 en el piso donde viv\u00eda el autor del ataque de Niza, Mohamed Lahouaiej-Bouhlel<\/strong><\/p>\n<p>Las fuerzas de seguridad registraron este viernes el supuesto domicilio del hombre que la noche del jueves mat\u00f3 en Niza con su cami\u00f3n al menos a 84 personas y que fue descrito por sus vecinos como \u00absolitario\u00bb y \u00absilencioso\u00bb.<\/p>\n<p>Mohamed Lahouaiej-Bouhlel, de 31 a\u00f1os de edad y nacido en T\u00fanez, no ten\u00eda la apariencia de una persona religiosa y a menudo se le ve\u00eda con pantalones cortos, cuenta S\u00e9bastien, un vecino del edificio de cuatro plantas donde este viernes se efectu\u00f3 el registro.<\/p>\n<p>Otra vecina, Alexia, dijo a la AFP que le habl\u00f3 s\u00f3lo una vez, cuando cort\u00f3 un contador el\u00e9ctrico equivocado.<\/p>\n<p>Una familia numerosa, que vive tambi\u00e9n en el mismo edificio, dijo que el joven nunca les devolv\u00eda el saludo. En el bajo, Anan dijo que no se fiaba de \u00e9l porque \u00abmiraba con demasiada insistencia a sus dos hijas\u00bb.<\/p>\n<p>El registro, en un barrio popular del este de la ciudad, comenz\u00f3 hacia las 09h30 (07h30 GMT) en presencia de polic\u00edas de \u00e9lite fuertemente armados. En \u00e9l participaron miembros de la polic\u00eda t\u00e9cnica y cient\u00edfica.<\/p>\n<p>A media jornada, las fuerzas del orden cortaron la calle y parec\u00edan estar registrando con ayuda de un perro, a unos 100 metros del edificio, un peque\u00f1o cami\u00f3n con las dos puertas traseras abiertas. Durante la operaci\u00f3n se escuch\u00f3 una peque\u00f1a explosi\u00f3n, constat\u00f3 la AFP.<\/p>\n<p>Mohamed Lahouaiej-Bouhlel es sospechoso de haber embestido su cami\u00f3n el jueves por la noche contra una muchedumbre reunida en el Paseo de los Ingleses para ver los tradicionales fuegos artificiales del 14 de julio, aniversario de la toma de la Bastilla.<\/p>\n<p>Durante dos kil\u00f3metros, atropell\u00f3 a la gente que encontraba a su paso y mat\u00f3 al menos a 84.<\/p>\n<h6> 2016-07-15 12:56:02 <\/h6>\n<p><!--\n<link rel=\"stylesheet\" href=\"css\/bootstrap.min.css\">\n\n\n<ul class=\"pagination\">\n\t    \n\t\n\n<li >\n\t<a href='?page_no=19012'>Previous<\/a>\n\t<\/li>\n\n\n       \n    \n\n<li><a href='?page_no=1'>1<\/a><\/li>\n\n\n\n<li><a href='?page_no=2'>2<\/a><\/li>\n\n\n\n<li><a>...<\/a><\/li>\n\n\n\n<li><a href='?page_no=19011'>19011<\/a><\/li>\n\n\n\n<li><a href='?page_no=19012'>19012<\/a><\/li>\n\n\n\n<li class='active'><a>19013<\/a><\/li>\n\n\n\n<li><a href='?page_no=19014'>19014<\/a><\/li>\n\n\n\n<li><a href='?page_no=19015'>19015<\/a><\/li>\n\n\n\n<li><a>...<\/a><\/li>\n\n\n\n<li><a href='?page_no=51012'>51012<\/a><\/li>\n\n\n\n<li><a href='?page_no=51013'>51013<\/a><\/li>\n\n    \n\t\n\n<li >\n\t<a href='?page_no=19014'>Next<\/a>\n\t<\/li>\n\n\n    \n\n<li><a href='?page_no=51013'>Last &rsaquo;&rsaquo;<\/a><\/li>\n\n<\/ul>\n\n\n--><br \/>\n<\/body><\/p>\n","protected":false},"excerpt":{"rendered":"<p>AFP \/ Catherine Marciano Un polic\u00eda franc\u00e9s busca pruebas el 15 de julio de 2016 en el piso donde viv\u00eda el autor del ataque de Niza, Mohamed Lahouaiej-Bouhlel Las fuerzas de seguridad registraron este viernes el supuesto domicilio del hombre que la noche del jueves mat\u00f3 en Niza con su cami\u00f3n al menos a 84 [&hellip;]<\/p>\n","protected":false},"author":3,"featured_media":0,"comment_status":"open","ping_status":"open","sticky":false,"template":"","format":"standard","meta":{"footnotes":""},"categories":[23],"tags":[],"class_list":["post-249368","post","type-post","status-publish","format-standard","hentry","category-internacional"],"_links":{"self":[{"href":"https:\/\/diariodominicano.com\/index.php?rest_route=\/wp\/v2\/posts\/249368","targetHints":{"allow":["GET"]}}],"collection":[{"href":"https:\/\/diariodominicano.com\/index.php?rest_route=\/wp\/v2\/posts"}],"about":[{"href":"https:\/\/diariodominicano.com\/index.php?rest_route=\/wp\/v2\/types\/post"}],"author":[{"embeddable":true,"href":"https:\/\/diariodominicano.com\/index.php?rest_route=\/wp\/v2\/users\/3"}],"replies":[{"embeddable":true,"href":"https:\/\/diariodominicano.com\/index.php?rest_route=%2Fwp%2Fv2%2Fcomments&post=249368"}],"version-history":[{"count":0,"href":"https:\/\/diariodominicano.com\/index.php?rest_route=\/wp\/v2\/posts\/249368\/revisions"}],"wp:attachment":[{"href":"https:\/\/diariodominicano.com\/index.php?rest_route=%2Fwp%2Fv2%2Fmedia&parent=249368"}],"wp:term":[{"taxonomy":"category","embeddable":true,"href":"https:\/\/diariodominicano.com\/index.php?rest_route=%2Fwp%2Fv2%2Fcategories&post=249368"},{"taxonomy":"post_tag","embeddable":true,"href":"https:\/\/diariodominicano.com\/index.php?rest_route=%2Fwp%2Fv2%2Ftags&post=249368"}],"curies":[{"name":"wp","href":"https:\/\/api.w.org\/{rel}","templated":true}]}}