{"id":249366,"date":"2016-07-15T14:25:38","date_gmt":"2016-07-15T14:25:38","guid":{"rendered":"http:\/\/diariodominicano.ddns.net\/?p=249366"},"modified":"2016-07-15T14:25:38","modified_gmt":"2016-07-15T14:25:38","slug":"lider-progresista-peruana-preocupada-por-perfil-del-nuevo-gobierno","status":"publish","type":"post","link":"https:\/\/diariodominicano.com\/?p=249366","title":{"rendered":"&#13;L\u00edder progresista peruana preocupada por perfil del nuevo gobierno"},"content":{"rendered":"<p><body><\/p>\n<p><img decoding=\"async\" src=\"img3\/peru_veronika_mendoza01.jpg\" \/>  <\/p>\n<\/p>\n<p>Lima, 15 jul (PL) La l\u00edder progresista peruana Ver\u00f3nika Mendoza manifest\u00f3 hoy preocupaci\u00f3n por el car\u00e1cter tecn\u00f3crata empresarial que perfila la administraci\u00f3n del presidente electo, Pedro Pablo Kuczynski, a instalarse el pr\u00f3ximo 28 de julio.<\/p>\n<\/p>\n<p>En una visita a la norte\u00f1a ciudad de Chimbote, la excandidata presidencial del Frente Amplio dijo que espera que el nuevo gobierno no privilegie al sector empresarial privado tras la designaci\u00f3n de tecn\u00f3cratas vinculados a grandes empresas.<\/p>\n<\/p>\n<p>\u00abHemos visto una composici\u00f3n, esencialmente, de tecn\u00f3cratas vinculados a las grandes empresas. Esperamos que esto no signifique continuar con una l\u00f3gica de extenderles alfombras rojas a las grandes empresas, de recortarles impuestos, derechos laborales y ambientales para favorecerlo\u00bb, manifest\u00f3.<\/p>\n<\/p>\n<p>Kucznyski design\u00f3 como primer ministro a Fernando Zavala, un economista neoliberal que fue ministro de econom\u00eda del gobierno de Alejandro Toledo, de esa l\u00ednea, entre 2005 y 2006, y tras esa labor fue alto ejecutivo de una importante empresa cervecera.<\/p>\n<\/p>\n<p>Tambi\u00e9n confirm\u00f3 como ministro de Econom\u00eda a Alfredo Thorne, igualmente economista neoliberal que proviene de trabajar en la banca transnacional, y tienen perfil similar sus representantes en la transferencia de la administraci\u00f3n p\u00fablica al nuevo gobierno.<\/p>\n<\/p>\n<p>Adem\u00e1s, ratific\u00f3 al conservador y neoliberal Julio Velarde como presidente del clave Banco Central de Reserva, el que maneja desde el gobierno derechista de Alan Garc\u00eda (2006-11).<\/p>\n<\/p>\n<p>Dirigentes sindicales a los que el presidente electo asegur\u00f3 la semana pasada que cumplir\u00e1 las promesas de campa\u00f1a electoral, de defensa de sus derechos, dijeron tambi\u00e9n desconfiar de la composici\u00f3n que perfila la nueva administraci\u00f3n.<\/p>\n<\/p>\n<p>Mendoza critic\u00f3 de otro lado la designaci\u00f3n de la legisladora Luz Salgado como candidata a la presidencia del Congreso de la Rep\u00fablica, por el partido neoliberal Fuerza Popular, de la derrotada excandidata presidencial Keiko Fujimori.<\/p>\n<\/p>\n<p>Se\u00f1al\u00f3 que la nominaci\u00f3n, que asegura el cargo a Salgado, al contar el fujimorismo con una mayor\u00eda absoluta en el Parlamento, contradice las promesas de Keiko Fujimori de renovaci\u00f3n y distancias con el gobierno de mano dura (1990-2000) de su encarcelado padre, Alberto Fujimori.<\/p>\n<\/p>\n<p>Record\u00f3 el estrecho v\u00ednculo entre el preso y Salgado, desde antes de 1990 y se\u00f1al\u00f3 que la designaci\u00f3n evidencia el regreso al fujimorismo a esa d\u00e9cada.<\/p>\n<h6> 2016-07-15 14:25:38 <\/h6>\n<p><!--\n<link rel=\"stylesheet\" href=\"css\/bootstrap.min.css\">\n\n\n<ul class=\"pagination\">\n\t    \n\t\n\n<li >\n\t<a href='?page_no=19010'>Previous<\/a>\n\t<\/li>\n\n\n       \n    \n\n<li><a href='?page_no=1'>1<\/a><\/li>\n\n\n\n<li><a href='?page_no=2'>2<\/a><\/li>\n\n\n\n<li><a>...<\/a><\/li>\n\n\n\n<li><a href='?page_no=19009'>19009<\/a><\/li>\n\n\n\n<li><a href='?page_no=19010'>19010<\/a><\/li>\n\n\n\n<li class='active'><a>19011<\/a><\/li>\n\n\n\n<li><a href='?page_no=19012'>19012<\/a><\/li>\n\n\n\n<li><a href='?page_no=19013'>19013<\/a><\/li>\n\n\n\n<li><a>...<\/a><\/li>\n\n\n\n<li><a href='?page_no=51012'>51012<\/a><\/li>\n\n\n\n<li><a href='?page_no=51013'>51013<\/a><\/li>\n\n    \n\t\n\n<li >\n\t<a href='?page_no=19012'>Next<\/a>\n\t<\/li>\n\n\n    \n\n<li><a href='?page_no=51013'>Last &rsaquo;&rsaquo;<\/a><\/li>\n\n<\/ul>\n\n\n--><br \/>\n<\/body><\/p>\n","protected":false},"excerpt":{"rendered":"<p>Lima, 15 jul (PL) La l\u00edder progresista peruana Ver\u00f3nika Mendoza manifest\u00f3 hoy preocupaci\u00f3n por el car\u00e1cter tecn\u00f3crata empresarial que perfila la administraci\u00f3n del presidente electo, Pedro Pablo Kuczynski, a instalarse el pr\u00f3ximo 28 de julio. En una visita a la norte\u00f1a ciudad de Chimbote, la excandidata presidencial del Frente Amplio dijo que espera que el [&hellip;]<\/p>\n","protected":false},"author":3,"featured_media":0,"comment_status":"open","ping_status":"open","sticky":false,"template":"","format":"standard","meta":{"footnotes":""},"categories":[23],"tags":[],"class_list":["post-249366","post","type-post","status-publish","format-standard","hentry","category-internacional"],"_links":{"self":[{"href":"https:\/\/diariodominicano.com\/index.php?rest_route=\/wp\/v2\/posts\/249366","targetHints":{"allow":["GET"]}}],"collection":[{"href":"https:\/\/diariodominicano.com\/index.php?rest_route=\/wp\/v2\/posts"}],"about":[{"href":"https:\/\/diariodominicano.com\/index.php?rest_route=\/wp\/v2\/types\/post"}],"author":[{"embeddable":true,"href":"https:\/\/diariodominicano.com\/index.php?rest_route=\/wp\/v2\/users\/3"}],"replies":[{"embeddable":true,"href":"https:\/\/diariodominicano.com\/index.php?rest_route=%2Fwp%2Fv2%2Fcomments&post=249366"}],"version-history":[{"count":0,"href":"https:\/\/diariodominicano.com\/index.php?rest_route=\/wp\/v2\/posts\/249366\/revisions"}],"wp:attachment":[{"href":"https:\/\/diariodominicano.com\/index.php?rest_route=%2Fwp%2Fv2%2Fmedia&parent=249366"}],"wp:term":[{"taxonomy":"category","embeddable":true,"href":"https:\/\/diariodominicano.com\/index.php?rest_route=%2Fwp%2Fv2%2Fcategories&post=249366"},{"taxonomy":"post_tag","embeddable":true,"href":"https:\/\/diariodominicano.com\/index.php?rest_route=%2Fwp%2Fv2%2Ftags&post=249366"}],"curies":[{"name":"wp","href":"https:\/\/api.w.org\/{rel}","templated":true}]}}