{"id":249365,"date":"2016-07-15T14:39:55","date_gmt":"2016-07-15T14:39:55","guid":{"rendered":"http:\/\/diariodominicano.ddns.net\/?p=249365"},"modified":"2016-07-15T14:39:55","modified_gmt":"2016-07-15T14:39:55","slug":"llama-naciones-unidas-al-empoderamiento-de-los-jovenes","status":"publish","type":"post","link":"https:\/\/diariodominicano.com\/?p=249365","title":{"rendered":"&#13;Llama Naciones Unidas al empoderamiento de los j\u00f3venes"},"content":{"rendered":"<p><body><\/p>\n<p><img decoding=\"async\" src=\"img3\/dia-juventud-habilidades.jpg\" \/>  <\/p>\n<\/p>\n<p>Naciones Unidas, 15 jul (PL) En el D\u00eda Mundial de las Habilidades de la Juventud, el secretario general de la ONU, Ban Ki-moon, llam\u00f3 hoy al empoderamiento de un sector golpeado por el desempleo y la falta de oportunidades.<\/p>\n<\/p>\n<p>\u00abRenovemos nuestra determinaci\u00f3n de invertir m\u00e1s en el empoderamiento de los j\u00f3venes. Cuando lo hacemos, ellos pueden contribuir mejor a la misi\u00f3n general de la ONU de alcanzar la paz duradera, el desarrollo sostenible y los derechos humanos para todos\u00bb, afirm\u00f3 en su mensaje por la fecha.<\/p>\n<\/p>\n<p>De acuerdo con el diplom\u00e1tico, en el mundo actual vive la generaci\u00f3n de j\u00f3venes m\u00e1s numerosa de la historia, en un escenario muchas veces adverso.<\/p>\n<\/p>\n<p>Si bien ellos resultan la clave para un futuro pr\u00f3spero, se ven obligados a enfrentar barreras, como la existencia de 73 millones de desempleados en sus filas, por lo que tienen tres veces m\u00e1s probabilidades que los adultos de carecer de trabajo, advirti\u00f3.<\/p>\n<\/p>\n<p>Ban lament\u00f3 que la juventud sufra de manera particular la pobreza y la falta de empleo, en un mercado laboral global al que ingresan m\u00e1s personas que los puestos creados.<\/p>\n<\/p>\n<p>Seg\u00fan el Secretario General, la Agenda 2030 de Desarrollo Sostenible representa una oportunidad para empoderarlos, una cuesti\u00f3n clave de cara a las aspiraciones de construir un mundo mejor y de lidiar de manera exitosa con los grandes desaf\u00edos de la humanidad.<\/p>\n<\/p>\n<p>\u00abNo hay mejor inversi\u00f3n que ayudar a los j\u00f3venes a desarrollar sus capacidades\u00bb. subray\u00f3 a prop\u00f3sito de la jornada, en la cual pidi\u00f3 en especial no olvidar a las ni\u00f1as y las mujeres.<\/p>\n<\/p>\n<p>El D\u00eda Mundial de las Habilidades de la Juventud fue establecido en diciembre de 2014 por la Asamblea General de Naciones Unidas.<\/p>\n<h6> 2016-07-15 14:39:55 <\/h6>\n<p><!--\n<link rel=\"stylesheet\" href=\"css\/bootstrap.min.css\">\n\n\n<ul class=\"pagination\">\n\t    \n\t\n\n<li >\n\t<a href='?page_no=19009'>Previous<\/a>\n\t<\/li>\n\n\n       \n    \n\n<li><a href='?page_no=1'>1<\/a><\/li>\n\n\n\n<li><a href='?page_no=2'>2<\/a><\/li>\n\n\n\n<li><a>...<\/a><\/li>\n\n\n\n<li><a href='?page_no=19008'>19008<\/a><\/li>\n\n\n\n<li><a href='?page_no=19009'>19009<\/a><\/li>\n\n\n\n<li class='active'><a>19010<\/a><\/li>\n\n\n\n<li><a href='?page_no=19011'>19011<\/a><\/li>\n\n\n\n<li><a href='?page_no=19012'>19012<\/a><\/li>\n\n\n\n<li><a>...<\/a><\/li>\n\n\n\n<li><a href='?page_no=51012'>51012<\/a><\/li>\n\n\n\n<li><a href='?page_no=51013'>51013<\/a><\/li>\n\n    \n\t\n\n<li >\n\t<a href='?page_no=19011'>Next<\/a>\n\t<\/li>\n\n\n    \n\n<li><a href='?page_no=51013'>Last &rsaquo;&rsaquo;<\/a><\/li>\n\n<\/ul>\n\n\n--><br \/>\n<\/body><\/p>\n","protected":false},"excerpt":{"rendered":"<p>Naciones Unidas, 15 jul (PL) En el D\u00eda Mundial de las Habilidades de la Juventud, el secretario general de la ONU, Ban Ki-moon, llam\u00f3 hoy al empoderamiento de un sector golpeado por el desempleo y la falta de oportunidades. \u00abRenovemos nuestra determinaci\u00f3n de invertir m\u00e1s en el empoderamiento de los j\u00f3venes. Cuando lo hacemos, ellos [&hellip;]<\/p>\n","protected":false},"author":3,"featured_media":0,"comment_status":"open","ping_status":"open","sticky":false,"template":"","format":"standard","meta":{"footnotes":""},"categories":[23],"tags":[],"class_list":["post-249365","post","type-post","status-publish","format-standard","hentry","category-internacional"],"_links":{"self":[{"href":"https:\/\/diariodominicano.com\/index.php?rest_route=\/wp\/v2\/posts\/249365","targetHints":{"allow":["GET"]}}],"collection":[{"href":"https:\/\/diariodominicano.com\/index.php?rest_route=\/wp\/v2\/posts"}],"about":[{"href":"https:\/\/diariodominicano.com\/index.php?rest_route=\/wp\/v2\/types\/post"}],"author":[{"embeddable":true,"href":"https:\/\/diariodominicano.com\/index.php?rest_route=\/wp\/v2\/users\/3"}],"replies":[{"embeddable":true,"href":"https:\/\/diariodominicano.com\/index.php?rest_route=%2Fwp%2Fv2%2Fcomments&post=249365"}],"version-history":[{"count":0,"href":"https:\/\/diariodominicano.com\/index.php?rest_route=\/wp\/v2\/posts\/249365\/revisions"}],"wp:attachment":[{"href":"https:\/\/diariodominicano.com\/index.php?rest_route=%2Fwp%2Fv2%2Fmedia&parent=249365"}],"wp:term":[{"taxonomy":"category","embeddable":true,"href":"https:\/\/diariodominicano.com\/index.php?rest_route=%2Fwp%2Fv2%2Fcategories&post=249365"},{"taxonomy":"post_tag","embeddable":true,"href":"https:\/\/diariodominicano.com\/index.php?rest_route=%2Fwp%2Fv2%2Ftags&post=249365"}],"curies":[{"name":"wp","href":"https:\/\/api.w.org\/{rel}","templated":true}]}}