{"id":249364,"date":"2016-07-15T21:30:16","date_gmt":"2016-07-15T21:30:16","guid":{"rendered":"http:\/\/diariodominicano.ddns.net\/?p=249364"},"modified":"2016-07-15T21:30:16","modified_gmt":"2016-07-15T21:30:16","slug":"muertos-y-heridos-en-un-intento-de-golpe-de-estado-en-turquia","status":"publish","type":"post","link":"https:\/\/diariodominicano.com\/?p=249364","title":{"rendered":"Muertos y heridos en un intento de golpe de Estado en Turqu\u00eda"},"content":{"rendered":"<p><body><\/p>\n<p><img decoding=\"async\" src=\"img3\/8eff639a46fc9e5e3aeeda8293988025993857cc.jpg\" \/><br \/><img decoding=\"async\" src=\"img3\/c51e99ff868629fb9f201a22afcac9db45354743.jpg\" \/><br \/><img decoding=\"async\" src=\"img3\/f241d1e36553e7a100e7362aaa7daa33e4eff263.jpg\" \/>  <\/p>\n<p>16 Jul 2016<\/p>\n<\/p>\n<p>AFP \/ BULENT KILIC<\/p>\n<p><strong>Fuerzas de seguridad turcas detienen a polic\u00edas (de negro) durante un cierre del puente del estrecho de B\u00f3sforo, el 15 de julio de 2016, en Estambul<\/strong><\/p>\n<p>Un grupo insurrecto del ej\u00e9rcito turco anunci\u00f3 este viernes haber tomado el poder en Turqu\u00eda, donde varias personas han muerto o resultado heridas en la capital, Ankara, y Estambul.<\/p>\n<p>El presidente Recep Tayyp Erdogan afirma que se trata de un intento destinado al fracaso, pero a las 02H00 de la madrugada (23H00 GMT del viernes) la situaci\u00f3n era muy confusa.<\/p>\n<p>En Ankara han muerto 17 polic\u00edas, anunci\u00f3 la agencia Anadolu, mientras que en Estambul soldados que bloqueaban los puentes sobre el B\u00f3sforo abrieron fuego contra la muchedumbre causando heridos, constat\u00f3 un fot\u00f3grafo de la AFP,<\/p>\n<p>Entretanto una fuente presidencial inform\u00f3 que cazas F-16 leales al gobierno derribaron un helic\u00f3ptero que transportaba golpistas.<\/p>\n<\/p>\n<p>AFP \/ BULENT KILIC<\/p>\n<p>Fuerzas de seguridad turcas cierran el paso en el puente del estrecho de B\u00f3sforo el 15 de julio de 2016 en Estambul<\/p>\n<p>Una explosi\u00f3n de gran potencia y origen indeterminado se oy\u00f3 en Ankara, mientras aviones y helic\u00f3pteros sobrevolaban la capital y los tanques estaban desplegados frente al parlamento.<\/p>\n<p>Los golpistas tomaron como reh\u00e9n en Ankara al jefe del Estado Mayor, afirma la agencia Anadolu.<\/p>\n<p>Erdogan hizo una intervenci\u00f3n en televisi\u00f3n con el rostro p\u00e1lido y visiblemente preocupado. El jefe de Estado se encuentra en \u00abun lugar seguro\u00bb, afirma una fuente presidencial.<\/p>\n<p>El presidente turco denunci\u00f3 \u00abel levantamiento de una minor\u00eda en el ej\u00e9rcito\u00bb y exhort\u00f3 a los turcos a \u00abcongregarse en plazas p\u00fablicas y aeropuertos\u00bb para resistir frente al intento de golpe de Estado.<\/p>\n<p>El jefe del Estado intervino por tel\u00e9fono en la cadena de informaci\u00f3n CNN-T\u00fcrk. \u00abNo creo para nada que estos golpistas vayan a tener \u00e9xito\u00bb, dijo, y prometi\u00f3 una \u00abrespuesta muy fuerte\u00bb.<\/p>\n<p>Las relaciones de Erdogan con el ej\u00e9rcito fueron complicadas en el comienzo de su mandato anterior como primer ministro porque redujo la influencia de las fuerzas armadas en la pol\u00edtica, pero luego alcanzaron un punto de equilibrio.<\/p>\n<p>\u00abEs un levantamiento en el que tambi\u00e9n participa el Estado paralelo\u00bb, dijo Erdogan en referencia al predicador Fetullah Gulen, su enemigo, exiliado en Estados Unidos.<\/p>\n<p>Poco antes de la medianoche (21H00 GMT) la cadena de televisi\u00f3n estatal difundi\u00f3 un comunicado de \u00ablas fuerzas armadas turcas\u00bb que impone la ley marcial y un toque de queda en todo el territorio.<\/p>\n<\/p>\n<p>AFP \/ Sophie HUET-TRUPHEME<\/p>\n<p>Turqu\u00eda<\/p>\n<p>\u00abNo permitiremos que el orden p\u00fablico se altere en Turqu\u00eda (&#8230;) Se impuso un toque de queda en el pa\u00eds hasta nueva orden\u00bb, se\u00f1ala el comunicado, firmado por el \u00abConsejo de la paz en el pa\u00eds\u00bb que afirma haber \u00abtomado el control\u00bb.<\/p>\n<p>Anteriormente, el primer ministro Binali Yildirim advirti\u00f3 a los implicados en esta acci\u00f3n \u00abilegal\u00bb que pagar\u00e1n \u00abun precio muy alto\u00bb.<\/p>\n<p>&#8211; Toma de poder total &#8211;<\/p>\n<p>En Estambul, las fuerzas de seguridad bloqueaban las avenidas que llevan a la plaza Taksim y la polic\u00eda estaba desplegada en las calles.<\/p>\n<p>Las televisiones mostraron a muchedumbres congregadas cerca del aeropuerto Ataturk de Estambul para celebrar el intento de golpe de Estado. Otros, en la plaza Taksim, protestaban contra el golpe.<\/p>\n<p>Muchos habitantes estaban preocupados o ced\u00edan al p\u00e1nico. Se dirig\u00edan a los comercios para comprar agua y a los cajeros autom\u00e1ticos para sacar dinero.<\/p>\n<p>Los golpistas publicaron un comunicado en la p\u00e1gina web del Estado Mayor de las fuerzas armadas, anunciando una \u00abtoma de poder total en el pa\u00eds\u00bb.<\/p>\n<p>La acci\u00f3n tiene como objetivo \u00abasegurar y restaurar el orden constitucional, la democracia, los derechos humanos y las libertades y que prevalezca la ley suprema\u00bb, escriben.<\/p>\n<p>\u00abTodos nuestros acuerdos y compromisos internacionales siguen siendo v\u00e1lidos. Esperamos que contin\u00faen nuestras buenas relaciones con los otros pa\u00edses\u00bb, a\u00f1ade el texto.<\/p>\n<p>La cadena CNN-T\u00fcrk inform\u00f3 de una movilizaci\u00f3n \u00abextraordinaria\u00bb delante de la sede del Estado Mayor.<\/p>\n<p>La situaci\u00f3n en Turqu\u00eda preocupa a la comunidad internacional.<\/p>\n<p>El secretario de Estado estadounidense John Kerry dese\u00f3 que prevalezca la \u00abpaz y la continuidad del poder\u00bb.<\/p>\n<p>La jefa de la diplomacia europea, Federica Mogherini, llam\u00f3 este viernes a la \u00abmoderaci\u00f3n\u00bb y al \u00abrespeto de las instituciones democr\u00e1ticas\u00bb y su hom\u00f3logo ruso Serguei Lavrov inst\u00f3 a evitar un ba\u00f1o de sangre.<\/p>\n<h6> 2016-07-15 21:30:16 <\/h6>\n<p><!--\n<link rel=\"stylesheet\" href=\"css\/bootstrap.min.css\">\n\n\n<ul class=\"pagination\">\n\t    \n\t\n\n<li >\n\t<a href='?page_no=19008'>Previous<\/a>\n\t<\/li>\n\n\n       \n    \n\n<li><a href='?page_no=1'>1<\/a><\/li>\n\n\n\n<li><a href='?page_no=2'>2<\/a><\/li>\n\n\n\n<li><a>...<\/a><\/li>\n\n\n\n<li><a href='?page_no=19007'>19007<\/a><\/li>\n\n\n\n<li><a href='?page_no=19008'>19008<\/a><\/li>\n\n\n\n<li class='active'><a>19009<\/a><\/li>\n\n\n\n<li><a href='?page_no=19010'>19010<\/a><\/li>\n\n\n\n<li><a href='?page_no=19011'>19011<\/a><\/li>\n\n\n\n<li><a>...<\/a><\/li>\n\n\n\n<li><a href='?page_no=51012'>51012<\/a><\/li>\n\n\n\n<li><a href='?page_no=51013'>51013<\/a><\/li>\n\n    \n\t\n\n<li >\n\t<a href='?page_no=19010'>Next<\/a>\n\t<\/li>\n\n\n    \n\n<li><a href='?page_no=51013'>Last &rsaquo;&rsaquo;<\/a><\/li>\n\n<\/ul>\n\n\n--><br \/>\n<\/body><\/p>\n","protected":false},"excerpt":{"rendered":"<p>16 Jul 2016 AFP \/ BULENT KILIC Fuerzas de seguridad turcas detienen a polic\u00edas (de negro) durante un cierre del puente del estrecho de B\u00f3sforo, el 15 de julio de 2016, en Estambul Un grupo insurrecto del ej\u00e9rcito turco anunci\u00f3 este viernes haber tomado el poder en Turqu\u00eda, donde varias personas han muerto o resultado [&hellip;]<\/p>\n","protected":false},"author":3,"featured_media":0,"comment_status":"open","ping_status":"open","sticky":false,"template":"","format":"standard","meta":{"footnotes":""},"categories":[23],"tags":[],"class_list":["post-249364","post","type-post","status-publish","format-standard","hentry","category-internacional"],"_links":{"self":[{"href":"https:\/\/diariodominicano.com\/index.php?rest_route=\/wp\/v2\/posts\/249364","targetHints":{"allow":["GET"]}}],"collection":[{"href":"https:\/\/diariodominicano.com\/index.php?rest_route=\/wp\/v2\/posts"}],"about":[{"href":"https:\/\/diariodominicano.com\/index.php?rest_route=\/wp\/v2\/types\/post"}],"author":[{"embeddable":true,"href":"https:\/\/diariodominicano.com\/index.php?rest_route=\/wp\/v2\/users\/3"}],"replies":[{"embeddable":true,"href":"https:\/\/diariodominicano.com\/index.php?rest_route=%2Fwp%2Fv2%2Fcomments&post=249364"}],"version-history":[{"count":0,"href":"https:\/\/diariodominicano.com\/index.php?rest_route=\/wp\/v2\/posts\/249364\/revisions"}],"wp:attachment":[{"href":"https:\/\/diariodominicano.com\/index.php?rest_route=%2Fwp%2Fv2%2Fmedia&parent=249364"}],"wp:term":[{"taxonomy":"category","embeddable":true,"href":"https:\/\/diariodominicano.com\/index.php?rest_route=%2Fwp%2Fv2%2Fcategories&post=249364"},{"taxonomy":"post_tag","embeddable":true,"href":"https:\/\/diariodominicano.com\/index.php?rest_route=%2Fwp%2Fv2%2Ftags&post=249364"}],"curies":[{"name":"wp","href":"https:\/\/api.w.org\/{rel}","templated":true}]}}