{"id":249363,"date":"2016-07-16T07:19:49","date_gmt":"2016-07-16T07:19:49","guid":{"rendered":"http:\/\/diariodominicano.ddns.net\/?p=249363"},"modified":"2016-07-16T07:19:49","modified_gmt":"2016-07-16T07:19:49","slug":"el-grupo-ei-reivindica-la-matanza-de-niza-segun-una-agencia-afin","status":"publish","type":"post","link":"https:\/\/diariodominicano.com\/?p=249363","title":{"rendered":"El grupo EI reivindica la matanza de Niza, seg\u00fan una agencia af\u00edn"},"content":{"rendered":"<p><body><\/p>\n<p><img decoding=\"async\" src=\"img3\/c64b5a10eafadd3e73f8ddd821dfed90eddd645c.jpg\" \/>  <\/p>\n<\/p>\n<p>16 Jul 2016<\/p>\n<\/p>\n<p>AFP \/ Giuseppe Cacace<\/p>\n<p><strong>Una mujer llora frente al memorial improvisado de flores, velas y mensajes en recuerdo de las v\u00edctimas de la matanza de Niza, este s\u00e1bado 16 de julio en el paseo mar\u00edtimo de la ciudad francesa<\/strong><\/p>\n<p>El grupo Estado Isl\u00e1mico (EI) reivindic\u00f3 la matanza que dej\u00f3 84 muertos durante las celebraciones de la fiesta nacional francesa el pasado jueves en Niza, public\u00f3 este s\u00e1bado una agencia vinculada al grupo yihadista.<\/p>\n<p>\u00abEl autor de la operaci\u00f3n (&#8230;) es un soldado del Estado Isl\u00e1mico. Ejecut\u00f3 la operaci\u00f3n en respuesta a los llamamientos lanzados para atacar a ciudadanos de los pa\u00edses de la coalici\u00f3n que lucha contra el EI\u00bb, afirm\u00f3 Amaq, citando una \u00abfuente de seguridad\u00bb.<\/p>\n<p>Por otra parte, cuatro hombres del entorno del autor de la matanza de Niza fueron detenidos, informaron fuentes judiciales francesas. Uno de los hombres, cuya identidad no fue precisada, fue arrestado el viernes y los otros tres, este s\u00e1bado por la ma\u00f1ana.<\/p>\n<p>La exmujer de Mohamed Lahouaiej-Bouhlel, el tunecino de 31 a\u00f1os que dej\u00f3 al menos 84 muertos y m\u00e1s de 200 heridos al embestir con un cami\u00f3n a la multitud reunida en el paseo mar\u00edtimo de Niza, segu\u00eda detenida desde el viernes.<\/p>\n<p>El hombre, un transportista en proceso de divorcio, era \u00abtotalmente desconocido\u00bb de los servicios de inteligencia y no estaba fichado por radicalizaci\u00f3n, seg\u00fan el fiscal de Par\u00eds, Fran\u00e7ois Molins. S\u00ed ten\u00eda, en cambio, antecedentes por \u00abamenazas, violencia, robos y degradaciones cometidos entre 2010 y 2016\u00bb.<\/p>\n<p>El EI, un grupo ultrarradical sun\u00ed que anunci\u00f3 en 2014 la instauraci\u00f3n de un \u00abcalifato isl\u00e1mico\u00bb en las zonas que controla de Siria e Irak, perpetr\u00f3 mort\u00edferos atentados en varios pa\u00edses que causaron cientos de muertos y heridos.<\/p>\n<p>El grupo extremista inst\u00f3 en varias ocasiones a atacar a los pa\u00edses que participan en la coalici\u00f3n internacional dirigida por EEUU que desde septiembre de 2014 bombardea posiciones yihadistas en Siria e Irak.<\/p>\n<h6> 2016-07-16 07:19:49 <\/h6>\n<p><!--\n<link rel=\"stylesheet\" href=\"css\/bootstrap.min.css\">\n\n\n<ul class=\"pagination\">\n\t    \n\t\n\n<li >\n\t<a href='?page_no=19007'>Previous<\/a>\n\t<\/li>\n\n\n       \n    \n\n<li><a href='?page_no=1'>1<\/a><\/li>\n\n\n\n<li><a href='?page_no=2'>2<\/a><\/li>\n\n\n\n<li><a>...<\/a><\/li>\n\n\n\n<li><a href='?page_no=19006'>19006<\/a><\/li>\n\n\n\n<li><a href='?page_no=19007'>19007<\/a><\/li>\n\n\n\n<li class='active'><a>19008<\/a><\/li>\n\n\n\n<li><a href='?page_no=19009'>19009<\/a><\/li>\n\n\n\n<li><a href='?page_no=19010'>19010<\/a><\/li>\n\n\n\n<li><a>...<\/a><\/li>\n\n\n\n<li><a href='?page_no=51012'>51012<\/a><\/li>\n\n\n\n<li><a href='?page_no=51013'>51013<\/a><\/li>\n\n    \n\t\n\n<li >\n\t<a href='?page_no=19009'>Next<\/a>\n\t<\/li>\n\n\n    \n\n<li><a href='?page_no=51013'>Last &rsaquo;&rsaquo;<\/a><\/li>\n\n<\/ul>\n\n\n--><br \/>\n<\/body><\/p>\n","protected":false},"excerpt":{"rendered":"<p>16 Jul 2016 AFP \/ Giuseppe Cacace Una mujer llora frente al memorial improvisado de flores, velas y mensajes en recuerdo de las v\u00edctimas de la matanza de Niza, este s\u00e1bado 16 de julio en el paseo mar\u00edtimo de la ciudad francesa El grupo Estado Isl\u00e1mico (EI) reivindic\u00f3 la matanza que dej\u00f3 84 muertos durante [&hellip;]<\/p>\n","protected":false},"author":3,"featured_media":0,"comment_status":"open","ping_status":"open","sticky":false,"template":"","format":"standard","meta":{"footnotes":""},"categories":[23],"tags":[],"class_list":["post-249363","post","type-post","status-publish","format-standard","hentry","category-internacional"],"_links":{"self":[{"href":"https:\/\/diariodominicano.com\/index.php?rest_route=\/wp\/v2\/posts\/249363","targetHints":{"allow":["GET"]}}],"collection":[{"href":"https:\/\/diariodominicano.com\/index.php?rest_route=\/wp\/v2\/posts"}],"about":[{"href":"https:\/\/diariodominicano.com\/index.php?rest_route=\/wp\/v2\/types\/post"}],"author":[{"embeddable":true,"href":"https:\/\/diariodominicano.com\/index.php?rest_route=\/wp\/v2\/users\/3"}],"replies":[{"embeddable":true,"href":"https:\/\/diariodominicano.com\/index.php?rest_route=%2Fwp%2Fv2%2Fcomments&post=249363"}],"version-history":[{"count":0,"href":"https:\/\/diariodominicano.com\/index.php?rest_route=\/wp\/v2\/posts\/249363\/revisions"}],"wp:attachment":[{"href":"https:\/\/diariodominicano.com\/index.php?rest_route=%2Fwp%2Fv2%2Fmedia&parent=249363"}],"wp:term":[{"taxonomy":"category","embeddable":true,"href":"https:\/\/diariodominicano.com\/index.php?rest_route=%2Fwp%2Fv2%2Fcategories&post=249363"},{"taxonomy":"post_tag","embeddable":true,"href":"https:\/\/diariodominicano.com\/index.php?rest_route=%2Fwp%2Fv2%2Ftags&post=249363"}],"curies":[{"name":"wp","href":"https:\/\/api.w.org\/{rel}","templated":true}]}}