{"id":249362,"date":"2016-07-16T07:27:41","date_gmt":"2016-07-16T07:27:41","guid":{"rendered":"http:\/\/diariodominicano.ddns.net\/?p=249362"},"modified":"2016-07-16T07:27:41","modified_gmt":"2016-07-16T07:27:41","slug":"el-ejercito-de-turquia-anuncia-el-final-del-intento-de-golpe-de-estado","status":"publish","type":"post","link":"https:\/\/diariodominicano.com\/?p=249362","title":{"rendered":"El Ej\u00e9rcito de Turqu\u00eda anuncia el final del intento de golpe de Estado"},"content":{"rendered":"<p><body><\/p>\n<p><img decoding=\"async\" src=\"img3\/e9cd64d8db0a8f719d0adea99313f9dd17e0010d.jpg\" \/>  <\/p>\n<p>16 Jul 2016<\/p>\n<\/p>\n<p>AFP \/ Yasin Akgul<\/p>\n<p><strong>Decenas de turcos celebran sobre un tanque la toma de una posici\u00f3n militar en el puente del B\u00f3sforo, este s\u00e1bado 16 de julio en Estambul<\/strong><\/p>\n<p>El Ej\u00e9rcito de Turqu\u00eda anunci\u00f3 este s\u00e1bado el final de la intentona golpista de militares rebeldes, que se cobr\u00f3 la vida de al menos 161 personas, pero el presidente Recep Tayyip Erdogan inst\u00f3 a la poblaci\u00f3n a seguir movilizada en la calle.<\/p>\n<p>\u00abEste intento de golpe ha sido desbaratado\u00bb, declar\u00f3 a la prensa en Estambul el general \u00dcmit D\u00fcndar, jefe interino del Ej\u00e9rcito turco, que anunci\u00f3 la muerte de 104 golpistas.<\/p>\n<p>Adem\u00e1s de ellos, al menos 161 personas murieron y 1.440 resultaron heridas en los enfrentamientos de los insurrectos contra el Ej\u00e9rcito y decenas de miles de personas que se echaron a la calle, declar\u00f3 este s\u00e1bado el primer ministro turco, Binali Yildirim.<\/p>\n<p>En una comparecencia ante la prensa en Ankara, Yildirim asegur\u00f3 que la situaci\u00f3n est\u00e1 \u00abtotalmente bajo control\u00bb y que 2.839 militares fueron detenidos en relaci\u00f3n directa con la intentona golpista, que tild\u00f3 de \u00abmancha\u00bb sobre la democracia turca.<\/p>\n<p>Los enfrentamientos con cazas y tanques provocaron escenas de una violencia in\u00e9dita en Ankara y Estambul desde hace d\u00e9cadas.<\/p>\n<p>Decenas de miles de personas, muchas de ellas con banderas turcas, desafiaron a los militares rebeldes, subi\u00e9ndose a los tanques desplegados en las calles o yendo al aeropuerto de Estambul para recibir a Erdogan en la ciudad de la que fue alcalde.<\/p>\n<p>El jefe del Estado, que volv\u00eda precipitadamente de unos d\u00edas de descanso, exhort\u00f3 a los turcos a \u00abseguir siendo due\u00f1os de la calle (&#8230;), porque siempre es posible un nuevo estallido\u00bb.<\/p>\n<p>Los hechos se fueron encadenando desde poco antes de la medianoche (21h GMT), cuando \u00ablas fuerzas armadas turcas\u00bb decretaron la ley marcial y un toque de queda en el pa\u00eds, tras el despliegue de tropas en Estambul y Ankara.<\/p>\n<p>Los golpistas anunciaban una \u00abtoma de poder total en el pa\u00eds\u00bb con el objetivo de \u00abgarantizar y restaurar el orden constitucional, la democracia, los derechos humanos y las libertades y que prevalezca la ley suprema\u00bb.<\/p>\n<p>Pero Erdogan, criticado en los \u00faltimos a\u00f1os por su deriva autoritaria, acus\u00f3 a los soldados rebeldes de estar vinculados con su enemigo jurado, el im\u00e1n Fethullah G\u00fclen, exiliado en Estados Unidos. Este \u00faltimo lo neg\u00f3.<\/p>\n<p>&#8211; &#8216;Traici\u00f3n&#8217; &#8211;<\/p>\n<p>Cuando todav\u00eda estaba en Marmaris (oeste) de vacaciones, Erdogan intervino en directo por televisi\u00f3n con su tel\u00e9fono m\u00f3vil para pedir la movilizaci\u00f3n popular. \u00abEn Turqu\u00eda hay un gobierno y un presidente elegidos por el pueblo\u00bb y \u00absi Dios lo quiere, superaremos la prueba\u00bb, dijo.<\/p>\n<p>\u00abAquellos que salieron con tanques ser\u00e1n capturados porque estos tanques no les pertenecen\u00bb, insisti\u00f3 una vez en Estambul, donde tach\u00f3 de \u00abtraici\u00f3n\u00bb la intentona golpista. Muchos oficiales castrenses se desmarcaron por la noche de los golpistas, denunciaron \u00abun acto ilegal\u00bb y llamaron a los insurrectos a volver a los cuarteles.<\/p>\n<p>El s\u00e1bado por la ma\u00f1ana decenas de soldados siguieron sus pasos entreg\u00e1ndose a las fuerzas de seguridad en uno de los puentes del B\u00f3sforo de Estambul donde los rebeldes hab\u00edan disparado a los civiles por la noche.<\/p>\n<p>El Parlamento turco se reuni\u00f3 en sesi\u00f3n extraordinaria, mientras se segu\u00edan oyendo disparos espor\u00e1dicos en barrios de Estambul y Ankara.<\/p>\n<p>En la capital, un avi\u00f3n lanz\u00f3 el s\u00e1bado una bomba cerca del palacio presidencial, en cuyas inmediaciones cazas F-16 bombardearon tanques de los rebeldes, seg\u00fan fuentes oficiales.<\/p>\n<p>Desde la llegada al poder de Erdogan, la jerarqu\u00eda militar ha sufrido varias purgas. El Ej\u00e9rcito dio tres golpes de Estado en el pa\u00eds (1960, 1971 y 1980) y forz\u00f3 la salida del poder de un gobierno islamista en 1997.<\/p>\n<p>La situaci\u00f3n, que el primer ministro Yildirim calific\u00f3 de intento \u00abidiota\u00bb, \u00ababocado al fracaso\u00bb, caus\u00f3 gran preocupaci\u00f3n entre la comunidad internacional.<\/p>\n<p>El presidente de EEUU, Barack Obama, llam\u00f3 a apoyar al Gobierno turco \u00abelegido democr\u00e1ticamente\u00bb y a actuar con moderaci\u00f3n para \u00abevitar la violencia y el derramamiento de sangre\u00bb.<\/p>\n<p>La jefa de la diplomacia europea, Federica Mogherini, tambi\u00e9n pidi\u00f3 \u00abmoderaci\u00f3n\u00bb y \u00abrespeto de las instituciones democr\u00e1ticas\u00bb. Rusia estim\u00f3 que el intento de golpe de Estado aumenta amenaza contra estabilidad regional e internacional.<\/p>\n<p>El secretario general de la OTAN, Jens Stoltenberg, alab\u00f3 \u00abel fuerte apoyo\u00bb a la democracia manifestado por la sociedad y los partidos pol\u00edticos turcos, en un mensaje en su cuenta de Twitter.<\/p>\n<h6> 2016-07-16 07:27:41 <\/h6>\n<p><!--\n<link rel=\"stylesheet\" href=\"css\/bootstrap.min.css\">\n\n\n<ul class=\"pagination\">\n\t    \n\t\n\n<li >\n\t<a href='?page_no=19006'>Previous<\/a>\n\t<\/li>\n\n\n       \n    \n\n<li><a href='?page_no=1'>1<\/a><\/li>\n\n\n\n<li><a href='?page_no=2'>2<\/a><\/li>\n\n\n\n<li><a>...<\/a><\/li>\n\n\n\n<li><a href='?page_no=19005'>19005<\/a><\/li>\n\n\n\n<li><a href='?page_no=19006'>19006<\/a><\/li>\n\n\n\n<li class='active'><a>19007<\/a><\/li>\n\n\n\n<li><a href='?page_no=19008'>19008<\/a><\/li>\n\n\n\n<li><a href='?page_no=19009'>19009<\/a><\/li>\n\n\n\n<li><a>...<\/a><\/li>\n\n\n\n<li><a href='?page_no=51012'>51012<\/a><\/li>\n\n\n\n<li><a href='?page_no=51013'>51013<\/a><\/li>\n\n    \n\t\n\n<li >\n\t<a href='?page_no=19008'>Next<\/a>\n\t<\/li>\n\n\n    \n\n<li><a href='?page_no=51013'>Last &rsaquo;&rsaquo;<\/a><\/li>\n\n<\/ul>\n\n\n--><br \/>\n<\/body><\/p>\n","protected":false},"excerpt":{"rendered":"<p>16 Jul 2016 AFP \/ Yasin Akgul Decenas de turcos celebran sobre un tanque la toma de una posici\u00f3n militar en el puente del B\u00f3sforo, este s\u00e1bado 16 de julio en Estambul El Ej\u00e9rcito de Turqu\u00eda anunci\u00f3 este s\u00e1bado el final de la intentona golpista de militares rebeldes, que se cobr\u00f3 la vida de al [&hellip;]<\/p>\n","protected":false},"author":3,"featured_media":0,"comment_status":"open","ping_status":"open","sticky":false,"template":"","format":"standard","meta":{"footnotes":""},"categories":[23],"tags":[],"class_list":["post-249362","post","type-post","status-publish","format-standard","hentry","category-internacional"],"_links":{"self":[{"href":"https:\/\/diariodominicano.com\/index.php?rest_route=\/wp\/v2\/posts\/249362","targetHints":{"allow":["GET"]}}],"collection":[{"href":"https:\/\/diariodominicano.com\/index.php?rest_route=\/wp\/v2\/posts"}],"about":[{"href":"https:\/\/diariodominicano.com\/index.php?rest_route=\/wp\/v2\/types\/post"}],"author":[{"embeddable":true,"href":"https:\/\/diariodominicano.com\/index.php?rest_route=\/wp\/v2\/users\/3"}],"replies":[{"embeddable":true,"href":"https:\/\/diariodominicano.com\/index.php?rest_route=%2Fwp%2Fv2%2Fcomments&post=249362"}],"version-history":[{"count":0,"href":"https:\/\/diariodominicano.com\/index.php?rest_route=\/wp\/v2\/posts\/249362\/revisions"}],"wp:attachment":[{"href":"https:\/\/diariodominicano.com\/index.php?rest_route=%2Fwp%2Fv2%2Fmedia&parent=249362"}],"wp:term":[{"taxonomy":"category","embeddable":true,"href":"https:\/\/diariodominicano.com\/index.php?rest_route=%2Fwp%2Fv2%2Fcategories&post=249362"},{"taxonomy":"post_tag","embeddable":true,"href":"https:\/\/diariodominicano.com\/index.php?rest_route=%2Fwp%2Fv2%2Ftags&post=249362"}],"curies":[{"name":"wp","href":"https:\/\/api.w.org\/{rel}","templated":true}]}}