{"id":249360,"date":"2016-07-16T14:20:10","date_gmt":"2016-07-16T14:20:10","guid":{"rendered":"http:\/\/diariodominicano.ddns.net\/?p=249360"},"modified":"2016-07-16T14:20:10","modified_gmt":"2016-07-16T14:20:10","slug":"ascienden-a-200-los-muertos-en-turquia-por-intento-de-golpe-de-estado","status":"publish","type":"post","link":"https:\/\/diariodominicano.com\/?p=249360","title":{"rendered":"&#13;Ascienden a 200 los muertos en Turqu\u00eda por intento de golpe de Estado"},"content":{"rendered":"<p><body><\/p>\n<p><img decoding=\"async\" src=\"img3\/turquia-golpe-soldados.jpg\" \/>  <\/p>\n<\/p>\n<p>Ankara, 16 jul (PL) Casi 200 personas murieron durante la rebeli\u00f3n militar en Turqu\u00eda, entre ellos 47 civiles y m\u00e1s de un centenar de golpistas, inform\u00f3 hoy el jefe de las Fuerzas Armadas en funciones, Umit Dundar.<\/p>\n<\/p>\n<p>Dundar, al mando del Ej\u00e9rcito tras el secuestro del jefe del Estado Mayor, Hulusi Akar, compareci\u00f3 p\u00fablicamente para dar por \u00abcerrado un cap\u00edtulo\u00bb. No obstante, advirti\u00f3 que contin\u00faan activas operaciones de seguridad y que algunos comandantes permanecen retenidos.<\/p>\n<\/p>\n<p>El militar confirm\u00f3, en un balance de las consecuencias de la fracasada intentona golpista, que 90 personas perdieron la vida por ataques atribuidos a los rebeldes, entre ellas 47 civiles, mientras que mil 154 resultaron heridas.<\/p>\n<\/p>\n<p>El dirigente interino tambi\u00e9n inform\u00f3 sobre la muerte de 104 militares participantes en la asonada, a la que sumaron principalmente -seg\u00fan dijo- elementos de la Fuerza A\u00e9rea y de la Gendarmer\u00eda.<\/p>\n<\/p>\n<p>Las autoridades leg\u00edtimas detuvieron en las \u00faltimas horas a m\u00e1s de mil 500 militares relacionados con la revuelta, y los medios period\u00edsticos difunden im\u00e1genes de supuestas rendiciones.<\/p>\n<\/p>\n<p>Seg\u00fan la agencia de noticias turca Anatolia, en la capital del pa\u00eds se entregaron hasta este momento alrededor de 700 uniformados.<\/p>\n<\/p>\n<p>Dundar celebr\u00f3 la victoria de la democracia y el Estado de Derecho y destac\u00f3 la labor desempe\u00f1ada por la Polic\u00eda y la Fiscal\u00eda.<\/p>\n<\/p>\n<p>La presidencia del pa\u00eds llam\u00f3 a la ciudadan\u00eda a trav\u00e9s de la red social Twitter a seguir en las calles ante el riesgo de nuevas acciones contra el Gobierno.<\/p>\n<\/p>\n<p>Por otra parte, el Alto Tribunal de Jueces y Fiscales destituy\u00f3 este s\u00e1bado a dos mil 745 miembros, supuestamente afines al cl\u00e9rigo Fetul\u00e1 Gulen, a quien el presidente turco, Recep Tayyip Erdogan, achac\u00f3 la planificaci\u00f3n del golpe.<\/p>\n<\/p>\n<p>Por su parte, Gulen rechaz\u00f3 categ\u00f3ricamente estar detr\u00e1s de la intentona y conden\u00f3 desde su exilio en Estados Unidos la rebeli\u00f3n militar.<\/p>\n<h6> 2016-07-16 14:20:10 <\/h6>\n<p><!--\n<link rel=\"stylesheet\" href=\"css\/bootstrap.min.css\">\n\n\n<ul class=\"pagination\">\n\t    \n\t\n\n<li >\n\t<a href='?page_no=19004'>Previous<\/a>\n\t<\/li>\n\n\n       \n    \n\n<li><a href='?page_no=1'>1<\/a><\/li>\n\n\n\n<li><a href='?page_no=2'>2<\/a><\/li>\n\n\n\n<li><a>...<\/a><\/li>\n\n\n\n<li><a href='?page_no=19003'>19003<\/a><\/li>\n\n\n\n<li><a href='?page_no=19004'>19004<\/a><\/li>\n\n\n\n<li class='active'><a>19005<\/a><\/li>\n\n\n\n<li><a href='?page_no=19006'>19006<\/a><\/li>\n\n\n\n<li><a href='?page_no=19007'>19007<\/a><\/li>\n\n\n\n<li><a>...<\/a><\/li>\n\n\n\n<li><a href='?page_no=51012'>51012<\/a><\/li>\n\n\n\n<li><a href='?page_no=51013'>51013<\/a><\/li>\n\n    \n\t\n\n<li >\n\t<a href='?page_no=19006'>Next<\/a>\n\t<\/li>\n\n\n    \n\n<li><a href='?page_no=51013'>Last &rsaquo;&rsaquo;<\/a><\/li>\n\n<\/ul>\n\n\n--><br \/>\n<\/body><\/p>\n","protected":false},"excerpt":{"rendered":"<p>Ankara, 16 jul (PL) Casi 200 personas murieron durante la rebeli\u00f3n militar en Turqu\u00eda, entre ellos 47 civiles y m\u00e1s de un centenar de golpistas, inform\u00f3 hoy el jefe de las Fuerzas Armadas en funciones, Umit Dundar. Dundar, al mando del Ej\u00e9rcito tras el secuestro del jefe del Estado Mayor, Hulusi Akar, compareci\u00f3 p\u00fablicamente para [&hellip;]<\/p>\n","protected":false},"author":3,"featured_media":0,"comment_status":"open","ping_status":"open","sticky":false,"template":"","format":"standard","meta":{"footnotes":""},"categories":[23],"tags":[],"class_list":["post-249360","post","type-post","status-publish","format-standard","hentry","category-internacional"],"_links":{"self":[{"href":"https:\/\/diariodominicano.com\/index.php?rest_route=\/wp\/v2\/posts\/249360","targetHints":{"allow":["GET"]}}],"collection":[{"href":"https:\/\/diariodominicano.com\/index.php?rest_route=\/wp\/v2\/posts"}],"about":[{"href":"https:\/\/diariodominicano.com\/index.php?rest_route=\/wp\/v2\/types\/post"}],"author":[{"embeddable":true,"href":"https:\/\/diariodominicano.com\/index.php?rest_route=\/wp\/v2\/users\/3"}],"replies":[{"embeddable":true,"href":"https:\/\/diariodominicano.com\/index.php?rest_route=%2Fwp%2Fv2%2Fcomments&post=249360"}],"version-history":[{"count":0,"href":"https:\/\/diariodominicano.com\/index.php?rest_route=\/wp\/v2\/posts\/249360\/revisions"}],"wp:attachment":[{"href":"https:\/\/diariodominicano.com\/index.php?rest_route=%2Fwp%2Fv2%2Fmedia&parent=249360"}],"wp:term":[{"taxonomy":"category","embeddable":true,"href":"https:\/\/diariodominicano.com\/index.php?rest_route=%2Fwp%2Fv2%2Fcategories&post=249360"},{"taxonomy":"post_tag","embeddable":true,"href":"https:\/\/diariodominicano.com\/index.php?rest_route=%2Fwp%2Fv2%2Ftags&post=249360"}],"curies":[{"name":"wp","href":"https:\/\/api.w.org\/{rel}","templated":true}]}}