{"id":249358,"date":"2016-07-16T14:30:27","date_gmt":"2016-07-16T14:30:27","guid":{"rendered":"http:\/\/diariodominicano.ddns.net\/?p=249358"},"modified":"2016-07-16T14:30:27","modified_gmt":"2016-07-16T14:30:27","slug":"espana-extrema-vigilancia-tras-atentado-en-francia","status":"publish","type":"post","link":"https:\/\/diariodominicano.com\/?p=249358","title":{"rendered":"&#13;&#13;Espa\u00f1a extrema vigilancia tras atentado en Francia"},"content":{"rendered":"<p><body><\/p>\n<p><img decoding=\"async\" src=\"img3\/espana-policia.jpg\" \/>  <\/p>\n<p><span class=\"text1noticias\">  <\/span><\/p>\n<p><span class=\"text1noticias\">Madrid, 16 jul (PL) Espa\u00f1a increment\u00f3 hoy la vigilancia en sus \u00e1reas tur\u00edsticas, aeropuertos y fronteras con Francia, a ra\u00edz del atentado del jueves en Niza, que provoc\u00f3 84 muertos y m\u00e1s de un centenar de heridos.<\/span><\/p>\n<\/p>\n<p><span class=\"text1noticias\">Tras la masacre en la ciudad mediterr\u00e1nea gala, el gobierno interino de Mariano Rajoy decidi\u00f3 reforzar el nivel cuatro de alerta antiterrorista, con un aumento de la protecci\u00f3n en hoteles, terminales a\u00e9reas, sitios de gran afluencia de personas y centros de veraneo.<\/span><\/p>\n<\/p>\n<p><span class=\"text1noticias\">Esta intensificaci\u00f3n de las medidas de seguridad ante posibles ataques terroristas permanecer\u00e1 activa hasta que las autoridades de Madrid y Par\u00eds lo consideren oportuno.<\/span><\/p>\n<\/p>\n<p><span class=\"text1noticias\">Todos los servicios de inteligencia espa\u00f1oles acordaron de forma un\u00e1nime la necesidad de mantener en cuatro el nivel de alerta, al no haber indicios de atentado inminente en este pa\u00eds ib\u00e9rico, dijo la v\u00edspera el ministro del Interior en funciones Jorge Fern\u00e1ndez.<\/span><\/p>\n<\/p>\n<p><span class=\"text1noticias\">No obstante, y de acuerdo con las autoridades francesas, el refuerzo que se estaba llevando a cabo en las zonas lim\u00edtrofes con motivo de la Eurocopa de f\u00fatbol, que deb\u00eda concluir el d\u00eda 26, continuar\u00e1 por el momento.<\/span><\/p>\n<\/p>\n<p><span class=\"text1noticias\">Desde junio de 2015, luego de los ataques en Francia, T\u00fanez y Kuwait, el nivel de alerta antiterrorista en Espa\u00f1a permanece en el cuatro (riesgo elevado), categor\u00eda que se mantuvo despu\u00e9s de las embestidas yihadistas de noviembre en Par\u00eds y las de este a\u00f1o en Bruselas.<\/span><\/p>\n<\/p>\n<p><span class=\"text1noticias\">El nivel cinco (el m\u00e1ximo) se activa si los servicios de informaci\u00f3n e inteligencia detectan la inminencia de una agresi\u00f3n contra esta naci\u00f3n europea, y supone el despliegue de las fuerzas armadas en las calles.<\/span><\/p>\n<\/p>\n<p><span class=\"text1noticias\">Madrid fue v\u00edctima del atentado yihadista m\u00e1s mort\u00edfero de Europa el 11 de marzo de 2004, cuando varias bombas explotaron en trenes de cercan\u00edas provocando 191 muertos.<\/span><\/p>\n<h6> 2016-07-16 14:30:27 <\/h6>\n<p><!--\n<link rel=\"stylesheet\" href=\"css\/bootstrap.min.css\">\n\n\n<ul class=\"pagination\">\n\t    \n\t\n\n<li >\n\t<a href='?page_no=19002'>Previous<\/a>\n\t<\/li>\n\n\n       \n    \n\n<li><a href='?page_no=1'>1<\/a><\/li>\n\n\n\n<li><a href='?page_no=2'>2<\/a><\/li>\n\n\n\n<li><a>...<\/a><\/li>\n\n\n\n<li><a href='?page_no=19001'>19001<\/a><\/li>\n\n\n\n<li><a href='?page_no=19002'>19002<\/a><\/li>\n\n\n\n<li class='active'><a>19003<\/a><\/li>\n\n\n\n<li><a href='?page_no=19004'>19004<\/a><\/li>\n\n\n\n<li><a href='?page_no=19005'>19005<\/a><\/li>\n\n\n\n<li><a>...<\/a><\/li>\n\n\n\n<li><a href='?page_no=51012'>51012<\/a><\/li>\n\n\n\n<li><a href='?page_no=51013'>51013<\/a><\/li>\n\n    \n\t\n\n<li >\n\t<a href='?page_no=19004'>Next<\/a>\n\t<\/li>\n\n\n    \n\n<li><a href='?page_no=51013'>Last &rsaquo;&rsaquo;<\/a><\/li>\n\n<\/ul>\n\n\n--><br \/>\n<\/body><\/p>\n","protected":false},"excerpt":{"rendered":"<p>Madrid, 16 jul (PL) Espa\u00f1a increment\u00f3 hoy la vigilancia en sus \u00e1reas tur\u00edsticas, aeropuertos y fronteras con Francia, a ra\u00edz del atentado del jueves en Niza, que provoc\u00f3 84 muertos y m\u00e1s de un centenar de heridos. Tras la masacre en la ciudad mediterr\u00e1nea gala, el gobierno interino de Mariano Rajoy decidi\u00f3 reforzar el nivel [&hellip;]<\/p>\n","protected":false},"author":3,"featured_media":0,"comment_status":"open","ping_status":"open","sticky":false,"template":"","format":"standard","meta":{"footnotes":""},"categories":[23],"tags":[],"class_list":["post-249358","post","type-post","status-publish","format-standard","hentry","category-internacional"],"_links":{"self":[{"href":"https:\/\/diariodominicano.com\/index.php?rest_route=\/wp\/v2\/posts\/249358","targetHints":{"allow":["GET"]}}],"collection":[{"href":"https:\/\/diariodominicano.com\/index.php?rest_route=\/wp\/v2\/posts"}],"about":[{"href":"https:\/\/diariodominicano.com\/index.php?rest_route=\/wp\/v2\/types\/post"}],"author":[{"embeddable":true,"href":"https:\/\/diariodominicano.com\/index.php?rest_route=\/wp\/v2\/users\/3"}],"replies":[{"embeddable":true,"href":"https:\/\/diariodominicano.com\/index.php?rest_route=%2Fwp%2Fv2%2Fcomments&post=249358"}],"version-history":[{"count":0,"href":"https:\/\/diariodominicano.com\/index.php?rest_route=\/wp\/v2\/posts\/249358\/revisions"}],"wp:attachment":[{"href":"https:\/\/diariodominicano.com\/index.php?rest_route=%2Fwp%2Fv2%2Fmedia&parent=249358"}],"wp:term":[{"taxonomy":"category","embeddable":true,"href":"https:\/\/diariodominicano.com\/index.php?rest_route=%2Fwp%2Fv2%2Fcategories&post=249358"},{"taxonomy":"post_tag","embeddable":true,"href":"https:\/\/diariodominicano.com\/index.php?rest_route=%2Fwp%2Fv2%2Ftags&post=249358"}],"curies":[{"name":"wp","href":"https:\/\/api.w.org\/{rel}","templated":true}]}}