{"id":249355,"date":"2016-07-16T14:42:51","date_gmt":"2016-07-16T14:42:51","guid":{"rendered":"http:\/\/diariodominicano.ddns.net\/?p=249355"},"modified":"2016-07-16T14:42:51","modified_gmt":"2016-07-16T14:42:51","slug":"reporta-honduras-mas-de-56-mil-casos-de-dengue-chikungunya-y-zika","status":"publish","type":"post","link":"https:\/\/diariodominicano.com\/?p=249355","title":{"rendered":"&#13;&#13;Reporta Honduras m\u00e1s de 56 mil casos de dengue, chikungunya y zika"},"content":{"rendered":"<p><body><\/p>\n<\/p>\n<p>Seg\u00fan el rotativo La Prensa, el Gobierno y el Ministerio de Salud lanzaron recientemente una campa\u00f1a de promoci\u00f3n y educaci\u00f3n para la erradicaci\u00f3n de los criaderos del zancudo Aedes aegypti, transmisor de ese tr\u00edo de afecciones.<\/p>\n<\/p>\n<p>Contreras, seg\u00fan el peri\u00f3dico, explic\u00f3 que la campa\u00f1a involucra, adem\u00e1s de la Secretar\u00eda, a los gobiernos locales y los centros educativos con mensajes de promoci\u00f3n.<\/p>\n<\/p>\n<p>M\u00e1s de 26 mil 900 de los casos corresponden a sospechas espec\u00edficamente de zika, acot\u00f3 el vicetitular de Salud.<\/p>\n<\/p>\n<p>Subray\u00f3 que son cifras muy elevadas, y que al venir las lluvias la fumigaci\u00f3n no ser\u00e1 la medida m\u00e1s efectiva, sino destruir los criaderos de mosquitos que se formen despu\u00e9s de cada precipitaci\u00f3n para evitar m\u00e1s contagios.<\/p>\n<\/p>\n<p>Agreg\u00f3 que est\u00e1n en vigilancia 479 mujeres embarazas diagnosticadas como sospechosas de padecer zika.<\/p>\n<\/p>\n<p>\u00abNo tenemos casos reportados de microcefalia hasta este momento asociadas a ese virus, pero s\u00ed tenemos m\u00e1s de 114 pacientes que padecen el s\u00edndrome de Guillain-Barr\u00e9 solo en 2016\u00bb, advirti\u00f3 el viceministro.<\/p>\n<h6> 2016-07-16 14:42:51 <\/h6>\n<p><!--\n<link rel=\"stylesheet\" href=\"css\/bootstrap.min.css\">\n\n\n<ul class=\"pagination\">\n\t    \n\t\n\n<li >\n\t<a href='?page_no=18999'>Previous<\/a>\n\t<\/li>\n\n\n       \n    \n\n<li><a href='?page_no=1'>1<\/a><\/li>\n\n\n\n<li><a href='?page_no=2'>2<\/a><\/li>\n\n\n\n<li><a>...<\/a><\/li>\n\n\n\n<li><a href='?page_no=18998'>18998<\/a><\/li>\n\n\n\n<li><a href='?page_no=18999'>18999<\/a><\/li>\n\n\n\n<li class='active'><a>19000<\/a><\/li>\n\n\n\n<li><a href='?page_no=19001'>19001<\/a><\/li>\n\n\n\n<li><a href='?page_no=19002'>19002<\/a><\/li>\n\n\n\n<li><a>...<\/a><\/li>\n\n\n\n<li><a href='?page_no=51012'>51012<\/a><\/li>\n\n\n\n<li><a href='?page_no=51013'>51013<\/a><\/li>\n\n    \n\t\n\n<li >\n\t<a href='?page_no=19001'>Next<\/a>\n\t<\/li>\n\n\n    \n\n<li><a href='?page_no=51013'>Last &rsaquo;&rsaquo;<\/a><\/li>\n\n<\/ul>\n\n\n--><br \/>\n<\/body><\/p>\n","protected":false},"excerpt":{"rendered":"<p>Seg\u00fan el rotativo La Prensa, el Gobierno y el Ministerio de Salud lanzaron recientemente una campa\u00f1a de promoci\u00f3n y educaci\u00f3n para la erradicaci\u00f3n de los criaderos del zancudo Aedes aegypti, transmisor de ese tr\u00edo de afecciones. Contreras, seg\u00fan el peri\u00f3dico, explic\u00f3 que la campa\u00f1a involucra, adem\u00e1s de la Secretar\u00eda, a los gobiernos locales y los [&hellip;]<\/p>\n","protected":false},"author":3,"featured_media":0,"comment_status":"open","ping_status":"open","sticky":false,"template":"","format":"standard","meta":{"footnotes":""},"categories":[23],"tags":[],"class_list":["post-249355","post","type-post","status-publish","format-standard","hentry","category-internacional"],"_links":{"self":[{"href":"https:\/\/diariodominicano.com\/index.php?rest_route=\/wp\/v2\/posts\/249355","targetHints":{"allow":["GET"]}}],"collection":[{"href":"https:\/\/diariodominicano.com\/index.php?rest_route=\/wp\/v2\/posts"}],"about":[{"href":"https:\/\/diariodominicano.com\/index.php?rest_route=\/wp\/v2\/types\/post"}],"author":[{"embeddable":true,"href":"https:\/\/diariodominicano.com\/index.php?rest_route=\/wp\/v2\/users\/3"}],"replies":[{"embeddable":true,"href":"https:\/\/diariodominicano.com\/index.php?rest_route=%2Fwp%2Fv2%2Fcomments&post=249355"}],"version-history":[{"count":0,"href":"https:\/\/diariodominicano.com\/index.php?rest_route=\/wp\/v2\/posts\/249355\/revisions"}],"wp:attachment":[{"href":"https:\/\/diariodominicano.com\/index.php?rest_route=%2Fwp%2Fv2%2Fmedia&parent=249355"}],"wp:term":[{"taxonomy":"category","embeddable":true,"href":"https:\/\/diariodominicano.com\/index.php?rest_route=%2Fwp%2Fv2%2Fcategories&post=249355"},{"taxonomy":"post_tag","embeddable":true,"href":"https:\/\/diariodominicano.com\/index.php?rest_route=%2Fwp%2Fv2%2Ftags&post=249355"}],"curies":[{"name":"wp","href":"https:\/\/api.w.org\/{rel}","templated":true}]}}