{"id":249354,"date":"2016-07-16T14:48:30","date_gmt":"2016-07-16T14:48:30","guid":{"rendered":"http:\/\/diariodominicano.ddns.net\/?p=249354"},"modified":"2016-07-16T14:48:30","modified_gmt":"2016-07-16T14:48:30","slug":"los-problemas-siguen-agobiando-a-presidente-argentino","status":"publish","type":"post","link":"https:\/\/diariodominicano.com\/?p=249354","title":{"rendered":"&#13;&#13;Los problemas siguen agobiando a presidente argentino"},"content":{"rendered":"<p><body><\/p>\n<p><img decoding=\"async\" src=\"img3\/macri1.jpg\" \/>  <\/p>\n<\/p>\n<p>Buenos Aires, 16 jul (PL) Los problemas siguen hoy agobiando al presidente argentino, Mauricio Macri, desde una protesta nacional contra su pol\u00edtica tarifaria, una econom\u00eda recesiva, la inflaci\u00f3n que genera m\u00e1s malestar y ahora complicaciones con sus declaraciones juradas. <\/p>\n<\/p>\n<p>El juez federal Sebasti\u00e1n Casanello solicit\u00f3 el viernes que la Procuradur\u00eda de Criminalidad Econ\u00f3mica y Lavado de Activos (Procelac) le informe sobre las presuntas inconsistencias detectadas tras comparar las declaraciones juradas que Macri present\u00f3 cuando era candidato y todav\u00eda jefe de Gobierno de la Ciudad de Buenos Aires.<\/p>\n<\/p>\n<p>A fin de junio, el magistrado pidi\u00f3 al gobierno porte\u00f1o y a la Oficina Anticorrupci\u00f3n, que encabeza la exdiputada y aliada del Presidente, Laura Alonso, un estudio comparativo de los informes de patrimonio que present\u00f3 Macri de 2013 a 2015.<\/p>\n<\/p>\n<p>Ambas peticiones se enmarcan en la causa en la que Macri est\u00e1 est\u00e1 imputado por no haber informado su participaci\u00f3n en las empresas offshore Fleg Trading LTD y Kagemusha SA.<\/p>\n<\/p>\n<p>Uno de los elementos m\u00e1s llamativos es que desde que dej\u00f3 la Gobernaci\u00f3n de la capital en diciembre a ahora el patrimonio del mandatario, seg\u00fan sus propias declaraciones, subi\u00f3 de 52 millones 296 mil pesos (tres millones 486 mil 420 d\u00f3lares) a 110 millones 278 mil 680 pesos (siete millones 352 mil d\u00f3lares).<\/p>\n<\/p>\n<p>Otro dolor de cabeza para el jefe hoy de la Casa Rosada es el revuelo que gener\u00f3 su pol\u00edtica tarifaria con dr\u00e1sticos aumentos de hasta dos mil 200 por ciento en el gas, de 700 por ciento en la electricidad y de 350 y m\u00e1s en el agua.<\/p>\n<\/p>\n<p>En gira por Estados Unidos la semana pasada dijo a un canal norteamericano que \u00abincre\u00edblemente los argentinos entendieron el necesario incremento de las tarifas\u00bb, sin embargo al mismo tiempo que hablaba la C\u00e1mara Federal de La Plata suspend\u00eda el tarifazo en todo el pa\u00eds.<\/p>\n<\/p>\n<p>Despu\u00e9s que otros tribunales en diversas provincias fallaron tambi\u00e9n por suspender esas tarifas, el Ejecutivo dio marcha atr\u00e1s y fij\u00f3 el aumento en 400 por ciento para la poblaci\u00f3n y de 500 a 600 para los comercios.<\/p>\n<\/p>\n<p>Adem\u00e1s apel\u00f3 a la Corte Suprema de Justicia e incluso present\u00f3 una demanda contra el veredicto de la instancia de La Plata.<\/p>\n<\/p>\n<p>Aun as\u00ed la gente sali\u00f3 en masa a protestar en el primer gran cacerolazo contra Macri la noche del jueves, y, por dem\u00e1s, la C\u00e1mara Federal de La Plata ratific\u00f3 el viernes su decisi\u00f3n contra los tarifazos.<\/p>\n<\/p>\n<p>Como si fuera poco, una manifestaci\u00f3n de taxistas rode\u00f3 la tarde del viernes de autos a la Quinta de Olivos, la residencia presidencial, en reclamo de un subsidio para afrontar el alza del gas comprimido y que saquen a UBER de circulaci\u00f3n que le est\u00e1 robando el mercado.<\/p>\n<\/p>\n<p>La inflaci\u00f3n no da se\u00f1ales de nivelarse, sigue subiendo y en junio fue del 3,1 por ciento, seg\u00fan las propias estad\u00edsticas del Gobierno, para un acumulado interanual de 44 por ciento, y el economista Arnaldo Bocco augura que llegara a 47 por ciento a fin de a\u00f1o.<\/p>\n<\/p>\n<p>Las prometidas inversiones no acaban de llegar, solo hay anuncios, mientras algunas instituciones crediticias internacionales si conceden pr\u00e9stamos, lo que sumado a la venta de bonos de deuda, aument\u00f3 en m\u00e1s de 27 mil millones de dolares en lo va de a\u00f1o el endeudamiento exterior del pa\u00eds.<\/p>\n<\/p>\n<p>Y la econom\u00eda, a juzgar por las ca\u00eddas en casi todos los rubros productivos, no levanta cabeza, y algunos economistas que se contraer\u00e1 este a\u00f1o 1 por ciento, mientras otros vaticinan una ca\u00edda del PIB de dos puntos porcentuales.<\/p>\n<h6> 2016-07-16 14:48:30 <\/h6>\n<p><!--\n<link rel=\"stylesheet\" href=\"css\/bootstrap.min.css\">\n\n\n<ul class=\"pagination\">\n\t    \n\t\n\n<li >\n\t<a href='?page_no=18998'>Previous<\/a>\n\t<\/li>\n\n\n       \n    \n\n<li><a href='?page_no=1'>1<\/a><\/li>\n\n\n\n<li><a href='?page_no=2'>2<\/a><\/li>\n\n\n\n<li><a>...<\/a><\/li>\n\n\n\n<li><a href='?page_no=18997'>18997<\/a><\/li>\n\n\n\n<li><a href='?page_no=18998'>18998<\/a><\/li>\n\n\n\n<li class='active'><a>18999<\/a><\/li>\n\n\n\n<li><a href='?page_no=19000'>19000<\/a><\/li>\n\n\n\n<li><a href='?page_no=19001'>19001<\/a><\/li>\n\n\n\n<li><a>...<\/a><\/li>\n\n\n\n<li><a href='?page_no=51012'>51012<\/a><\/li>\n\n\n\n<li><a href='?page_no=51013'>51013<\/a><\/li>\n\n    \n\t\n\n<li >\n\t<a href='?page_no=19000'>Next<\/a>\n\t<\/li>\n\n\n    \n\n<li><a href='?page_no=51013'>Last &rsaquo;&rsaquo;<\/a><\/li>\n\n<\/ul>\n\n\n--><br \/>\n<\/body><\/p>\n","protected":false},"excerpt":{"rendered":"<p>Buenos Aires, 16 jul (PL) Los problemas siguen hoy agobiando al presidente argentino, Mauricio Macri, desde una protesta nacional contra su pol\u00edtica tarifaria, una econom\u00eda recesiva, la inflaci\u00f3n que genera m\u00e1s malestar y ahora complicaciones con sus declaraciones juradas. El juez federal Sebasti\u00e1n Casanello solicit\u00f3 el viernes que la Procuradur\u00eda de Criminalidad Econ\u00f3mica y Lavado [&hellip;]<\/p>\n","protected":false},"author":3,"featured_media":0,"comment_status":"open","ping_status":"open","sticky":false,"template":"","format":"standard","meta":{"footnotes":""},"categories":[23],"tags":[],"class_list":["post-249354","post","type-post","status-publish","format-standard","hentry","category-internacional"],"_links":{"self":[{"href":"https:\/\/diariodominicano.com\/index.php?rest_route=\/wp\/v2\/posts\/249354","targetHints":{"allow":["GET"]}}],"collection":[{"href":"https:\/\/diariodominicano.com\/index.php?rest_route=\/wp\/v2\/posts"}],"about":[{"href":"https:\/\/diariodominicano.com\/index.php?rest_route=\/wp\/v2\/types\/post"}],"author":[{"embeddable":true,"href":"https:\/\/diariodominicano.com\/index.php?rest_route=\/wp\/v2\/users\/3"}],"replies":[{"embeddable":true,"href":"https:\/\/diariodominicano.com\/index.php?rest_route=%2Fwp%2Fv2%2Fcomments&post=249354"}],"version-history":[{"count":0,"href":"https:\/\/diariodominicano.com\/index.php?rest_route=\/wp\/v2\/posts\/249354\/revisions"}],"wp:attachment":[{"href":"https:\/\/diariodominicano.com\/index.php?rest_route=%2Fwp%2Fv2%2Fmedia&parent=249354"}],"wp:term":[{"taxonomy":"category","embeddable":true,"href":"https:\/\/diariodominicano.com\/index.php?rest_route=%2Fwp%2Fv2%2Fcategories&post=249354"},{"taxonomy":"post_tag","embeddable":true,"href":"https:\/\/diariodominicano.com\/index.php?rest_route=%2Fwp%2Fv2%2Ftags&post=249354"}],"curies":[{"name":"wp","href":"https:\/\/api.w.org\/{rel}","templated":true}]}}