{"id":249353,"date":"2016-07-17T08:11:37","date_gmt":"2016-07-17T08:11:37","guid":{"rendered":"http:\/\/diariodominicano.ddns.net\/?p=249353"},"modified":"2016-07-17T08:11:37","modified_gmt":"2016-07-17T08:11:37","slug":"la-mayoria-de-estadounidenses-pesimistas-sobre-las-relaciones-raciales","status":"publish","type":"post","link":"https:\/\/diariodominicano.com\/?p=249353","title":{"rendered":"La mayor\u00eda de estadounidenses, pesimistas sobre las relaciones raciales"},"content":{"rendered":"<p><body><\/p>\n<p><img decoding=\"async\" src=\"img3\/ae5209d1e8f56fa0138e9c9e76a2fd0fd14d705a.jpg\" \/>  <\/p>\n<\/p>\n<p>17 Jul 2016<\/p>\n<\/p>\n<p>AFP\/Archivos \/ Laura Buckman<\/p>\n<p><strong>La polic\u00eda estadounidense durante el ataque en la ciudad de Dallas, en Texas, el 7 de julio de 2016<\/strong><\/p>\n<p>Una aplastante mayor\u00eda de estadounidenses opina que el pr\u00f3ximo ocupante de la Casa Blanca deber\u00eda dedicar mucha atenci\u00f3n a la mejora de las relaciones raciales en EEUU, que consideran \u00abgeneralmente malas\u00bb.<\/p>\n<p>As\u00ed lo refleja una encuesta de The Washington Post\/ABC publicada el s\u00e1bado y realizada poco despu\u00e9s de la matanza de polic\u00edas blancos por un francotirador negro en Dallas, tras dos casos de negros ultimados a manos de agentes del orden.<\/p>\n<p>Un 83% de los 1.003 adultos consultados dijo que el presidente de EEUU que surja de los comicios de noviembre pr\u00f3ximo deber\u00e1 poner un \u00abgran\u00bb \u00e9nfasis en la mejora de las relaciones raciales y casi la mitad de los encuestados consider\u00f3 que se trata de un tema de \u00abextrema\u00bb importancia. Solo un 12% dijo no desear que el pr\u00f3ximo mandatario asigne mayor importancia al tema.<\/p>\n<p>La preocupaci\u00f3n por los problemas raciales podr\u00eda favorecer a la candidata dem\u00f3crata, Hillary Clinton. Alrededor de 58% de los encuestados dijo confiar en ella para abordar el asunto, frente al 26% que expres\u00f3 confianza en su rival republicano, Donald Trump, quien durante la campa\u00f1a electoral ha recurrido a una ret\u00f3rica que crea divisiones raciales.<\/p>\n<p>La encuesta tambi\u00e9n revel\u00f3 que el 63% considera que las relaciones raciales son \u00abgeneralmente malas\u00bb y un 55% piensa que est\u00e1n empeorando. Solo un tercio de los encuestados consider\u00f3 que las relaciones raciales son buenas y solo un 10%, que estaban mejorando.<\/p>\n<h6> 2016-07-17 08:11:37 <\/h6>\n<p><!--\n<link rel=\"stylesheet\" href=\"css\/bootstrap.min.css\">\n\n\n<ul class=\"pagination\">\n\t    \n\t\n\n<li >\n\t<a href='?page_no=18997'>Previous<\/a>\n\t<\/li>\n\n\n       \n    \n\n<li><a href='?page_no=1'>1<\/a><\/li>\n\n\n\n<li><a href='?page_no=2'>2<\/a><\/li>\n\n\n\n<li><a>...<\/a><\/li>\n\n\n\n<li><a href='?page_no=18996'>18996<\/a><\/li>\n\n\n\n<li><a href='?page_no=18997'>18997<\/a><\/li>\n\n\n\n<li class='active'><a>18998<\/a><\/li>\n\n\n\n<li><a href='?page_no=18999'>18999<\/a><\/li>\n\n\n\n<li><a href='?page_no=19000'>19000<\/a><\/li>\n\n\n\n<li><a>...<\/a><\/li>\n\n\n\n<li><a href='?page_no=51012'>51012<\/a><\/li>\n\n\n\n<li><a href='?page_no=51013'>51013<\/a><\/li>\n\n    \n\t\n\n<li >\n\t<a href='?page_no=18999'>Next<\/a>\n\t<\/li>\n\n\n    \n\n<li><a href='?page_no=51013'>Last &rsaquo;&rsaquo;<\/a><\/li>\n\n<\/ul>\n\n\n--><br \/>\n<\/body><\/p>\n","protected":false},"excerpt":{"rendered":"<p>17 Jul 2016 AFP\/Archivos \/ Laura Buckman La polic\u00eda estadounidense durante el ataque en la ciudad de Dallas, en Texas, el 7 de julio de 2016 Una aplastante mayor\u00eda de estadounidenses opina que el pr\u00f3ximo ocupante de la Casa Blanca deber\u00eda dedicar mucha atenci\u00f3n a la mejora de las relaciones raciales en EEUU, que consideran [&hellip;]<\/p>\n","protected":false},"author":3,"featured_media":0,"comment_status":"open","ping_status":"open","sticky":false,"template":"","format":"standard","meta":{"footnotes":""},"categories":[23],"tags":[],"class_list":["post-249353","post","type-post","status-publish","format-standard","hentry","category-internacional"],"_links":{"self":[{"href":"https:\/\/diariodominicano.com\/index.php?rest_route=\/wp\/v2\/posts\/249353","targetHints":{"allow":["GET"]}}],"collection":[{"href":"https:\/\/diariodominicano.com\/index.php?rest_route=\/wp\/v2\/posts"}],"about":[{"href":"https:\/\/diariodominicano.com\/index.php?rest_route=\/wp\/v2\/types\/post"}],"author":[{"embeddable":true,"href":"https:\/\/diariodominicano.com\/index.php?rest_route=\/wp\/v2\/users\/3"}],"replies":[{"embeddable":true,"href":"https:\/\/diariodominicano.com\/index.php?rest_route=%2Fwp%2Fv2%2Fcomments&post=249353"}],"version-history":[{"count":0,"href":"https:\/\/diariodominicano.com\/index.php?rest_route=\/wp\/v2\/posts\/249353\/revisions"}],"wp:attachment":[{"href":"https:\/\/diariodominicano.com\/index.php?rest_route=%2Fwp%2Fv2%2Fmedia&parent=249353"}],"wp:term":[{"taxonomy":"category","embeddable":true,"href":"https:\/\/diariodominicano.com\/index.php?rest_route=%2Fwp%2Fv2%2Fcategories&post=249353"},{"taxonomy":"post_tag","embeddable":true,"href":"https:\/\/diariodominicano.com\/index.php?rest_route=%2Fwp%2Fv2%2Ftags&post=249353"}],"curies":[{"name":"wp","href":"https:\/\/api.w.org\/{rel}","templated":true}]}}