{"id":249352,"date":"2016-07-17T08:17:32","date_gmt":"2016-07-17T08:17:32","guid":{"rendered":"http:\/\/diariodominicano.ddns.net\/?p=249352"},"modified":"2016-07-17T08:17:32","modified_gmt":"2016-07-17T08:17:32","slug":"el-autor-de-la-masacre-de-niza-estuvo-dos-veces-antes-en-el-lugar-con-el-camion","status":"publish","type":"post","link":"https:\/\/diariodominicano.com\/?p=249352","title":{"rendered":"El autor de la masacre de Niza estuvo dos veces antes en el lugar con el cami\u00f3n"},"content":{"rendered":"<p><body><\/p>\n<p><img decoding=\"async\" src=\"img3\/4bbe53b7ff35b27d77e8e25c6ffc4ac13c47c208.jpg\" \/>  <\/p>\n<p>17 Jul 2016<\/p>\n<p><strong>AFP \/ Anne-Christine Poujoulat<\/strong><\/p>\n<p><strong>Tres polic\u00edas pasan junto a flores y velas dejados en memoria de la v\u00edctimas de la matanza del 14 de julio en Niza, a primera hora de este domingo 17 de julio en el paseo mar\u00edtimo de la ciudad francesa<\/strong><\/p>\n<p>El autor de la masacre de Niza, Mohamed Lahouaiej-Bouhlel, estuvo con el cami\u00f3n en el paseo de los Ingleses el 12 y el 13 de julio, preparando el atentado del d\u00eda 14, informaron este domingo a la AFP fuentes cercanas a la investigaci\u00f3n.<\/p>\n<p>Por otra parte, varios testigos, entre los centenares que han sido interrogados por la polic\u00eda, declararon que Lahouaiej-Bouhlel era una persona religiosa, se\u00f1alaron las mismas fuentes.<\/p>\n<p>En cambio, su padre hab\u00eda afirmado que \u00abno ten\u00eda ning\u00fan v\u00ednculo con la religi\u00f3n\u00bb, que beb\u00eda alcohol y no frecuentaba la mezquita. El s\u00e1bado el ministro del Interior hab\u00eda dicho que al parecer Lahouaiej-Bouhlel se hab\u00eda \u00abradicalizado muy r\u00e1pido\u00bb.<\/p>\n<p>Los investigadores no descartan que algunas de las siete personas detenidas tras la matanza hayan sido c\u00f3mplices del atentado, aunque por el momento no han llegado a ninguna conclusi\u00f3n, indicaron las mismas fuentes.<\/p>\n<p>La polic\u00eda detuvo este domingo a un hombre y una mujer en el marco de la investigaci\u00f3n sobre el atentado, en el que murieron 84 personas, dijo a la AFP una fuente judicial francesa.<\/p>\n<p>En los d\u00edas anteriores, hab\u00edan sido detenidas otras cinco personas, entre ellas la esposa del autor del atentado, de la cual estaba separado.<\/p>\n<p>El grupo Estado Isl\u00e1mico reivindic\u00f3 el s\u00e1bado el atentado cometido por Lahouaiej-Bouhlel, un tunecino de 31 a\u00f1os que al volante de un cami\u00f3n arroll\u00f3 a la muchedumbre que asist\u00eda a los fuegos artificiales de la fiesta nacional en el paseo de los Ingleses de esta ciudad de la Riviera Francesa.<\/p>\n<h6> 2016-07-17 08:17:32 <\/h6>\n<p><!--\n<link rel=\"stylesheet\" href=\"css\/bootstrap.min.css\">\n\n\n<ul class=\"pagination\">\n\t    \n\t\n\n<li >\n\t<a href='?page_no=18996'>Previous<\/a>\n\t<\/li>\n\n\n       \n    \n\n<li><a href='?page_no=1'>1<\/a><\/li>\n\n\n\n<li><a href='?page_no=2'>2<\/a><\/li>\n\n\n\n<li><a>...<\/a><\/li>\n\n\n\n<li><a href='?page_no=18995'>18995<\/a><\/li>\n\n\n\n<li><a href='?page_no=18996'>18996<\/a><\/li>\n\n\n\n<li class='active'><a>18997<\/a><\/li>\n\n\n\n<li><a href='?page_no=18998'>18998<\/a><\/li>\n\n\n\n<li><a href='?page_no=18999'>18999<\/a><\/li>\n\n\n\n<li><a>...<\/a><\/li>\n\n\n\n<li><a href='?page_no=51012'>51012<\/a><\/li>\n\n\n\n<li><a href='?page_no=51013'>51013<\/a><\/li>\n\n    \n\t\n\n<li >\n\t<a href='?page_no=18998'>Next<\/a>\n\t<\/li>\n\n\n    \n\n<li><a href='?page_no=51013'>Last &rsaquo;&rsaquo;<\/a><\/li>\n\n<\/ul>\n\n\n--><br \/>\n<\/body><\/p>\n","protected":false},"excerpt":{"rendered":"<p>17 Jul 2016 AFP \/ Anne-Christine Poujoulat Tres polic\u00edas pasan junto a flores y velas dejados en memoria de la v\u00edctimas de la matanza del 14 de julio en Niza, a primera hora de este domingo 17 de julio en el paseo mar\u00edtimo de la ciudad francesa El autor de la masacre de Niza, Mohamed [&hellip;]<\/p>\n","protected":false},"author":3,"featured_media":0,"comment_status":"open","ping_status":"open","sticky":false,"template":"","format":"standard","meta":{"footnotes":""},"categories":[23],"tags":[],"class_list":["post-249352","post","type-post","status-publish","format-standard","hentry","category-internacional"],"_links":{"self":[{"href":"https:\/\/diariodominicano.com\/index.php?rest_route=\/wp\/v2\/posts\/249352","targetHints":{"allow":["GET"]}}],"collection":[{"href":"https:\/\/diariodominicano.com\/index.php?rest_route=\/wp\/v2\/posts"}],"about":[{"href":"https:\/\/diariodominicano.com\/index.php?rest_route=\/wp\/v2\/types\/post"}],"author":[{"embeddable":true,"href":"https:\/\/diariodominicano.com\/index.php?rest_route=\/wp\/v2\/users\/3"}],"replies":[{"embeddable":true,"href":"https:\/\/diariodominicano.com\/index.php?rest_route=%2Fwp%2Fv2%2Fcomments&post=249352"}],"version-history":[{"count":0,"href":"https:\/\/diariodominicano.com\/index.php?rest_route=\/wp\/v2\/posts\/249352\/revisions"}],"wp:attachment":[{"href":"https:\/\/diariodominicano.com\/index.php?rest_route=%2Fwp%2Fv2%2Fmedia&parent=249352"}],"wp:term":[{"taxonomy":"category","embeddable":true,"href":"https:\/\/diariodominicano.com\/index.php?rest_route=%2Fwp%2Fv2%2Fcategories&post=249352"},{"taxonomy":"post_tag","embeddable":true,"href":"https:\/\/diariodominicano.com\/index.php?rest_route=%2Fwp%2Fv2%2Ftags&post=249352"}],"curies":[{"name":"wp","href":"https:\/\/api.w.org\/{rel}","templated":true}]}}