{"id":249350,"date":"2016-07-17T08:39:22","date_gmt":"2016-07-17T08:39:22","guid":{"rendered":"http:\/\/diariodominicano.ddns.net\/?p=249350"},"modified":"2016-07-17T08:39:22","modified_gmt":"2016-07-17T08:39:22","slug":"un-grupo-armado-asalta-un-edificio-policial-en-armenia-y-toma-rehenes","status":"publish","type":"post","link":"https:\/\/diariodominicano.com\/?p=249350","title":{"rendered":"Un grupo armado asalta un edificio policial en Armenia y toma rehenes"},"content":{"rendered":"<p><body><\/p>\n<p><img decoding=\"async\" src=\"img3\/e181f3546f1513763f46003098bb793380105cd6.jpg\" \/>  <\/p>\n<\/p>\n<p>17 Jul 2016<\/p>\n<\/p>\n<p><strong>AFP \/ Karen Minasyan<\/strong><\/p>\n<p><strong>Polic\u00edas armenios bloquean una calle pr\u00f3xima al edificio policial asaltado, este s\u00e1bado 17 de julio en Erev\u00e1n<\/strong><\/p>\n<p>Un grupo armado vinculado a un l\u00edder opositor encarcelado se apoder\u00f3 este domingo de un edificio de la polic\u00eda en Erev\u00e1n y ten\u00eda a varias personas como rehenes, anunci\u00f3 el servicio de seguridad armenio.<\/p>\n<p>\u00abUn grupo de hombres armados entr\u00f3 en el edificio de un regimiento de la polic\u00eda en Erev\u00e1n y tiene rehenes\u00bb, anunci\u00f3 el Servicio Nacional de Seguridad. Uno de los atacantes dijo que entre los rehenes se encuentra el subjefe de la polic\u00eda nacional.<\/p>\n<p>\u00abUn polic\u00eda muri\u00f3 y otros dos resultaron heridos. Dos rehenes fueron liberados\u00bb, a\u00f1adi\u00f3 la fuente. \u00abEl Estado armenio continua operando de manera normal, la polic\u00eda lleva a cabo su trabajo para proteger el orden p\u00fablico y la seguridad\u00bb, indic\u00f3 el servicio de seguridad, descartando los rumores de golpe de Estado.<\/p>\n<p>Por su parte, Nikol Pashinyan, un abogado y diputado del Parlamento armenio que estuvo en contacto con los secuestradores, dijo a la prensa que el grupo tom\u00f3 inicialmente como rehenes a ocho personas, pero que luego solt\u00f3 a una que ten\u00eda hipertensi\u00f3n.<\/p>\n<p>Seg\u00fan varios medios, el grupo pide la liberaci\u00f3n de Zhirair Sefilyan, un opositor arrestado el mes pasado por presunta posesi\u00f3n de armas.<\/p>\n<h6> 2016-07-17 08:39:22 <\/h6>\n<p><!--\n<link rel=\"stylesheet\" href=\"css\/bootstrap.min.css\">\n\n\n<ul class=\"pagination\">\n\t    \n\t\n\n<li >\n\t<a href='?page_no=18994'>Previous<\/a>\n\t<\/li>\n\n\n       \n    \n\n<li><a href='?page_no=1'>1<\/a><\/li>\n\n\n\n<li><a href='?page_no=2'>2<\/a><\/li>\n\n\n\n<li><a>...<\/a><\/li>\n\n\n\n<li><a href='?page_no=18993'>18993<\/a><\/li>\n\n\n\n<li><a href='?page_no=18994'>18994<\/a><\/li>\n\n\n\n<li class='active'><a>18995<\/a><\/li>\n\n\n\n<li><a href='?page_no=18996'>18996<\/a><\/li>\n\n\n\n<li><a href='?page_no=18997'>18997<\/a><\/li>\n\n\n\n<li><a>...<\/a><\/li>\n\n\n\n<li><a href='?page_no=51012'>51012<\/a><\/li>\n\n\n\n<li><a href='?page_no=51013'>51013<\/a><\/li>\n\n    \n\t\n\n<li >\n\t<a href='?page_no=18996'>Next<\/a>\n\t<\/li>\n\n\n    \n\n<li><a href='?page_no=51013'>Last &rsaquo;&rsaquo;<\/a><\/li>\n\n<\/ul>\n\n\n--><br \/>\n<\/body><\/p>\n","protected":false},"excerpt":{"rendered":"<p>17 Jul 2016 AFP \/ Karen Minasyan Polic\u00edas armenios bloquean una calle pr\u00f3xima al edificio policial asaltado, este s\u00e1bado 17 de julio en Erev\u00e1n Un grupo armado vinculado a un l\u00edder opositor encarcelado se apoder\u00f3 este domingo de un edificio de la polic\u00eda en Erev\u00e1n y ten\u00eda a varias personas como rehenes, anunci\u00f3 el servicio [&hellip;]<\/p>\n","protected":false},"author":3,"featured_media":0,"comment_status":"open","ping_status":"open","sticky":false,"template":"","format":"standard","meta":{"footnotes":""},"categories":[23],"tags":[],"class_list":["post-249350","post","type-post","status-publish","format-standard","hentry","category-internacional"],"_links":{"self":[{"href":"https:\/\/diariodominicano.com\/index.php?rest_route=\/wp\/v2\/posts\/249350","targetHints":{"allow":["GET"]}}],"collection":[{"href":"https:\/\/diariodominicano.com\/index.php?rest_route=\/wp\/v2\/posts"}],"about":[{"href":"https:\/\/diariodominicano.com\/index.php?rest_route=\/wp\/v2\/types\/post"}],"author":[{"embeddable":true,"href":"https:\/\/diariodominicano.com\/index.php?rest_route=\/wp\/v2\/users\/3"}],"replies":[{"embeddable":true,"href":"https:\/\/diariodominicano.com\/index.php?rest_route=%2Fwp%2Fv2%2Fcomments&post=249350"}],"version-history":[{"count":0,"href":"https:\/\/diariodominicano.com\/index.php?rest_route=\/wp\/v2\/posts\/249350\/revisions"}],"wp:attachment":[{"href":"https:\/\/diariodominicano.com\/index.php?rest_route=%2Fwp%2Fv2%2Fmedia&parent=249350"}],"wp:term":[{"taxonomy":"category","embeddable":true,"href":"https:\/\/diariodominicano.com\/index.php?rest_route=%2Fwp%2Fv2%2Fcategories&post=249350"},{"taxonomy":"post_tag","embeddable":true,"href":"https:\/\/diariodominicano.com\/index.php?rest_route=%2Fwp%2Fv2%2Ftags&post=249350"}],"curies":[{"name":"wp","href":"https:\/\/api.w.org\/{rel}","templated":true}]}}