{"id":249349,"date":"2016-07-17T12:33:19","date_gmt":"2016-07-17T12:33:19","guid":{"rendered":"http:\/\/diariodominicano.ddns.net\/?p=249349"},"modified":"2016-07-17T12:33:19","modified_gmt":"2016-07-17T12:33:19","slug":"turquia-detiene-a-miles-de-soldados-jueces-y-fiscales-tras-el-golpe-fallido","status":"publish","type":"post","link":"https:\/\/diariodominicano.com\/?p=249349","title":{"rendered":"Turqu\u00eda detiene a miles de soldados, jueces y fiscales tras el golpe fallido"},"content":{"rendered":"<p><body><\/p>\n<p><img decoding=\"async\" src=\"img3\/eba1b98690cca50b2caa92fc30686350ed5c120f.jpg\" \/><br \/><img decoding=\"async\" src=\"img3\/72ff4d80971e1a85abd25e5a2b50b95ba1aa9e56.jpg\" \/><br \/><img decoding=\"async\" src=\"img3\/8a0556b8f9631db8f8a1957830a3f0f149ad12ea.jpg\" \/>  <\/p>\n<p>17 Jul 2016<\/p>\n<\/p>\n<p><strong>AFP \/ Aris Messinis<\/strong><\/p>\n<p><strong>Recep Tayyip Erdogan (centro) asiste al funeral de una v\u00edctima del fallido golpe de Estado, este domingo 17 de julio en Estambul<\/strong><\/p>\n<p>Las autoridades de Turqu\u00eda segu\u00edan arrestando este domingo a militares, jueces y fiscales acusados de haber apoyado el golpe de Estado fallido contra el Gobierno del presidente Recep Tayyip Erdogan.<\/p>\n<p>Ante una multitud reunida en Estambul para apoyarlo, el presidente islamista conservador particip\u00f3 en el entierro de un \u00abm\u00e1rtir\u00bb del golpe en la mequizta de Fatih y prometi\u00f3 eliminar el \u00abvirus\u00bb que, seg\u00fan \u00e9l, corroe las instituciones del Estado.<\/p>\n<p>Erdogan no pudo reprimir la emoci\u00f3n y se le vio con l\u00e1grimas en los ojos durante el entierro de su amigo, un publicitario que muri\u00f3 junto a su hijo de 16 a\u00f1os a manos de los golpistas.<\/p>\n<p>\u00abVamos a eliminar el &#8216;virus&#8217; de todas las instituciones del Estado\u00bb, dijo Erdogan. Poco antes su ministro de Justicia, Bekir Bozdag, asegur\u00f3 que \u00abcontin\u00faa la gran limpieza\u00bb y confirm\u00f3 que hay unos 6.000 detenidos.<\/p>\n<p>Entre ellos, el edec\u00e1n del presidente Erdogan, arrestado este domingo, seg\u00fan la agencia progubernamental Anadolu. Se trata del coronel Ali Yazici, asistente militar de Erdogan desde el 12 de agosto de 2015 y que es objeto de una demanda por parte de la fiscal\u00eda de Ankara, indic\u00f3 la agencia.<\/p>\n<p>El s\u00e1bado, el Gobierno ya hab\u00eda anunciado el arresto de cerca de 3.000 soldados por su presunta participaci\u00f3n en el intento de golpe lanzado el viernes por la noche. Tras varias horas de violencia, que dejaron al menos 265 muertos en Ankara y Estambul, la intentona fue frustrada por los partidarios de Erdogan.<\/p>\n<p>El ministro de Exteriores turco, Omer Celik, pidi\u00f3 a sus compatriotas que sigan como en las \u00faltimas horas movilizados a favor del Gobierno en las calles del pa\u00eds para consolidar esta \u00abvictoria de la democracia\u00bb.<\/p>\n<\/p>\n<p>AFP \/ Aris Messinis<\/p>\n<p>Recep Tayyip Erdogan se lleva la mano al pecho mientras abandona el funeral de v\u00edctimas del intento de golpe de Estado, este domingo 17 de julio en Estambul<\/p>\n<p>\u00abLos mensajes que dicen &#8216;Pod\u00e9is volver a vuestras casas&#8217; enviados a vuestros tel\u00e9fonos son de la junta (militar). Estamos en las calles. La vigilancia de la democracia contin\u00faa\u00bb, dijo el ministro en Twitter.<\/p>\n<p>Cerca de 85.000 mezquitas del pa\u00eds ten\u00edan previsto una plegaria durante la jornada por los \u00abm\u00e1rtires\u00bb del golpe de Estado abortado.<\/p>\n<p>El s\u00e1bado, miles de turcos salieron a las calles de Estambul, Ankara o Esmirna para celebrar el fracaso del alzamiento en medio de un mar de banderas y del sonido de los cl\u00e1xones de los coches.<\/p>\n<p>El peri\u00f3dico progubernamental Sabah hablaba este domingo de \u00abepopeya democr\u00e1tica\u00bb, mientras que el diario Habert\u00fcrk se congratulaba por \u00abuna sola voz contra el golpe de Estado\u00bb.<\/p>\n<p>En una muestra de unidad excepcional en Turqu\u00eda, los cuatro partidos representados en el Parlamento firmaron el s\u00e1bado una declaraci\u00f3n com\u00fan contra el golpe y cantaron el himno nacional, mientras empresarios y sindicatos tambi\u00e9n lo condenaron.<\/p>\n<p>Por su parte el peri\u00f3dico de oposici\u00f3n Cumhuriyet lament\u00f3 las agresiones cometidas durante la madrugada del s\u00e1bado y denunci\u00f3 casos de linchamiento. \u00abTurqu\u00eda ha sufrido un golpe\u00bb, titulaba el peri\u00f3dico junto a una foto de un hombre azotando con su cintur\u00f3n a un soldado golpista en el puente sobre el B\u00f3sforo, en Estambul.<\/p>\n<p>&#8211; Ola de arrestos &#8211;<\/p>\n<\/p>\n<p>AFP \/ Gurcan Ozturk<\/p>\n<p>Recep Tayyip Erdogan se dirige a una muchedumbre congregada cerca de su casa, el s\u00e1bado 16 de julio en Estambul, tras el intento de golpe de Estado<\/p>\n<p>Tras la advertencia del gobierno de que los golpistas \u00ablo pagar\u00edan caro\u00bb, cerca de 3.000 soldados, decenas de generales, jueces y fiscales han sido arrestados en las \u00faltimas horas, seg\u00fan la prensa.<\/p>\n<p>Aunque es dif\u00edcil evaluar su n\u00famero total, la ola de detenciones que comenz\u00f3 poco despu\u00e9s de haberse frustrado el golpe, preocupa a los pa\u00edses extranjeros, y el presidente estadounidenses Barack Obama record\u00f3 la \u00abnecesidad vital\u00bb de que las partes implicadas act\u00faen \u00aben el marco del estado de derecho\u00bb.<\/p>\n<p>El presidente ruso, Vladimir Putin, tambi\u00e9n se mostr\u00f3 solidario con Erdogan a pesar de la crisis diplom\u00e1tica ante ambos pa\u00edses y pidi\u00f3 un \u00abr\u00e1pido retorno\u00bb al orden constitucional y a la estabilidad.<\/p>\n<p>Por su parte, el ministro de Exteriores franc\u00e9s, Jean-Marc Ayrault, afirm\u00f3 que el fallido golpe no es un \u00abcheque en blanco\u00bb para que Erdogan haga \u00abpurgas\u00bb en el aparato del Estado. \u00abQueremos que el Estado de derecho funcione plenamente en Turqu\u00eda\u00bb, declar\u00f3 Ayrault a la televisi\u00f3n p\u00fablica francesa.<\/p>\n<p>Seg\u00fan la cadena NTV, han sido arrestados 34 generales de distintos grados, entre ellos figuras emblem\u00e1ticas del ej\u00e9rcito como Erdal Ozturk, el comandante del Tercer Ej\u00e9rcito del pa\u00eds, y Adem Huduti, comandante del Segundo.<\/p>\n<p>Entre los detenidos figuran tambi\u00e9n el comandante de guarnici\u00f3n Ozhan Ozbakir y el jefe de la base a\u00e9rea de Incirlik (sur), utilizada por la coalici\u00f3n internacional para lanzar ataques contra los yihadistas en Siria, Bekir Ercan Van, seg\u00fan la prensa local.<\/p>\n<p>Un responsable turco explic\u00f3 a la AFP que el Gobierno sospecha que esta base, que permanece cerrada, sirvi\u00f3 par abastecer a los aviones de caza utilizados por los golpistas.<\/p>\n<p>La ola de detenciones no se limita al ej\u00e9rcito, y seg\u00fan la agencia Anadolu se han emitido \u00f3rdenes de detenci\u00f3n contra 2.745 jueces y fiscales en todo el pa\u00eds. M\u00e1s de 500 ya han sido detenidos, seg\u00fan la televisi\u00f3n NTV.<\/p>\n<p>La investigaci\u00f3n sobre el intento de golpe est\u00e1 ahora en manos de la fiscal\u00eda de Ankara. El Gobierno cree que muchos de los detenidos podr\u00edan estar relacionados con el im\u00e1n Fethullah G\u00fclen, exiliado en EEUU y acusado por Erdogan de orquestar la intentona, algo que \u00e9l niega.<\/p>\n<p>El presidente turco pidi\u00f3 a Washington que lo extradite y su ministro de Trabajo, Suleyman Soylu, fue todav\u00eda m\u00e1s lejos en sus acusaciones, asegurando que \u00abdetr\u00e1s del golpe est\u00e1 EEUU\u00bb.<\/p>\n<p>ANTERIOR\tRETORNAR<\/p>\n<h6> 2016-07-17 12:33:19 <\/h6>\n<p><!--\n<link rel=\"stylesheet\" href=\"css\/bootstrap.min.css\">\n\n\n<ul class=\"pagination\">\n\t    \n\t\n\n<li >\n\t<a href='?page_no=18993'>Previous<\/a>\n\t<\/li>\n\n\n       \n    \n\n<li><a href='?page_no=1'>1<\/a><\/li>\n\n\n\n<li><a href='?page_no=2'>2<\/a><\/li>\n\n\n\n<li><a>...<\/a><\/li>\n\n\n\n<li><a href='?page_no=18992'>18992<\/a><\/li>\n\n\n\n<li><a href='?page_no=18993'>18993<\/a><\/li>\n\n\n\n<li class='active'><a>18994<\/a><\/li>\n\n\n\n<li><a href='?page_no=18995'>18995<\/a><\/li>\n\n\n\n<li><a href='?page_no=18996'>18996<\/a><\/li>\n\n\n\n<li><a>...<\/a><\/li>\n\n\n\n<li><a href='?page_no=51012'>51012<\/a><\/li>\n\n\n\n<li><a href='?page_no=51013'>51013<\/a><\/li>\n\n    \n\t\n\n<li >\n\t<a href='?page_no=18995'>Next<\/a>\n\t<\/li>\n\n\n    \n\n<li><a href='?page_no=51013'>Last &rsaquo;&rsaquo;<\/a><\/li>\n\n<\/ul>\n\n\n--><br \/>\n<\/body><\/p>\n","protected":false},"excerpt":{"rendered":"<p>17 Jul 2016 AFP \/ Aris Messinis Recep Tayyip Erdogan (centro) asiste al funeral de una v\u00edctima del fallido golpe de Estado, este domingo 17 de julio en Estambul Las autoridades de Turqu\u00eda segu\u00edan arrestando este domingo a militares, jueces y fiscales acusados de haber apoyado el golpe de Estado fallido contra el Gobierno del [&hellip;]<\/p>\n","protected":false},"author":3,"featured_media":0,"comment_status":"open","ping_status":"open","sticky":false,"template":"","format":"standard","meta":{"footnotes":""},"categories":[23],"tags":[],"class_list":["post-249349","post","type-post","status-publish","format-standard","hentry","category-internacional"],"_links":{"self":[{"href":"https:\/\/diariodominicano.com\/index.php?rest_route=\/wp\/v2\/posts\/249349","targetHints":{"allow":["GET"]}}],"collection":[{"href":"https:\/\/diariodominicano.com\/index.php?rest_route=\/wp\/v2\/posts"}],"about":[{"href":"https:\/\/diariodominicano.com\/index.php?rest_route=\/wp\/v2\/types\/post"}],"author":[{"embeddable":true,"href":"https:\/\/diariodominicano.com\/index.php?rest_route=\/wp\/v2\/users\/3"}],"replies":[{"embeddable":true,"href":"https:\/\/diariodominicano.com\/index.php?rest_route=%2Fwp%2Fv2%2Fcomments&post=249349"}],"version-history":[{"count":0,"href":"https:\/\/diariodominicano.com\/index.php?rest_route=\/wp\/v2\/posts\/249349\/revisions"}],"wp:attachment":[{"href":"https:\/\/diariodominicano.com\/index.php?rest_route=%2Fwp%2Fv2%2Fmedia&parent=249349"}],"wp:term":[{"taxonomy":"category","embeddable":true,"href":"https:\/\/diariodominicano.com\/index.php?rest_route=%2Fwp%2Fv2%2Fcategories&post=249349"},{"taxonomy":"post_tag","embeddable":true,"href":"https:\/\/diariodominicano.com\/index.php?rest_route=%2Fwp%2Fv2%2Ftags&post=249349"}],"curies":[{"name":"wp","href":"https:\/\/api.w.org\/{rel}","templated":true}]}}