{"id":249347,"date":"2016-07-17T12:46:33","date_gmt":"2016-07-17T12:46:33","guid":{"rendered":"http:\/\/diariodominicano.ddns.net\/?p=249347"},"modified":"2016-07-17T12:46:33","modified_gmt":"2016-07-17T12:46:33","slug":"la-coalicion-reanuda-sus-operaciones-contra-el-ei-desde-turquia","status":"publish","type":"post","link":"https:\/\/diariodominicano.com\/?p=249347","title":{"rendered":"La coalici\u00f3n reanuda sus operaciones contra el EI desde Turqu\u00eda"},"content":{"rendered":"<p><body><\/p>\n<p><img decoding=\"async\" src=\"img3\/47ef0e85b8f3384490aa6485e4dff967090412e7.jpg\" \/>  <\/p>\n<\/p>\n<p>17 Jul 2016<\/p>\n<\/p>\n<p>US Air Force\/AFP\/Archivos \/ Michael Battles<\/p>\n<p><strong>Un caza militar estadounidense F-16, tras aterrizar en la base a\u00e9rea de Incirlik (sur de Turqu\u00eda) el pasado 9 de agosto, para participar en los ataques contra el grupo Estado Isl\u00e1mico, en una imagen divulgada por la Fuerza A\u00e9rea de EEUU<\/strong><\/p>\n<p>La coalici\u00f3n contra el Estado Isl\u00e1mico reanud\u00f3 sus operaciones a\u00e9reas contra el grupo yihadista desde Turqu\u00eda, suspendidas despu\u00e9s de la intentona golpista, inform\u00f3 este domingo el Pent\u00e1gono.<\/p>\n<p>\u00abLas operaciones de la coalici\u00f3n contra el grupo Estado Isl\u00e1mico fueron retomadas desde todas las bases en Turqu\u00eda\u00bb despu\u00e9s de la reapertura del espacio a\u00e9reo turco a los aviones militares, declar\u00f3 el portavoz del Pent\u00e1gono, Peter Cook, en un comunicado.<\/p>\n<p>Turqu\u00eda juega un papel clave en las operaciones de la coalici\u00f3n contra el EI. Despu\u00e9s de haber vacilado por largo tiempo, Ankara autoriz\u00f3 en julio de 2015 la utilizaci\u00f3n por parte de la coalici\u00f3n de la base a\u00e9rea de Incirlik, en el sur del pa\u00eds, para lanzar los ataques a\u00e9reos en Siria e Irak.<\/p>\n<p>Las fuerzas estadounidenses mantienen en esa base drones, aviones de guerra electr\u00f3nicos Prowler y aviones de ataque a tierra A-10. Las operaciones a\u00e9reas fueron suspendidas por el cierre del espacio a\u00e9reo de Turqu\u00eda tras el fallido intento de golpe lanzado el viernes en la noche.<\/p>\n<p>Un responsable turco indic\u00f3 a la AFP que Ankara sospechaba que la base de Incirlik fue utilizada para el reabastecimiento de aviones de combate usados por los golpistas. Un general de la Fuerza A\u00e9rea turca, Bekir Ercan Van, y una docena de oficiales han sido arrestados por las autoridades turcas en la base, inform\u00f3 este domingo el diario H\u00fcrriyet.<\/p>\n<p>Seg\u00fan el Pent\u00e1gono, la base a\u00e9rea continuaba privada de energ\u00eda el\u00e9ctrica este domingo, pero las operaciones a\u00e9reas pod\u00edan continuar con los generadores de emergencia.<\/p>\n<p>\u00abLas instalaciones estadounidenses utilizan siempre fuentes el\u00e9ctricas internas, pero esperamos recuperar r\u00e1pidamente\u00bb el acceso al suministro el\u00e9ctrico comercial, dijo el portavoz del Pent\u00e1gono. \u00abLas operaciones de la base no han sido afectadas\u00bb, agreg\u00f3.<\/p>\n<p>EEUU cuenta con unos 2.200 militares y personal civil de defensa en Turqu\u00eda, pa\u00eds miembro de la OTAN y aliado crucial en la regi\u00f3n. Casi 1.500 permanecen en Incirlik.<\/p>\n<h6> 2016-07-17 12:46:33 <\/h6>\n<p><!--\n<link rel=\"stylesheet\" href=\"css\/bootstrap.min.css\">\n\n\n<ul class=\"pagination\">\n\t    \n\t\n\n<li >\n\t<a href='?page_no=18991'>Previous<\/a>\n\t<\/li>\n\n\n       \n    \n\n<li><a href='?page_no=1'>1<\/a><\/li>\n\n\n\n<li><a href='?page_no=2'>2<\/a><\/li>\n\n\n\n<li><a>...<\/a><\/li>\n\n\n\n<li><a href='?page_no=18990'>18990<\/a><\/li>\n\n\n\n<li><a href='?page_no=18991'>18991<\/a><\/li>\n\n\n\n<li class='active'><a>18992<\/a><\/li>\n\n\n\n<li><a href='?page_no=18993'>18993<\/a><\/li>\n\n\n\n<li><a href='?page_no=18994'>18994<\/a><\/li>\n\n\n\n<li><a>...<\/a><\/li>\n\n\n\n<li><a href='?page_no=51012'>51012<\/a><\/li>\n\n\n\n<li><a href='?page_no=51013'>51013<\/a><\/li>\n\n    \n\t\n\n<li >\n\t<a href='?page_no=18993'>Next<\/a>\n\t<\/li>\n\n\n    \n\n<li><a href='?page_no=51013'>Last &rsaquo;&rsaquo;<\/a><\/li>\n\n<\/ul>\n\n\n--><br \/>\n<\/body><\/p>\n","protected":false},"excerpt":{"rendered":"<p>17 Jul 2016 US Air Force\/AFP\/Archivos \/ Michael Battles Un caza militar estadounidense F-16, tras aterrizar en la base a\u00e9rea de Incirlik (sur de Turqu\u00eda) el pasado 9 de agosto, para participar en los ataques contra el grupo Estado Isl\u00e1mico, en una imagen divulgada por la Fuerza A\u00e9rea de EEUU La coalici\u00f3n contra el Estado [&hellip;]<\/p>\n","protected":false},"author":3,"featured_media":0,"comment_status":"open","ping_status":"open","sticky":false,"template":"","format":"standard","meta":{"footnotes":""},"categories":[23],"tags":[],"class_list":["post-249347","post","type-post","status-publish","format-standard","hentry","category-internacional"],"_links":{"self":[{"href":"https:\/\/diariodominicano.com\/index.php?rest_route=\/wp\/v2\/posts\/249347","targetHints":{"allow":["GET"]}}],"collection":[{"href":"https:\/\/diariodominicano.com\/index.php?rest_route=\/wp\/v2\/posts"}],"about":[{"href":"https:\/\/diariodominicano.com\/index.php?rest_route=\/wp\/v2\/types\/post"}],"author":[{"embeddable":true,"href":"https:\/\/diariodominicano.com\/index.php?rest_route=\/wp\/v2\/users\/3"}],"replies":[{"embeddable":true,"href":"https:\/\/diariodominicano.com\/index.php?rest_route=%2Fwp%2Fv2%2Fcomments&post=249347"}],"version-history":[{"count":0,"href":"https:\/\/diariodominicano.com\/index.php?rest_route=\/wp\/v2\/posts\/249347\/revisions"}],"wp:attachment":[{"href":"https:\/\/diariodominicano.com\/index.php?rest_route=%2Fwp%2Fv2%2Fmedia&parent=249347"}],"wp:term":[{"taxonomy":"category","embeddable":true,"href":"https:\/\/diariodominicano.com\/index.php?rest_route=%2Fwp%2Fv2%2Fcategories&post=249347"},{"taxonomy":"post_tag","embeddable":true,"href":"https:\/\/diariodominicano.com\/index.php?rest_route=%2Fwp%2Fv2%2Ftags&post=249347"}],"curies":[{"name":"wp","href":"https:\/\/api.w.org\/{rel}","templated":true}]}}