{"id":249345,"date":"2016-07-18T03:04:30","date_gmt":"2016-07-18T03:04:30","guid":{"rendered":"http:\/\/diariodominicano.ddns.net\/?p=249345"},"modified":"2016-07-18T03:04:30","modified_gmt":"2016-07-18T03:04:30","slug":"cazeneuve-dice-que-aun-no-se-ha-establecido-conexion-sobre-niza-con-redes-terroristas","status":"publish","type":"post","link":"https:\/\/diariodominicano.com\/?p=249345","title":{"rendered":"Cazeneuve dice que a\u00fan no se ha establecido conexi\u00f3n sobre Niza con \u00abredes terroristas\u00bb"},"content":{"rendered":"<p><body><\/p>\n<p><img decoding=\"async\" src=\"img3\/7e0db2ee9721aa0573ccef7c622e6a1697d4663d.jpg\" \/>  <\/p>\n<p>18 Jul 2016<\/p>\n<\/p>\n<p>AFP \/ Valery Hache<\/p>\n<p>Homenaje improvisado en el Paseo de los Ingleses de Niza el 17 de julio de 2016 para las 84 v\u00edctimas mortales del ataque que se produjo en el mismo lugar el D\u00eda de la Bastilla, 14 de julio, en el que un cami\u00f3n arroll\u00f3 a la multitud intencionadamente<\/p>\n<p>La conexi\u00f3n entre el autor del atentado de Niza, Mohamed Lahouaiej-Bouhlel, y las \u00abredes terroristas\u00bb, en particular el grupo yihadista Estado Isl\u00e1mico (EI), no ha sido establecida todav\u00eda, inform\u00f3 este lunes el ministro franc\u00e9s del Interior, Bernard Cazeneuve .<\/p>\n<p>Sin embargo, en declaraciones a la radio RTL, asegur\u00f3 que \u00abel &#8216;modus operandi&#8217; se inspira totalmente de los mensajes de D\u00e1esh\u00bb (grupo Estado Isl\u00e1mico), por lo que no se puede descartar una \u00abradicalizaci\u00f3n r\u00e1pida\u00bb de Lahouaiej-Bouhlel.<\/p>\n<p>Al volante de un cami\u00f3n de 19 toneladas este tunecino de 31 a\u00f1os arroll\u00f3 a centenares de personas que estaban viendo los fuegos artificiales del 14 de julio en el paseo mar\u00edtimo de Niza.<\/p>\n<h6> 2016-07-18 03:04:30 <\/h6>\n<p><!--\n<link rel=\"stylesheet\" href=\"css\/bootstrap.min.css\">\n\n\n<ul class=\"pagination\">\n\t    \n\t\n\n<li >\n\t<a href='?page_no=18989'>Previous<\/a>\n\t<\/li>\n\n\n       \n    \n\n<li><a href='?page_no=1'>1<\/a><\/li>\n\n\n\n<li><a href='?page_no=2'>2<\/a><\/li>\n\n\n\n<li><a>...<\/a><\/li>\n\n\n\n<li><a href='?page_no=18988'>18988<\/a><\/li>\n\n\n\n<li><a href='?page_no=18989'>18989<\/a><\/li>\n\n\n\n<li class='active'><a>18990<\/a><\/li>\n\n\n\n<li><a href='?page_no=18991'>18991<\/a><\/li>\n\n\n\n<li><a href='?page_no=18992'>18992<\/a><\/li>\n\n\n\n<li><a>...<\/a><\/li>\n\n\n\n<li><a href='?page_no=51012'>51012<\/a><\/li>\n\n\n\n<li><a href='?page_no=51013'>51013<\/a><\/li>\n\n    \n\t\n\n<li >\n\t<a href='?page_no=18991'>Next<\/a>\n\t<\/li>\n\n\n    \n\n<li><a href='?page_no=51013'>Last &rsaquo;&rsaquo;<\/a><\/li>\n\n<\/ul>\n\n\n--><br \/>\n<\/body><\/p>\n","protected":false},"excerpt":{"rendered":"<p>18 Jul 2016 AFP \/ Valery Hache Homenaje improvisado en el Paseo de los Ingleses de Niza el 17 de julio de 2016 para las 84 v\u00edctimas mortales del ataque que se produjo en el mismo lugar el D\u00eda de la Bastilla, 14 de julio, en el que un cami\u00f3n arroll\u00f3 a la multitud intencionadamente [&hellip;]<\/p>\n","protected":false},"author":3,"featured_media":0,"comment_status":"open","ping_status":"open","sticky":false,"template":"","format":"standard","meta":{"footnotes":""},"categories":[23],"tags":[],"class_list":["post-249345","post","type-post","status-publish","format-standard","hentry","category-internacional"],"_links":{"self":[{"href":"https:\/\/diariodominicano.com\/index.php?rest_route=\/wp\/v2\/posts\/249345","targetHints":{"allow":["GET"]}}],"collection":[{"href":"https:\/\/diariodominicano.com\/index.php?rest_route=\/wp\/v2\/posts"}],"about":[{"href":"https:\/\/diariodominicano.com\/index.php?rest_route=\/wp\/v2\/types\/post"}],"author":[{"embeddable":true,"href":"https:\/\/diariodominicano.com\/index.php?rest_route=\/wp\/v2\/users\/3"}],"replies":[{"embeddable":true,"href":"https:\/\/diariodominicano.com\/index.php?rest_route=%2Fwp%2Fv2%2Fcomments&post=249345"}],"version-history":[{"count":0,"href":"https:\/\/diariodominicano.com\/index.php?rest_route=\/wp\/v2\/posts\/249345\/revisions"}],"wp:attachment":[{"href":"https:\/\/diariodominicano.com\/index.php?rest_route=%2Fwp%2Fv2%2Fmedia&parent=249345"}],"wp:term":[{"taxonomy":"category","embeddable":true,"href":"https:\/\/diariodominicano.com\/index.php?rest_route=%2Fwp%2Fv2%2Fcategories&post=249345"},{"taxonomy":"post_tag","embeddable":true,"href":"https:\/\/diariodominicano.com\/index.php?rest_route=%2Fwp%2Fv2%2Ftags&post=249345"}],"curies":[{"name":"wp","href":"https:\/\/api.w.org\/{rel}","templated":true}]}}