{"id":249344,"date":"2016-07-18T08:11:01","date_gmt":"2016-07-18T08:11:01","guid":{"rendered":"http:\/\/diariodominicano.ddns.net\/?p=249344"},"modified":"2016-07-18T08:11:01","modified_gmt":"2016-07-18T08:11:01","slug":"franceses-rinden-homenaje-a-victimas-de-atentado-en-niza","status":"publish","type":"post","link":"https:\/\/diariodominicano.com\/?p=249344","title":{"rendered":"Franceses rinden homenaje a v\u00edctimas de atentado en Niza"},"content":{"rendered":"<p><body><\/p>\n<p><img decoding=\"async\" src=\"img3\/francia-niza.jpg\" \/>  <\/p>\n<p><span class=\"text1noticias\">Par\u00eds, 18 jul(PL) Miles de franceses rindieron hoy homenaje a las 84 v\u00edctimas mortales del atentado en Niza, al cumplir juntos un minuto de silencio a las 12:00 hora local en diversos puntos de la geograf\u00eda nacional.<\/span><\/p>\n<p><span class=\"text1noticias\"> <\/span><\/p>\n<p><span class=\"text1noticias\">Una multitud de personas colm\u00f3 el Paseo de los ingleses, sitio de la urbe costera donde el jueves \u00faltimo ocurri\u00f3 el ataque que dej\u00f3 adem\u00e1s unos 300 heridos.<\/span><\/p>\n<p><span class=\"text1noticias\"> <\/span><\/p>\n<p><span class=\"text1noticias\">Varios de los ciudadanos congregados abuchearon al primer ministro galo, Manuel Valls, presente en la ceremonia, en medio de un clima nacional de recelo respecto a la capacidad del Gobierno de enfrentar el terrorismo.<\/span><\/p>\n<p><span class=\"text1noticias\"> <\/span><\/p>\n<p><span class=\"text1noticias\">Un sondeo del instituto Ifop publicado en el diario Le Figaro mostr\u00f3 que el 67 por ciento de los franceses desconf\u00eda de las autoridades para actuar ante la amenaza extremista.<\/span><\/p>\n<p><span class=\"text1noticias\"> <\/span><\/p>\n<p><span class=\"text1noticias\">Por su parte, el presidente Fran\u00e7ois Hollande particip\u00f3 en el minuto de silencio en un acto realizado en el Ministerio del Interior, acompa\u00f1ado del titular de esa cartera, Bernard Cazeneuve.<\/span><\/p>\n<p><span class=\"text1noticias\"> <\/span><\/p>\n<p><span class=\"text1noticias\">El jueves 14 de julio un hombre arremeti\u00f3 con un cami\u00f3n contra una multitud congregada en el Paseo de los ingleses, durante la tradicional celebraci\u00f3n del aniversario de la toma de la Bastilla.<\/span><\/p>\n<p><span class=\"text1noticias\"> <\/span><\/p>\n<p><span class=\"text1noticias\">Identificado como Mohamed Lahouaiej Bouhlel, un tunecino de 31 a\u00f1os, el atacante provoc\u00f3 la muerte de 74 adultos y 10 ni\u00f1os.<\/span><\/p>\n<p><span class=\"text1noticias\"> <\/span><\/p>\n<p><span class=\"text1noticias\">Aunque el autodenominado Estado Isl\u00e1mico reivindic\u00f3 el atentado y se\u00f1al\u00f3 que el tunecino era uno de sus soldados, por ahora no hay indicios que prueben una relaci\u00f3n del individuo con esa u otras organizaciones terroristas, seg\u00fan fuentes ofi<\/span>ciales.<\/p>\n<h6> 2016-07-18 08:11:01 <\/h6>\n<p><!--\n<link rel=\"stylesheet\" href=\"css\/bootstrap.min.css\">\n\n\n<ul class=\"pagination\">\n\t    \n\t\n\n<li >\n\t<a href='?page_no=18988'>Previous<\/a>\n\t<\/li>\n\n\n       \n    \n\n<li><a href='?page_no=1'>1<\/a><\/li>\n\n\n\n<li><a href='?page_no=2'>2<\/a><\/li>\n\n\n\n<li><a>...<\/a><\/li>\n\n\n\n<li><a href='?page_no=18987'>18987<\/a><\/li>\n\n\n\n<li><a href='?page_no=18988'>18988<\/a><\/li>\n\n\n\n<li class='active'><a>18989<\/a><\/li>\n\n\n\n<li><a href='?page_no=18990'>18990<\/a><\/li>\n\n\n\n<li><a href='?page_no=18991'>18991<\/a><\/li>\n\n\n\n<li><a>...<\/a><\/li>\n\n\n\n<li><a href='?page_no=51012'>51012<\/a><\/li>\n\n\n\n<li><a href='?page_no=51013'>51013<\/a><\/li>\n\n    \n\t\n\n<li >\n\t<a href='?page_no=18990'>Next<\/a>\n\t<\/li>\n\n\n    \n\n<li><a href='?page_no=51013'>Last &rsaquo;&rsaquo;<\/a><\/li>\n\n<\/ul>\n\n\n--><br \/>\n<\/body><\/p>\n","protected":false},"excerpt":{"rendered":"<p>Par\u00eds, 18 jul(PL) Miles de franceses rindieron hoy homenaje a las 84 v\u00edctimas mortales del atentado en Niza, al cumplir juntos un minuto de silencio a las 12:00 hora local en diversos puntos de la geograf\u00eda nacional. Una multitud de personas colm\u00f3 el Paseo de los ingleses, sitio de la urbe costera donde el jueves [&hellip;]<\/p>\n","protected":false},"author":3,"featured_media":0,"comment_status":"open","ping_status":"open","sticky":false,"template":"","format":"standard","meta":{"footnotes":""},"categories":[23],"tags":[],"class_list":["post-249344","post","type-post","status-publish","format-standard","hentry","category-internacional"],"_links":{"self":[{"href":"https:\/\/diariodominicano.com\/index.php?rest_route=\/wp\/v2\/posts\/249344","targetHints":{"allow":["GET"]}}],"collection":[{"href":"https:\/\/diariodominicano.com\/index.php?rest_route=\/wp\/v2\/posts"}],"about":[{"href":"https:\/\/diariodominicano.com\/index.php?rest_route=\/wp\/v2\/types\/post"}],"author":[{"embeddable":true,"href":"https:\/\/diariodominicano.com\/index.php?rest_route=\/wp\/v2\/users\/3"}],"replies":[{"embeddable":true,"href":"https:\/\/diariodominicano.com\/index.php?rest_route=%2Fwp%2Fv2%2Fcomments&post=249344"}],"version-history":[{"count":0,"href":"https:\/\/diariodominicano.com\/index.php?rest_route=\/wp\/v2\/posts\/249344\/revisions"}],"wp:attachment":[{"href":"https:\/\/diariodominicano.com\/index.php?rest_route=%2Fwp%2Fv2%2Fmedia&parent=249344"}],"wp:term":[{"taxonomy":"category","embeddable":true,"href":"https:\/\/diariodominicano.com\/index.php?rest_route=%2Fwp%2Fv2%2Fcategories&post=249344"},{"taxonomy":"post_tag","embeddable":true,"href":"https:\/\/diariodominicano.com\/index.php?rest_route=%2Fwp%2Fv2%2Ftags&post=249344"}],"curies":[{"name":"wp","href":"https:\/\/api.w.org\/{rel}","templated":true}]}}