{"id":249343,"date":"2016-07-18T08:28:13","date_gmt":"2016-07-18T08:28:13","guid":{"rendered":"http:\/\/diariodominicano.ddns.net\/?p=249343"},"modified":"2016-07-18T08:28:13","modified_gmt":"2016-07-18T08:28:13","slug":"maestros-panamenos-analizan-huelga-y-gobierno-llama-a-nuevo-dialogo","status":"publish","type":"post","link":"https:\/\/diariodominicano.com\/?p=249343","title":{"rendered":"Maestros paname\u00f1os analizan huelga y Gobierno llama a nuevo di\u00e1logo"},"content":{"rendered":"<p><body><\/p>\n<p><span class=\"text1noticias\">Por Osvaldo Rodriguez Martinez<\/span><\/p>\n<p><span class=\"text1noticias\"> <\/span><\/p>\n<p><span class=\"text1noticias\">Panam\u00e1, 18 jul (PL) Los maestros de la ense\u00f1anza p\u00fablica paname\u00f1a se ausentar\u00e1n hoy de las aulas porque analizar\u00e1n en asamblea una posible huelga general por desacuerdos con propuestas oficiales, mientras el Gobierno llam\u00f3 a continuar el di\u00e1logo.<\/span><\/p>\n<p><span class=\"text1noticias\"> <\/span><\/p>\n<p><span class=\"text1noticias\">\u00abNunca podemos negarnos al di\u00e1logo, pero la propuesta que ellos est\u00e1n haciendo debemos consultarla con todos los gremios que estamos en esta lucha\u00bb, dijo a Prensa Latina el coordinador de la Uni\u00f3n Nacional de Educadores de Panam\u00e1 (UNEP), Di\u00f3genes S\u00e1nchez, al aceptar retornar a la mesa de conversaciones.<\/span><\/p>\n<p><span class=\"text1noticias\"> <\/span><\/p>\n<p><span class=\"text1noticias\">No obstante, advirti\u00f3 que \u00abnuestras acciones de fuerza se mantienen este lunes totalmente\u00bb y reiter\u00f3: \u00abeso nadie lo levanta\u00bb, no vamos a \u00abcejar en nuestras aspiraciones por una educaci\u00f3n p\u00fablica, gratuita, obligatoria y de calidad\u00bb, insisti\u00f3 al tiempo que mostr\u00f3 su desacuerdo con las propuestas oficiales.<\/span><\/p>\n<p><span class=\"text1noticias\"> <\/span><\/p>\n<p><span class=\"text1noticias\">S\u00e1nchez confirm\u00f3 la ausencia de los docentes en las aulas este lunes, porque \u00abes un d\u00eda de batalla y de lucha, y los educadores no asistiremos a nuestros centros escolares\u00bb, sino -explic\u00f3- dedicar\u00e1n la jornada al an\u00e1lisis de las respuestas del Ejecutivo, y colectivamente decidiremos si vamos o no a la huelga general por 72 horas.<\/span><\/p>\n<p><span class=\"text1noticias\"> <\/span><\/p>\n<p><span class=\"text1noticias\">En reiterados llamados a trav\u00e9s de su cuenta en la red social Twitter, el presidente paname\u00f1o, Juan Carlos Varela, pidi\u00f3 a los educadores declinar el paro y \u00abatiendan a sus alumnos con la vocaci\u00f3n que conlleva su profesi\u00f3n\u00bb.<\/span><\/p>\n<p><span class=\"text1noticias\"> <\/span><\/p>\n<p><span class=\"text1noticias\">Demand\u00f3 a los dirigentes gremiales que \u00ablos estudiantes sean la prioridad, eviten afectarlos\u00bb. Por su parte, el Ministerio de Educaci\u00f3n (Meduca) record\u00f3 que este 18 de julio es un d\u00eda normal de clases en todo el pa\u00eds y exhort\u00f3 a los docentes a que acudan a sus puestos de trabajo y atiendan a los estudiantes.<\/span><\/p>\n<p><span class=\"text1noticias\"> <\/span><\/p>\n<p><span class=\"text1noticias\">Inst\u00f3 a los padres de familia a que env\u00eden los alumnos a sus respectivos centros escolares.<\/span><\/p>\n<p><span class=\"text1noticias\"> <\/span><\/p>\n<p><span class=\"text1noticias\">En un comunicado distribuido a la prensa en las primeras horas de anoche, la \u00abComisi\u00f3n de Alto Nivel para el fortalecimiento del di\u00e1logo con los gremios docentes convoc\u00f3 a la dirigencia este lunes para continuar las conversaciones iniciadas la semana pasada\u00bb.<\/span><\/p>\n<p><span class=\"text1noticias\"> <\/span><\/p>\n<p><span class=\"text1noticias\">El texto record\u00f3 palabras del ministro de la Presidencia \u00c1lvaro Alem\u00e1n, quien encabeza el grupo negociador gubernamental, cuando se\u00f1al\u00f3 que \u00abel Gobierno ha demostrado total apertura y compromiso hacia el di\u00e1logo por lo que a trav\u00e9s del Ministerio de Educaci\u00f3n se est\u00e1 convocando a la dirigencia a retomar las conversaciones\u00bb.<\/span><\/p>\n<p><span class=\"text1noticias\"> <\/span><\/p>\n<p><span class=\"text1noticias\">No obstante, el mensaje no ofreci\u00f3 nuevas opciones a los docentes, sino que reiter\u00f3 la tercera propuesta \u00aben la que se establece un ajuste salarial escalonado por los pr\u00f3ximos dos a\u00f1os\u00bb, efectivos el 1 de julio de 2017 e igual fecha de 2018.<\/span><\/p>\n<p><span class=\"text1noticias\"> <\/span><\/p>\n<p><span class=\"text1noticias\">\u00abLa situaci\u00f3n actual es reflejo de la profundizaci\u00f3n de la crisis que viene afrontando el Estado paname\u00f1o y de las contradicciones que se producen en el marco de las pol\u00edticas neoliberales que se han venido implementando post invasi\u00f3n en nuestro pa\u00eds\u00bb, expres\u00f3 el Partido del Pueblo en un comunicado de apoyo a la medida de los maestros.<\/span><\/p>\n<p><span class=\"text1noticias\"> <\/span><\/p>\n<p><span class=\"text1noticias\">Mientras la C\u00e1mara de Comercio, Industria y Agricultura mostr\u00f3 su desacuerdo y opin\u00f3 que \u00abmantener el llamado a paro mientras se llevaban negociaciones delicadas entre gremios docentes y autoridades, dista de las acciones que se necesitan para hacer los cambios profundos que el sistema educativ<\/span>o requiere\u00bb.<\/p>\n<h6> 2016-07-18 08:28:13 <\/h6>\n<p><!--\n<link rel=\"stylesheet\" href=\"css\/bootstrap.min.css\">\n\n\n<ul class=\"pagination\">\n\t    \n\t\n\n<li >\n\t<a href='?page_no=18987'>Previous<\/a>\n\t<\/li>\n\n\n       \n    \n\n<li><a href='?page_no=1'>1<\/a><\/li>\n\n\n\n<li><a href='?page_no=2'>2<\/a><\/li>\n\n\n\n<li><a>...<\/a><\/li>\n\n\n\n<li><a href='?page_no=18986'>18986<\/a><\/li>\n\n\n\n<li><a href='?page_no=18987'>18987<\/a><\/li>\n\n\n\n<li class='active'><a>18988<\/a><\/li>\n\n\n\n<li><a href='?page_no=18989'>18989<\/a><\/li>\n\n\n\n<li><a href='?page_no=18990'>18990<\/a><\/li>\n\n\n\n<li><a>...<\/a><\/li>\n\n\n\n<li><a href='?page_no=51012'>51012<\/a><\/li>\n\n\n\n<li><a href='?page_no=51013'>51013<\/a><\/li>\n\n    \n\t\n\n<li >\n\t<a href='?page_no=18989'>Next<\/a>\n\t<\/li>\n\n\n    \n\n<li><a href='?page_no=51013'>Last &rsaquo;&rsaquo;<\/a><\/li>\n\n<\/ul>\n\n\n--><br \/>\n<\/body><\/p>\n","protected":false},"excerpt":{"rendered":"<p>Por Osvaldo Rodriguez Martinez Panam\u00e1, 18 jul (PL) Los maestros de la ense\u00f1anza p\u00fablica paname\u00f1a se ausentar\u00e1n hoy de las aulas porque analizar\u00e1n en asamblea una posible huelga general por desacuerdos con propuestas oficiales, mientras el Gobierno llam\u00f3 a continuar el di\u00e1logo. \u00abNunca podemos negarnos al di\u00e1logo, pero la propuesta que ellos est\u00e1n haciendo debemos [&hellip;]<\/p>\n","protected":false},"author":3,"featured_media":0,"comment_status":"open","ping_status":"open","sticky":false,"template":"","format":"standard","meta":{"footnotes":""},"categories":[23],"tags":[],"class_list":["post-249343","post","type-post","status-publish","format-standard","hentry","category-internacional"],"_links":{"self":[{"href":"https:\/\/diariodominicano.com\/index.php?rest_route=\/wp\/v2\/posts\/249343","targetHints":{"allow":["GET"]}}],"collection":[{"href":"https:\/\/diariodominicano.com\/index.php?rest_route=\/wp\/v2\/posts"}],"about":[{"href":"https:\/\/diariodominicano.com\/index.php?rest_route=\/wp\/v2\/types\/post"}],"author":[{"embeddable":true,"href":"https:\/\/diariodominicano.com\/index.php?rest_route=\/wp\/v2\/users\/3"}],"replies":[{"embeddable":true,"href":"https:\/\/diariodominicano.com\/index.php?rest_route=%2Fwp%2Fv2%2Fcomments&post=249343"}],"version-history":[{"count":0,"href":"https:\/\/diariodominicano.com\/index.php?rest_route=\/wp\/v2\/posts\/249343\/revisions"}],"wp:attachment":[{"href":"https:\/\/diariodominicano.com\/index.php?rest_route=%2Fwp%2Fv2%2Fmedia&parent=249343"}],"wp:term":[{"taxonomy":"category","embeddable":true,"href":"https:\/\/diariodominicano.com\/index.php?rest_route=%2Fwp%2Fv2%2Fcategories&post=249343"},{"taxonomy":"post_tag","embeddable":true,"href":"https:\/\/diariodominicano.com\/index.php?rest_route=%2Fwp%2Fv2%2Ftags&post=249343"}],"curies":[{"name":"wp","href":"https:\/\/api.w.org\/{rel}","templated":true}]}}