{"id":249339,"date":"2016-07-18T09:15:55","date_gmt":"2016-07-18T09:15:55","guid":{"rendered":"http:\/\/diariodominicano.ddns.net\/?p=249339"},"modified":"2016-07-18T09:15:55","modified_gmt":"2016-07-18T09:15:55","slug":"eeuu-reanuda-ataques-aereos-contra-estado-islamico-ei","status":"publish","type":"post","link":"https:\/\/diariodominicano.com\/?p=249339","title":{"rendered":"EEUU reanuda ataques a\u00e9reos contra Estado Isl\u00e1mico (EI)"},"content":{"rendered":"<p><body><\/p>\n<p><span class=\"text1noticias\">    WASHINGTON, 17 jul (Xinhua) &#8212; Estados Unidos reanud\u00f3 el domingo las operaciones a\u00e9reas desde una base turca para lanzar ataques contra el Estado Isl\u00e1mico (EI) despu\u00e9s que Turqu\u00eda reabriera su espacio a\u00e9reo que hab\u00eda cerrado a consecuencia de un fallido golpe de Estado.<\/span><\/p>\n<p><span class=\"text1noticias\"> <\/span><\/p>\n<p><span class=\"text1noticias\">     En declaraciones a los periodistas a bordo de su avi\u00f3n despu\u00e9s de una visita a Afganist\u00e1n, Joseph Dunford, jefe del Estado Mayor Conjunto de EEUU, confirm\u00f3 la reapertura de la base a\u00e9rea de Incirlik, en el suroeste de Turqu\u00eda.<\/span><\/p>\n<p><span class=\"text1noticias\"> <\/span><\/p>\n<p><span class=\"text1noticias\">     \u00abHoy reanudamos las operaciones de vuelo, al estar abierto el espacio a\u00e9reo otra vez retomamos nuestras actividades como siempre\u00bb, dijo Dunford a los reporteros del Pent\u00e1gono, y agreg\u00f3 que no hay planes para cambiar la postura de las fuerzas estadounidenses en Turqu\u00eda.<\/span><\/p>\n<p><span class=\"text1noticias\"> <\/span><\/p>\n<p><span class=\"text1noticias\">     \u00abNuestras relaciones con Turqu\u00eda, un aliado de la OTAN, son amplias en los sectores pol\u00edtico y econ\u00f3mico, y tambi\u00e9n desde la perspectiva de seguridad\u00bb, se\u00f1al\u00f3.<\/span><\/p>\n<p><span class=\"text1noticias\"> <\/span><\/p>\n<p><span class=\"text1noticias\">     En t\u00e9rminos de urgencia, EEUU est\u00e1 m\u00e1s preocupado por la lucha contra el EI y su asociaci\u00f3n con Turqu\u00eda en esta lucha, subray\u00f3 Dunford.<\/span><\/p>\n<p><span class=\"text1noticias\"> <\/span><\/p>\n<p><span class=\"text1noticias\">     Turqu\u00eda cerr\u00f3 el espacio a\u00e9reo de la base a\u00e9rea de Incirlik y le cort\u00f3 el suministro de energ\u00eda despu\u00e9s del fallido golpe de Estado militar del viernes, en el que al menos murieron 290 personas, incluidos 190 civ<\/span>iles.<\/p>\n<h6> 2016-07-18 09:15:55 <\/h6>\n<p><!--\n<link rel=\"stylesheet\" href=\"css\/bootstrap.min.css\">\n\n\n<ul class=\"pagination\">\n\t    \n\t\n\n<li >\n\t<a href='?page_no=18983'>Previous<\/a>\n\t<\/li>\n\n\n       \n    \n\n<li><a href='?page_no=1'>1<\/a><\/li>\n\n\n\n<li><a href='?page_no=2'>2<\/a><\/li>\n\n\n\n<li><a>...<\/a><\/li>\n\n\n\n<li><a href='?page_no=18982'>18982<\/a><\/li>\n\n\n\n<li><a href='?page_no=18983'>18983<\/a><\/li>\n\n\n\n<li class='active'><a>18984<\/a><\/li>\n\n\n\n<li><a href='?page_no=18985'>18985<\/a><\/li>\n\n\n\n<li><a href='?page_no=18986'>18986<\/a><\/li>\n\n\n\n<li><a>...<\/a><\/li>\n\n\n\n<li><a href='?page_no=51012'>51012<\/a><\/li>\n\n\n\n<li><a href='?page_no=51013'>51013<\/a><\/li>\n\n    \n\t\n\n<li >\n\t<a href='?page_no=18985'>Next<\/a>\n\t<\/li>\n\n\n    \n\n<li><a href='?page_no=51013'>Last &rsaquo;&rsaquo;<\/a><\/li>\n\n<\/ul>\n\n\n--><br \/>\n<\/body><\/p>\n","protected":false},"excerpt":{"rendered":"<p>WASHINGTON, 17 jul (Xinhua) &#8212; Estados Unidos reanud\u00f3 el domingo las operaciones a\u00e9reas desde una base turca para lanzar ataques contra el Estado Isl\u00e1mico (EI) despu\u00e9s que Turqu\u00eda reabriera su espacio a\u00e9reo que hab\u00eda cerrado a consecuencia de un fallido golpe de Estado. En declaraciones a los periodistas a bordo de su avi\u00f3n despu\u00e9s de [&hellip;]<\/p>\n","protected":false},"author":3,"featured_media":0,"comment_status":"open","ping_status":"open","sticky":false,"template":"","format":"standard","meta":{"footnotes":""},"categories":[23],"tags":[],"class_list":["post-249339","post","type-post","status-publish","format-standard","hentry","category-internacional"],"_links":{"self":[{"href":"https:\/\/diariodominicano.com\/index.php?rest_route=\/wp\/v2\/posts\/249339","targetHints":{"allow":["GET"]}}],"collection":[{"href":"https:\/\/diariodominicano.com\/index.php?rest_route=\/wp\/v2\/posts"}],"about":[{"href":"https:\/\/diariodominicano.com\/index.php?rest_route=\/wp\/v2\/types\/post"}],"author":[{"embeddable":true,"href":"https:\/\/diariodominicano.com\/index.php?rest_route=\/wp\/v2\/users\/3"}],"replies":[{"embeddable":true,"href":"https:\/\/diariodominicano.com\/index.php?rest_route=%2Fwp%2Fv2%2Fcomments&post=249339"}],"version-history":[{"count":0,"href":"https:\/\/diariodominicano.com\/index.php?rest_route=\/wp\/v2\/posts\/249339\/revisions"}],"wp:attachment":[{"href":"https:\/\/diariodominicano.com\/index.php?rest_route=%2Fwp%2Fv2%2Fmedia&parent=249339"}],"wp:term":[{"taxonomy":"category","embeddable":true,"href":"https:\/\/diariodominicano.com\/index.php?rest_route=%2Fwp%2Fv2%2Fcategories&post=249339"},{"taxonomy":"post_tag","embeddable":true,"href":"https:\/\/diariodominicano.com\/index.php?rest_route=%2Fwp%2Fv2%2Ftags&post=249339"}],"curies":[{"name":"wp","href":"https:\/\/api.w.org\/{rel}","templated":true}]}}