{"id":249338,"date":"2016-07-18T10:57:00","date_gmt":"2016-07-18T10:57:00","guid":{"rendered":"http:\/\/diariodominicano.ddns.net\/?p=249338"},"modified":"2016-07-18T10:57:00","modified_gmt":"2016-07-18T10:57:00","slug":"may-y-merkel-se-reuniran-para-dialogar-sobre-brexit","status":"publish","type":"post","link":"https:\/\/diariodominicano.com\/?p=249338","title":{"rendered":"May y Merkel se reunir\u00e1n para dialogar sobre Brexit"},"content":{"rendered":"<p><body><\/p>\n<p><img decoding=\"async\" src=\"img3\/TeresaMay18-7.jpg\" \/>  <\/p>\n<p><span class=\"text1noticias\">Londres, 18 jul (PL) La primera ministra brit\u00e1nica, Theresa May, se reunir\u00e1 este mi\u00e9rcoles en Berl\u00edn con la canciller federal alemana, Angela Merkel, para debatir sobre la salida de Reino Unido de la Uni\u00f3n Europea (UE), el llamado Brexit.<\/span><\/p>\n<p><span class=\"text1noticias\"> <\/span><\/p>\n<p><span class=\"text1noticias\">Seg\u00fan anunciaron ambos gobiernos, el encuentro oficial tendr\u00e1 lugar en Berl\u00edn, donde adem\u00e1s de discutir las interioridades del Brexit tambi\u00e9n se dialogar\u00e1 sobre varios t\u00f3picos de inter\u00e9s com\u00fan.<\/span><\/p>\n<p><span class=\"text1noticias\"> <\/span><\/p>\n<p><span class=\"text1noticias\">Entre ellos cabe citar \u00ablos acontecimientos en Turqu\u00eda y la cuesti\u00f3n de los refugiados\u00bb, temas que acorde al portavoz del Gobierno alem\u00e1n, Steffen Seibert, \u00abestar\u00e1n en el centro de la discusi\u00f3n\u00bb de ambas mandatarias.<\/span><\/p>\n<p><span class=\"text1noticias\"> <\/span><\/p>\n<p><span class=\"text1noticias\">La cita con Merkel ser\u00e1 la primera visita de May al extranjero desde su nombramiento -el pasado 13 de julio- como primera ministra de Reino Unido, cargo otorgado tras la dimisi\u00f3n de David Cameron por la victoria del Brexit mediante el referendo popular del 23 de junio.<\/span><\/p>\n<p><span class=\"text1noticias\"> <\/span><\/p>\n<p><span class=\"text1noticias\">Posteriormente, May viajar\u00e1 a Francia el jueves, donde asistir\u00e1 a una recepci\u00f3n con el presidente galo, Fran\u00e7ois Hollande, con quien adem\u00e1s de tratar el divorcio diplom\u00e1tico entre Londres y la UE, tambi\u00e9n discutir\u00e1 aristas como la cooperaci\u00f3n antiterrorista entre ambas naciones.<\/span><\/p>\n<p><span class=\"text1noticias\"> <\/span><\/p>\n<p><span class=\"text1noticias\">\u00abObviamente, van a hablar de la realidad pol\u00edtica (&#8230;), pero ser\u00e1n las primeras reuniones como jefa de Gobierno, as\u00ed que no est\u00e1 previsto que entre en conversaciones detalladas\u00bb, indic\u00f3 una portavoz del Gobierno brit\u00e1nico.<\/span><\/p>\n<p><span class=\"text1noticias\"> <\/span><\/p>\n<p><span class=\"text1noticias\">El fen\u00f3meno del Brexit afecta desde su materializaci\u00f3n, el pasado mes, las esferas econ\u00f3micas, pol\u00edticas y sociales de pa\u00edses de gran parte del planeta y provoca seria incertidumbre sobre el futuro de la UE como instituci\u00f3n.<\/span><\/p>\n<p><span class=\"text1noticias\"> <\/span><\/p>\n<p><span class=\"text1noticias\">Debido a la precariedad del asunto, el bloque continental insiste en que May active de inmediato el art\u00edculo 50 del Tratado de la UE que promueve la retirada de manera formal, pero la flamante primera ministra pide \u00abtiempo\u00bb para iniciar el p<\/span>roceso.<\/p>\n<h6> 2016-07-18 10:57:00 <\/h6>\n<p><!--\n<link rel=\"stylesheet\" href=\"css\/bootstrap.min.css\">\n\n\n<ul class=\"pagination\">\n\t    \n\t\n\n<li >\n\t<a href='?page_no=18982'>Previous<\/a>\n\t<\/li>\n\n\n       \n    \n\n<li><a href='?page_no=1'>1<\/a><\/li>\n\n\n\n<li><a href='?page_no=2'>2<\/a><\/li>\n\n\n\n<li><a>...<\/a><\/li>\n\n\n\n<li><a href='?page_no=18981'>18981<\/a><\/li>\n\n\n\n<li><a href='?page_no=18982'>18982<\/a><\/li>\n\n\n\n<li class='active'><a>18983<\/a><\/li>\n\n\n\n<li><a href='?page_no=18984'>18984<\/a><\/li>\n\n\n\n<li><a href='?page_no=18985'>18985<\/a><\/li>\n\n\n\n<li><a>...<\/a><\/li>\n\n\n\n<li><a href='?page_no=51012'>51012<\/a><\/li>\n\n\n\n<li><a href='?page_no=51013'>51013<\/a><\/li>\n\n    \n\t\n\n<li >\n\t<a href='?page_no=18984'>Next<\/a>\n\t<\/li>\n\n\n    \n\n<li><a href='?page_no=51013'>Last &rsaquo;&rsaquo;<\/a><\/li>\n\n<\/ul>\n\n\n--><br \/>\n<\/body><\/p>\n","protected":false},"excerpt":{"rendered":"<p>Londres, 18 jul (PL) La primera ministra brit\u00e1nica, Theresa May, se reunir\u00e1 este mi\u00e9rcoles en Berl\u00edn con la canciller federal alemana, Angela Merkel, para debatir sobre la salida de Reino Unido de la Uni\u00f3n Europea (UE), el llamado Brexit. Seg\u00fan anunciaron ambos gobiernos, el encuentro oficial tendr\u00e1 lugar en Berl\u00edn, donde adem\u00e1s de discutir las [&hellip;]<\/p>\n","protected":false},"author":3,"featured_media":0,"comment_status":"open","ping_status":"open","sticky":false,"template":"","format":"standard","meta":{"footnotes":""},"categories":[23],"tags":[],"class_list":["post-249338","post","type-post","status-publish","format-standard","hentry","category-internacional"],"_links":{"self":[{"href":"https:\/\/diariodominicano.com\/index.php?rest_route=\/wp\/v2\/posts\/249338","targetHints":{"allow":["GET"]}}],"collection":[{"href":"https:\/\/diariodominicano.com\/index.php?rest_route=\/wp\/v2\/posts"}],"about":[{"href":"https:\/\/diariodominicano.com\/index.php?rest_route=\/wp\/v2\/types\/post"}],"author":[{"embeddable":true,"href":"https:\/\/diariodominicano.com\/index.php?rest_route=\/wp\/v2\/users\/3"}],"replies":[{"embeddable":true,"href":"https:\/\/diariodominicano.com\/index.php?rest_route=%2Fwp%2Fv2%2Fcomments&post=249338"}],"version-history":[{"count":0,"href":"https:\/\/diariodominicano.com\/index.php?rest_route=\/wp\/v2\/posts\/249338\/revisions"}],"wp:attachment":[{"href":"https:\/\/diariodominicano.com\/index.php?rest_route=%2Fwp%2Fv2%2Fmedia&parent=249338"}],"wp:term":[{"taxonomy":"category","embeddable":true,"href":"https:\/\/diariodominicano.com\/index.php?rest_route=%2Fwp%2Fv2%2Fcategories&post=249338"},{"taxonomy":"post_tag","embeddable":true,"href":"https:\/\/diariodominicano.com\/index.php?rest_route=%2Fwp%2Fv2%2Ftags&post=249338"}],"curies":[{"name":"wp","href":"https:\/\/api.w.org\/{rel}","templated":true}]}}