{"id":249337,"date":"2016-07-18T11:13:01","date_gmt":"2016-07-18T11:13:01","guid":{"rendered":"http:\/\/diariodominicano.ddns.net\/?p=249337"},"modified":"2016-07-18T11:13:01","modified_gmt":"2016-07-18T11:13:01","slug":"marruecos-pide-reingreso-a-union-africana","status":"publish","type":"post","link":"https:\/\/diariodominicano.com\/?p=249337","title":{"rendered":"Marruecos pide reingreso a Uni\u00f3n Africana"},"content":{"rendered":"<p><body><\/p>\n<p><img decoding=\"async\" src=\"img3\/rey_mohamed18-7.jpg\" \/>  <\/p>\n<p><span class=\"text1noticias\"> KIGALI, 18 jul (Xinhua) &#8212; El rey de Marruecos, Mohammed VI, anunci\u00f3 su deseo de regresar a la Uni\u00f3n Africana (UA), 32 a\u00f1os despu\u00e9s de abandonar la organizaci\u00f3n regional debido a la disputa sobre el \u00abSahara Occidental\u00bb.<\/span><\/p>\n<p><span class=\"text1noticias\"> <\/span><\/p>\n<p><span class=\"text1noticias\">     \u00abNuestros amigos nos han estado pidiendo durante mucho tiempo regresar con ellos para que Marruecos pueda ocupar su sitio natural en su familia institucional. Ese momento ha llegado\u00bb, dijo el rey en un mensaje emitido en la actual cumbre de la UA en Kigali, capital de Ruanda.<\/span><\/p>\n<p><span class=\"text1noticias\"> <\/span><\/p>\n<p><span class=\"text1noticias\">     Marruecos, pa\u00eds del norte de Africa, abandon\u00f3 la UA cuando el grupo se llamaba Organizaci\u00f3n para la Unidad Africana (OUA) en 1984, luego de que la instituci\u00f3n reconoci\u00f3 la independencia de \u00abSahara Occidental\u00bb que Marruecos consideraba como parte de su territorio.<\/span><\/p>\n<p><span class=\"text1noticias\"> <\/span><\/p>\n<p><span class=\"text1noticias\">     \u00abCuando sali\u00f3 de la OUA, Marruecos no dej\u00f3 Africa. En 1984, simplemente dej\u00f3 una instituci\u00f3n en  circunstancias muy especiales. Un proceso est\u00e1 en marcha, bajo los auspicios del Consejo de Seguridad de Naciones Unidas, para llegar a una soluci\u00f3n pol\u00edtica final para esta disputa regional\u00bb, indic\u00f3 el rey en una declaraci\u00f3n.<\/span><\/p>\n<p><span class=\"text1noticias\"> <\/span><\/p>\n<p><span class=\"text1noticias\">     El rey prometi\u00f3 que Marruecos contribuir\u00e1 a hacer de la UA una organizaci\u00f3n m\u00e1s robusta, a mantener los compromisos con Africa y fortalecer su participaci\u00f3n en asuntos africanos.<\/span><\/p>\n<p><span class=\"text1noticias\"> <\/span><\/p>\n<p><span class=\"text1noticias\">     Sobre este asunto, el vicepresidente de la Uni\u00f3n Africana, Erastus Mwencha, dijo que la readmisi\u00f3n requiere que el pa\u00eds presente una solicitud formal de reingreso y que los Estados miembros votar\u00e1n para decidir si el pa\u00eds puede vol<\/span>ver. <\/p>\n<h6> 2016-07-18 11:13:01 <\/h6>\n<p><!--\n<link rel=\"stylesheet\" href=\"css\/bootstrap.min.css\">\n\n\n<ul class=\"pagination\">\n\t    \n\t\n\n<li >\n\t<a href='?page_no=18981'>Previous<\/a>\n\t<\/li>\n\n\n       \n    \n\n<li><a href='?page_no=1'>1<\/a><\/li>\n\n\n\n<li><a href='?page_no=2'>2<\/a><\/li>\n\n\n\n<li><a>...<\/a><\/li>\n\n\n\n<li><a href='?page_no=18980'>18980<\/a><\/li>\n\n\n\n<li><a href='?page_no=18981'>18981<\/a><\/li>\n\n\n\n<li class='active'><a>18982<\/a><\/li>\n\n\n\n<li><a href='?page_no=18983'>18983<\/a><\/li>\n\n\n\n<li><a href='?page_no=18984'>18984<\/a><\/li>\n\n\n\n<li><a>...<\/a><\/li>\n\n\n\n<li><a href='?page_no=51012'>51012<\/a><\/li>\n\n\n\n<li><a href='?page_no=51013'>51013<\/a><\/li>\n\n    \n\t\n\n<li >\n\t<a href='?page_no=18983'>Next<\/a>\n\t<\/li>\n\n\n    \n\n<li><a href='?page_no=51013'>Last &rsaquo;&rsaquo;<\/a><\/li>\n\n<\/ul>\n\n\n--><br \/>\n<\/body><\/p>\n","protected":false},"excerpt":{"rendered":"<p>KIGALI, 18 jul (Xinhua) &#8212; El rey de Marruecos, Mohammed VI, anunci\u00f3 su deseo de regresar a la Uni\u00f3n Africana (UA), 32 a\u00f1os despu\u00e9s de abandonar la organizaci\u00f3n regional debido a la disputa sobre el \u00abSahara Occidental\u00bb. \u00abNuestros amigos nos han estado pidiendo durante mucho tiempo regresar con ellos para que Marruecos pueda ocupar su [&hellip;]<\/p>\n","protected":false},"author":3,"featured_media":0,"comment_status":"open","ping_status":"open","sticky":false,"template":"","format":"standard","meta":{"footnotes":""},"categories":[23],"tags":[],"class_list":["post-249337","post","type-post","status-publish","format-standard","hentry","category-internacional"],"_links":{"self":[{"href":"https:\/\/diariodominicano.com\/index.php?rest_route=\/wp\/v2\/posts\/249337","targetHints":{"allow":["GET"]}}],"collection":[{"href":"https:\/\/diariodominicano.com\/index.php?rest_route=\/wp\/v2\/posts"}],"about":[{"href":"https:\/\/diariodominicano.com\/index.php?rest_route=\/wp\/v2\/types\/post"}],"author":[{"embeddable":true,"href":"https:\/\/diariodominicano.com\/index.php?rest_route=\/wp\/v2\/users\/3"}],"replies":[{"embeddable":true,"href":"https:\/\/diariodominicano.com\/index.php?rest_route=%2Fwp%2Fv2%2Fcomments&post=249337"}],"version-history":[{"count":0,"href":"https:\/\/diariodominicano.com\/index.php?rest_route=\/wp\/v2\/posts\/249337\/revisions"}],"wp:attachment":[{"href":"https:\/\/diariodominicano.com\/index.php?rest_route=%2Fwp%2Fv2%2Fmedia&parent=249337"}],"wp:term":[{"taxonomy":"category","embeddable":true,"href":"https:\/\/diariodominicano.com\/index.php?rest_route=%2Fwp%2Fv2%2Fcategories&post=249337"},{"taxonomy":"post_tag","embeddable":true,"href":"https:\/\/diariodominicano.com\/index.php?rest_route=%2Fwp%2Fv2%2Ftags&post=249337"}],"curies":[{"name":"wp","href":"https:\/\/api.w.org\/{rel}","templated":true}]}}