{"id":249336,"date":"2016-07-18T11:21:56","date_gmt":"2016-07-18T11:21:56","guid":{"rendered":"http:\/\/diariodominicano.ddns.net\/?p=249336"},"modified":"2016-07-18T11:21:56","modified_gmt":"2016-07-18T11:21:56","slug":"francia-rinde-homenaje-a-las-victimas-del-atentado-de-niza-en-un-clima-politico-tenso","status":"publish","type":"post","link":"https:\/\/diariodominicano.com\/?p=249336","title":{"rendered":"Francia rinde homenaje a las v\u00edctimas del atentado de Niza en un clima pol\u00edtico tenso"},"content":{"rendered":"<p><body><\/p>\n<p><img decoding=\"async\" src=\"img3\/755d5af46d76d659b3940870d31ae6f940145420.jpg\" \/><br \/><img decoding=\"async\" src=\"img3\/04f353855105945cc4c21439897b65e37f6c6bce.jpg\" \/><br \/><img decoding=\"async\" src=\"img3\/936499ae99bfcac16fb25fdf9c280baa8a9da294.jpg\" \/>  <\/p>\n<\/p>\n<p><strong>AFP \/ Valery Hache<\/strong><\/p>\n<p><strong>(Izq-dcha): El alcalde de Niza, Philippe Pradal; el prefecto de Alpes-Mar\u00edtimos, Adolphe Colrat; el primer ministro franc\u00e9s, Manuel Valls, y el presidente de la regi\u00f3n Provenza-Alpes-Costa Azul, Christian Estrosi, en Niza el 18 de julio de 2016<\/strong><\/p>\n<p>Francia observ\u00f3 este lunes un minuto de silencio en homenaje a las 84 v\u00edctimas del atentado de Niza, donde miles de personas se congregaron y algunos abuchearon al primer ministro, Manuel Valls, signo del clima pol\u00edtico tenso que reina en el pa\u00eds.<\/p>\n<p>Una marea humana invadi\u00f3 antes del medio d\u00eda el Paseo de los Ingleses, donde el jueves pasado un tunecino de 31 a\u00f1os, al volante de un cami\u00f3n, sembr\u00f3 la muerte a lo largo de casi 2 kil\u00f3metros.<\/p>\n<p>Antes y despu\u00e9s del minuto de silencio, el primer ministro franc\u00e9s, Manuel Valls, que viaj\u00f3 hasta Niza para participar en el homenaje, fue abucheado por la multitud, entre la cual se escucharon llamamientos a que dimita.<\/p>\n<p>Este incidente es una muestra m\u00e1s del clima de tensi\u00f3n que reina en Francia, blanco de un tercer ataque de gran escala en 18 meses, con un saldo total de cerca de 250 muertos.<\/p>\n<p>El clima de unidad nacional que prevaleci\u00f3 tras los dos primeros ataques no resisti\u00f3 al atentado cometido en la Costa Azul.<\/p>\n<p>La oposici\u00f3n de derecha y de extrema derecha acusan al gobierno socialista de Fran\u00e7ois Hollande de no haber hecho lo necesario para evitar nuevos ataques.<\/p>\n<p>\u00abTodo lo que se deber\u00eda haber hecho desde hace 18 meses no se ha hecho\u00bb, dijo el domingo el l\u00edder de Los Republicanos (LR, derecha) y expresidente (2007-2012), Nicolas Sarkozy.<\/p>\n<\/p>\n<p>AFP \/ Valery Hache<\/p>\n<p>Miles de personas se re\u00fanen en el Paseo de los Ingleses de Niza el 18 de julio de 2016 para guardar un minuto de silencio de homenaje a las v\u00edctimas del ataque en dicho paseo, el D\u00eda de la Bastilla, donde fallecieron 84 personas<\/p>\n<p>&#8211; Rechazan la &#8216;pol\u00e9mica&#8217; &#8211;<\/p>\n<p>En respuesta, el jefe del Estado pidi\u00f3 que se respete \u00abla dignidad y verdad en la palabra p\u00fablica\u00bb y el ministro del Interior, Bernard Cazeneuve, rechaz\u00f3 las acusaciones de laxismo en la lucha antiterrorista.<\/p>\n<p>Seg\u00fan las autoridades, \u00ab100.000 polic\u00edas, gendarmes y militares est\u00e1n desplegados para asegurar la seguridad\u00bb en Francia.<\/p>\n<p>\u00abSeguiremos la lucha sin cuartel contra D\u00e1esh [acr\u00f3nimo en \u00e1rabe para el Estado Isl\u00e1mico] dentro y fuera\u00bb del pa\u00eds, reiter\u00f3 el ministro de Defensa tras un consejo de defensa en el El\u00edseo.<\/p>\n<p>Francia, miembro de la coalici\u00f3n internacional que lucha contra el EI, seguir\u00e1 sus ataques a\u00e9reos en Irak y Siria, agreg\u00f3 el ministro Jean-Yves Le Drian.<\/p>\n<p>Valls y Cazeneuve afirmaron adem\u00e1s, en un comunicado conjunto, que la acci\u00f3n del gobierno \u00abda resultados\u00bb y apuntaron que \u00ab16 atentados han sido evitados en Francia desde 2013\u00bb.<\/p>\n<p>&#8211; Minuciosamente planificado &#8211;<\/p>\n<\/p>\n<p>AFP \/ Sophie HUET-TRUPHEME, Kun TIAN<\/p>\n<p>Nuevos arrestos tras el atentado en Niza<\/p>\n<p>Cuatro d\u00edas despu\u00e9s de la masacre, no se ha podido establecer los v\u00ednculos entre el tunecino Mohamed Lahouaiej-Bouhlel, autor de la masacre del 14 de julio, y \u00ablas redes terroristas\u00bb, incluido el EI, dijo el ministro del Interior.<\/p>\n<p>Pese a ello, \u00abel modo operativo emplea totalmente las instrucciones de D\u00e1esh\u00bb, declar\u00f3 este lunes a la radio RTL.<\/p>\n<p>\u00abNo podemos excluir que un individuo desequilibrado y muy violento &#8211; dos caracter\u00edsticas que seg\u00fan testimonios defin\u00edan la personalidad del atacante &#8211; se haya visto inmerso, tras una radicalizaci\u00f3n r\u00e1pida, en este terrible crimen\u00bb, a\u00f1adi\u00f3.<\/p>\n<p>Este lunes, seis personas segu\u00edan bajo arresto, entre ellas un alban\u00e9s de 38 a\u00f1os sospechoso de haber proporcionado al atacante la pistola con la que le dispar\u00f3 a polic\u00edas antes de ser abatido.<\/p>\n<p>Tres de las personas interrogadas fueron transferidas a locales de los servicios de inteligencia cerca de Par\u00eds.<\/p>\n<p>Al menos una de las personas interrogadas habl\u00f3 a la polic\u00eda de un giro reciente del atacante hacia el \u00abislam radical\u00bb. Antes de esto, el atacante hab\u00eda mostrado poco inter\u00e9s en la religi\u00f3n.<\/p>\n<p>La polic\u00eda sigue investigando la posibilidad de que Lahouaiej-Bouhlel, que planific\u00f3 minuciosamente el ataque, tuviera c\u00f3mplices.<\/p>\n<p>Poco antes de lanzarse a toda velocidad contra los peatones, el tunecino envi\u00f3 un SMS a un conocido en el que se felicitaba de haber conseguido una pistola de calibre 7,65 y en el que ped\u00eda \u00abm\u00e1s armas\u00bb, seg\u00fan fuentes cercanas a la investigaci\u00f3n.<\/p>\n<p>M\u00e1s de 200 personas est\u00e1n trabajando para \u00abidentificar a todos los destinatarios\u00bb de los mensajes que envi\u00f3.<\/p>\n<p>Tambi\u00e9n se sabe que este hombre de 31, que trabajaba como transportista, se hizo una foto en el cami\u00f3n con el que cometi\u00f3 el ataque y luego la envi\u00f3 por SMS.<\/p>\n<p>Seg\u00fan una fuente cercana al caso, Lahouaiej-Bouhlel estuvo en el Paseo de los Ingleses con el cami\u00f3n, reconociendo el terreno, dos d\u00edas antes de pasar al acto.<\/p>\n<h6> 2016-07-18 11:21:56 <\/h6>\n<p><!--\n<link rel=\"stylesheet\" href=\"css\/bootstrap.min.css\">\n\n\n<ul class=\"pagination\">\n\t    \n\t\n\n<li >\n\t<a href='?page_no=18980'>Previous<\/a>\n\t<\/li>\n\n\n       \n    \n\n<li><a href='?page_no=1'>1<\/a><\/li>\n\n\n\n<li><a href='?page_no=2'>2<\/a><\/li>\n\n\n\n<li><a>...<\/a><\/li>\n\n\n\n<li><a href='?page_no=18979'>18979<\/a><\/li>\n\n\n\n<li><a href='?page_no=18980'>18980<\/a><\/li>\n\n\n\n<li class='active'><a>18981<\/a><\/li>\n\n\n\n<li><a href='?page_no=18982'>18982<\/a><\/li>\n\n\n\n<li><a href='?page_no=18983'>18983<\/a><\/li>\n\n\n\n<li><a>...<\/a><\/li>\n\n\n\n<li><a href='?page_no=51012'>51012<\/a><\/li>\n\n\n\n<li><a href='?page_no=51013'>51013<\/a><\/li>\n\n    \n\t\n\n<li >\n\t<a href='?page_no=18982'>Next<\/a>\n\t<\/li>\n\n\n    \n\n<li><a href='?page_no=51013'>Last &rsaquo;&rsaquo;<\/a><\/li>\n\n<\/ul>\n\n\n--><br \/>\n<\/body><\/p>\n","protected":false},"excerpt":{"rendered":"<p>AFP \/ Valery Hache (Izq-dcha): El alcalde de Niza, Philippe Pradal; el prefecto de Alpes-Mar\u00edtimos, Adolphe Colrat; el primer ministro franc\u00e9s, Manuel Valls, y el presidente de la regi\u00f3n Provenza-Alpes-Costa Azul, Christian Estrosi, en Niza el 18 de julio de 2016 Francia observ\u00f3 este lunes un minuto de silencio en homenaje a las 84 v\u00edctimas [&hellip;]<\/p>\n","protected":false},"author":3,"featured_media":0,"comment_status":"open","ping_status":"open","sticky":false,"template":"","format":"standard","meta":{"footnotes":""},"categories":[23],"tags":[],"class_list":["post-249336","post","type-post","status-publish","format-standard","hentry","category-internacional"],"_links":{"self":[{"href":"https:\/\/diariodominicano.com\/index.php?rest_route=\/wp\/v2\/posts\/249336","targetHints":{"allow":["GET"]}}],"collection":[{"href":"https:\/\/diariodominicano.com\/index.php?rest_route=\/wp\/v2\/posts"}],"about":[{"href":"https:\/\/diariodominicano.com\/index.php?rest_route=\/wp\/v2\/types\/post"}],"author":[{"embeddable":true,"href":"https:\/\/diariodominicano.com\/index.php?rest_route=\/wp\/v2\/users\/3"}],"replies":[{"embeddable":true,"href":"https:\/\/diariodominicano.com\/index.php?rest_route=%2Fwp%2Fv2%2Fcomments&post=249336"}],"version-history":[{"count":0,"href":"https:\/\/diariodominicano.com\/index.php?rest_route=\/wp\/v2\/posts\/249336\/revisions"}],"wp:attachment":[{"href":"https:\/\/diariodominicano.com\/index.php?rest_route=%2Fwp%2Fv2%2Fmedia&parent=249336"}],"wp:term":[{"taxonomy":"category","embeddable":true,"href":"https:\/\/diariodominicano.com\/index.php?rest_route=%2Fwp%2Fv2%2Fcategories&post=249336"},{"taxonomy":"post_tag","embeddable":true,"href":"https:\/\/diariodominicano.com\/index.php?rest_route=%2Fwp%2Fv2%2Ftags&post=249336"}],"curies":[{"name":"wp","href":"https:\/\/api.w.org\/{rel}","templated":true}]}}