{"id":249335,"date":"2016-07-18T11:37:14","date_gmt":"2016-07-18T11:37:14","guid":{"rendered":"http:\/\/diariodominicano.ddns.net\/?p=249335"},"modified":"2016-07-18T11:37:14","modified_gmt":"2016-07-18T11:37:14","slug":"continuan-las-purgas-masivas-en-turquia-bajo-la-mirada-inquieta-de-sus-aliados","status":"publish","type":"post","link":"https:\/\/diariodominicano.com\/?p=249335","title":{"rendered":"Contin\u00faan las purgas masivas en Turqu\u00eda bajo la mirada inquieta de sus aliados"},"content":{"rendered":"<p><body><\/p>\n<p><img decoding=\"async\" src=\"img3\/f084344b3c8c6b4b17bad0dd1b80eaf5b902734f.jpg\" \/><br \/><img decoding=\"async\" src=\"img3\/6bd544de3b25d16e2f45a5382145189f73a528ad.jpg\" \/><br \/><img decoding=\"async\" src=\"img3\/c4059346f0e812d10eedb6078ff1cd27650aad99.jpg\" \/>  <\/p>\n<\/p>\n<p><strong>AFP \/ Bulent Kilic<\/strong><\/p>\n<p><strong>Simpatizantes del presidente de Turqu\u00eda, Recep Tayyip Erdogan, en las calles para defender su permanencia en el poder, en Estambul el 16 de julio de 2016 tras el fallido golpe de Estado en su contra<\/strong><\/p>\n<p>La b\u00fasqueda de amotinados, ahora designados oficialmente como \u00abterroristas\u00bb, continuaba este lunes en Turqu\u00eda tras el golpe de estado fallido y pese a las advertencias de la comunidad internacional, preocupada por la magnitud de la ola de arrestos.<\/p>\n<p>M\u00e1s de 7.500 personas han sido detenidas en Turqu\u00eda desde el intento de golpe contra el presidente turco, Recep Tayyip Erdogan, del viernes, incluyendo 6.038 militares, 755 magistrados y 100 polic\u00edas, anunci\u00f3 este lunes el primer ministro, Binali Yildirim.<\/p>\n<p>Un total de 103 generales y almirantes turcos se encuentran detenidos y est\u00e1n siendo investigados por su eventual participaci\u00f3n en el intento de golpe de Estado del viernes, inform\u00f3 la agencia de prensa progubernamental Anadolu.<\/p>\n<p>Entre los detenidos de m\u00e1s alto rango figura el general Mehmet Disli y el general Akin Ozt\u00fcrk.<\/p>\n<p>La polic\u00eda antiterrorista realiz\u00f3 tambi\u00e9n una redada en la prestigiosa academia a\u00e9rea de Estambul, anunci\u00f3 Anadolu.<\/p>\n<p>El Gobierno turco despidi\u00f3 adem\u00e1s a casi 9.000 funcionarios del Ministerio del Interior y anul\u00f3 las vacaciones de todos los funcionarios del pa\u00eds hasta nuevo aviso, seg\u00fan un comunicado del ministerio.<\/p>\n<p>Las autoridades hicieron un llamamiento a todos los funcionarios que est\u00e1n de vacaciones a \u00abretomar sus labores lo antes posible\u00bb, reza el texto. El anuncio concierne a m\u00e1s de tres millones de personas.<\/p>\n<p>El balance de muertos de la intentona golpista subi\u00f3 el lunes a 308. El primer ministro anunci\u00f3 que 208 personas, incluyendo 145 civiles, 60 polic\u00edas y tres soldados, murieron oponi\u00e9ndose al golpe. Adem\u00e1s, m\u00e1s de 100 golpistas perdieron la vida.<\/p>\n<p>&#8211; Advertencias internacionales &#8211;<\/p>\n<\/p>\n<p>AFP \/ Bulent Kilic<\/p>\n<p>El presidente turco, Recep Tayyip Erdogan, en el funeral de una v\u00edctima del golpe de Estado fallido, en Estambul el 17 de julio de 2016<\/p>\n<p>Erdogan evoc\u00f3 el domingo por la noche en Estambul, frente a un multitud en delirio, la posibilidad de restablecer la pena de muerte en Turqu\u00eda.<\/p>\n<p>El intento de golpe de Estado no fue s\u00f3lo un \u00abcomplot p\u00e9rfido\u00bb sino \u00abuna campa\u00f1a terrorista\u00bb, afirm\u00f3 el ministerio de Exteriores en un comunicado.<\/p>\n<p>La Uni\u00f3n Europea (UE) y Estados Unidos exhortaron a Turqu\u00eda a que respete el estado de derecho en la investigaci\u00f3n del golpe, declar\u00f3 este lunes en Bruselas el secretario de Estado estadounidense, John Kerry.<\/p>\n<p>\u00abLlamamos firmemente al gobierno de Turqu\u00eda a mantener la calma y la estabilidad en el pa\u00eds\u00bb, declar\u00f3 Kerry. \u00abLlamamos tambi\u00e9n al gobierno de Turqu\u00eda a respetar las instituciones democr\u00e1ticas de la naci\u00f3n y el estado de derecho\u00bb, agreg\u00f3 tras reunirse con los ministros de Exteriores de la UE.<\/p>\n<p>Alemania denunci\u00f3 por su parte escenas de \u00abarbitrariedad y venganza\u00bb en Turqu\u00eda tras la intentona y dijo que si Ankara restablece la pena de muerte significar\u00eda el \u00abfin de las negociaciones de adhesi\u00f3n\u00bb a la Uni\u00f3n Europea.<\/p>\n<p>En un intento por calmar los \u00e1nimos, el primer ministro turco asegur\u00f3 que Turqu\u00eda har\u00e1 rendir cuentas por cada gota derramada\u00bb pero en el marco de la ley\u00bb.<\/p>\n<p>Sobre el restablecimiento de la pena de muerte, Yildirim precis\u00f3 que es \u00abun tema que debe ser analizado en detalle, debatido en el parlamento y que necesita un cambio constitucional\u00bb.<\/p>\n<p>\u00abNo es bueno tomar decisiones precipitadamente\u00bb, a\u00f1adi\u00f3, aunque recalc\u00f3 que \u00abno se puede ignorar un pedido del pueblo\u00bb.<\/p>\n<p>&#8211; &#8216;No desarmen&#8217; &#8211;<\/p>\n<p>Erdogan pidi\u00f3 a Estados Unidos la extradici\u00f3n del opositor im\u00e1n turco Feth\u00fcllah G\u00fclen, a quien acusa de estar detr\u00e1s de la intentona golpista, para ser juzgado.<\/p>\n<\/p>\n<p>AFP \/ Ozan Kose<\/p>\n<p>Polic\u00edas turcos detienen a un hombre en Estambul el 16 de julio de 2016, tras el fallido golpe de Estado contra el presidente del pa\u00eds, Recep Tayyip Erdogan<\/p>\n<p>Este predicador musulm\u00e1n, refugiado en Estados Unidos, desmiente estar implicado en los hechos violentos del viernes.<\/p>\n<p>Unos 1.800 miembros de las fuerzas especiales de la polic\u00eda fueron desplegados por la noche en varios lugares de riesgo, anunci\u00f3 la agencia Anadolou.<\/p>\n<p>\u00abEsto no ha terminado, no desarmen\u00bb, titulaba en portada el diario Hurriyet, citando los llamados de Erdogan a sus partidarios a que sigan movilizados.<\/p>\n<p>Siguiendo estos llamados, miles de personas se congregaron el domingo por la noche en las plazas Taksim y Kizilay, en Ankara.<\/p>\n<p>\u00abDurante el d\u00eda, iremos a trabajar. Por la noche, despu\u00e9s del trabajo, seguiremos nuestra vigilia\u00bb, dijo en Ankara el primer ministro turco.<\/p>\n<p>Los vuelos comerciales entre Turqu\u00eda y Estados Unidos segu\u00edan suspendidos este lunes, por tercer d\u00eda consecutivo.<\/p>\n<p>La lira turca recuperaba este lunes terreno despu\u00e9s de haber sufrido uno de sus peores desplomes. La divisa turca se negociaba por la ma\u00f1ana a 2,93 d\u00f3lares, en alza de 2,7% respecto a la apertura.<\/p>\n<p>La Bolsa de Estambul, cerrada cuando comenz\u00f3 el intento de golpe, abri\u00f3 por su parte con una ca\u00edda de 2,3%.<\/p>\n<h6> 2016-07-18 11:37:14 <\/h6>\n<p><!--\n<link rel=\"stylesheet\" href=\"css\/bootstrap.min.css\">\n\n\n<ul class=\"pagination\">\n\t    \n\t\n\n<li >\n\t<a href='?page_no=18979'>Previous<\/a>\n\t<\/li>\n\n\n       \n    \n\n<li><a href='?page_no=1'>1<\/a><\/li>\n\n\n\n<li><a href='?page_no=2'>2<\/a><\/li>\n\n\n\n<li><a>...<\/a><\/li>\n\n\n\n<li><a href='?page_no=18978'>18978<\/a><\/li>\n\n\n\n<li><a href='?page_no=18979'>18979<\/a><\/li>\n\n\n\n<li class='active'><a>18980<\/a><\/li>\n\n\n\n<li><a href='?page_no=18981'>18981<\/a><\/li>\n\n\n\n<li><a href='?page_no=18982'>18982<\/a><\/li>\n\n\n\n<li><a>...<\/a><\/li>\n\n\n\n<li><a href='?page_no=51012'>51012<\/a><\/li>\n\n\n\n<li><a href='?page_no=51013'>51013<\/a><\/li>\n\n    \n\t\n\n<li >\n\t<a href='?page_no=18981'>Next<\/a>\n\t<\/li>\n\n\n    \n\n<li><a href='?page_no=51013'>Last &rsaquo;&rsaquo;<\/a><\/li>\n\n<\/ul>\n\n\n--><br \/>\n<\/body><\/p>\n","protected":false},"excerpt":{"rendered":"<p>AFP \/ Bulent Kilic Simpatizantes del presidente de Turqu\u00eda, Recep Tayyip Erdogan, en las calles para defender su permanencia en el poder, en Estambul el 16 de julio de 2016 tras el fallido golpe de Estado en su contra La b\u00fasqueda de amotinados, ahora designados oficialmente como \u00abterroristas\u00bb, continuaba este lunes en Turqu\u00eda tras el [&hellip;]<\/p>\n","protected":false},"author":3,"featured_media":0,"comment_status":"open","ping_status":"open","sticky":false,"template":"","format":"standard","meta":{"footnotes":""},"categories":[23],"tags":[],"class_list":["post-249335","post","type-post","status-publish","format-standard","hentry","category-internacional"],"_links":{"self":[{"href":"https:\/\/diariodominicano.com\/index.php?rest_route=\/wp\/v2\/posts\/249335","targetHints":{"allow":["GET"]}}],"collection":[{"href":"https:\/\/diariodominicano.com\/index.php?rest_route=\/wp\/v2\/posts"}],"about":[{"href":"https:\/\/diariodominicano.com\/index.php?rest_route=\/wp\/v2\/types\/post"}],"author":[{"embeddable":true,"href":"https:\/\/diariodominicano.com\/index.php?rest_route=\/wp\/v2\/users\/3"}],"replies":[{"embeddable":true,"href":"https:\/\/diariodominicano.com\/index.php?rest_route=%2Fwp%2Fv2%2Fcomments&post=249335"}],"version-history":[{"count":0,"href":"https:\/\/diariodominicano.com\/index.php?rest_route=\/wp\/v2\/posts\/249335\/revisions"}],"wp:attachment":[{"href":"https:\/\/diariodominicano.com\/index.php?rest_route=%2Fwp%2Fv2%2Fmedia&parent=249335"}],"wp:term":[{"taxonomy":"category","embeddable":true,"href":"https:\/\/diariodominicano.com\/index.php?rest_route=%2Fwp%2Fv2%2Fcategories&post=249335"},{"taxonomy":"post_tag","embeddable":true,"href":"https:\/\/diariodominicano.com\/index.php?rest_route=%2Fwp%2Fv2%2Ftags&post=249335"}],"curies":[{"name":"wp","href":"https:\/\/api.w.org\/{rel}","templated":true}]}}